{"id":587064,"date":"2025-01-04T00:54:58","date_gmt":"2025-01-04T04:54:58","guid":{"rendered":"https:\/\/diariodominicano.com\/?p=587064"},"modified":"2025-01-04T00:56:19","modified_gmt":"2025-01-04T04:56:19","slug":"ecuador-inicia-2025-con-nuevo-estado-de-excepcion","status":"publish","type":"post","link":"https:\/\/diariodominicano.com\/?p=587064","title":{"rendered":"Ecuador inicia 2025 con nuevo estado de excepci\u00f3n"},"content":{"rendered":"\n<p>Familiares y amigos sepultan a cuatro menores de edad presuntamente asesinados por las fuerzas de seguridad de Ecuador, en Guayaquil, el 1 de enero de 2025.<\/p>\n\n\n\n<p>enero 03, 2025<\/p>\n\n\n\n<ul class=\"wp-block-list\">\n<li><a href=\"https:\/\/www.vozdeamerica.com\/author\/nestor-aguilera\/ovmyi\">N\u00e9stor Aguilera<\/a><\/li>\n<\/ul>\n\n\n\n<ul class=\"wp-block-list\">\n<li><a href=\"https:\/\/facebook.com\/sharer.php?u=https%3a%2f%2fwww.vozdeamerica.com%2fa%2fecuador-inicia-2025-con-nuevo-estado-de-excepcion-%2f7923826.html\" target=\"_blank\" rel=\"noreferrer noopener\"><\/a><\/li>\n\n\n\n<li><a href=\"https:\/\/twitter.com\/share?url=https%3a%2f%2fwww.vozdeamerica.com%2fa%2fecuador-inicia-2025-con-nuevo-estado-de-excepcion-%2f7923826.html&amp;text=Ecuador+inicia+2025+con+nuevo+estado+de+excepci%c3%b3n+\" target=\"_blank\" rel=\"noreferrer noopener\"><\/a><\/li>\n\n\n\n<li><\/li>\n\n\n\n<li><a href=\"mailto:?body=https%3a%2f%2fwww.vozdeamerica.com%2fa%2fecuador-inicia-2025-con-nuevo-estado-de-excepcion-%2f7923826.html&amp;subject=Ecuador%20inicia%202025%20con%20nuevo%20estado%20de%20excepci%C3%B3n\"><\/a><\/li>\n<\/ul>\n\n\n\n<p><a href=\"https:\/\/www.vozdeamerica.com\/a\/ecuador-inicia-2025-con-nuevo-estado-de-excepcion-\/7923826.html#comments\">&nbsp;Vea comentarios<\/a><\/p>\n\n\n\n<p>El gobierno de Daniel Noboa dispuso una extensi\u00f3n del estado de excepci\u00f3n en Ecuador para seguir enfrentando la amenaza del crimen organizado, pero hay dudas respecto a su efectividad<\/p>\n\n\n\n<p>QUITO \u2014&nbsp;<\/p>\n\n\n\n<p>A una semana de que se cumpla un a\u00f1o desde el inicio de un conflicto armado interno en el Ecuador, decretado por el presidente Daniel Noboa tras un incremento alarmante de la violencia, su gobierno emiti\u00f3 este 2 de enero un nuevo estado de excepci\u00f3n, que ampl\u00eda la cobertura de la medida.<\/p>\n\n\n\n<p>Ahora, adem\u00e1s de los territorios donde ya se ejecutaba -seis provincias y dos municipios- se suman otros dos: la provincia amaz\u00f3nica de Sucumb\u00edos, que limita con el departamento colombiano de Putumayo, en el sur de ese pa\u00eds, y el municipio de La Troncal, a unos 80 kil\u00f3metros del centro de Guayaquil.<\/p>\n\n\n\n<p>\u00bfQu\u00e9 llev\u00f3 al gobierno a insistir en un estado de excepci\u00f3n similar a otros decretados anteriormente? Algunos factores que se esgrimen en el extenso decreto ejecutivo 493 son \u201cgrave conmoci\u00f3n interna\u201d y que \u201ca\u00fan registran extrema violencia en dichas circunscripciones\u201d.<\/p>\n\n\n\n<p>Y esto lo respaldan las cifras: Si bien hasta el 12 de diciembre de 2024 se registraron un 16 % menos de homicidios intencionales en el pa\u00eds andino, delitos como las extorsiones y los secuestros se multiplicaron a lo largo y ancho del territorio, superando los 13.000 y 2.000, respectivamente, seg\u00fan cifras de la Polic\u00eda Nacional.<\/p>\n\n\n\n<p><video poster=\"https:\/\/gdb.voanews.com\/fb5ff2b0-a2b4-48d6-9b99-690b57f102d5_tv_w650_r1.jpg\" src=\"blob:https:\/\/www.vozdeamerica.com\/de608b63-bb54-4be5-800b-dda7ae6ecfe8\" height=\"381\" width=\"676\"><\/video><\/p>\n\n\n\n<h5 class=\"wp-block-heading\"><a href=\"https:\/\/www.vozdeamerica.com\/a\/ecuador-inicia-2025-con-nuevo-estado-de-excepcion-\/7907174.html\" target=\"_blank\" rel=\"noreferrer noopener\">Ecuador cierra un a\u00f1o violento, bajo la amenaza de secuestros y extorsiones<\/a><\/h5>\n\n\n\n<ul class=\"wp-block-list\">\n<li><a href=\"https:\/\/facebook.com\/sharer.php?u=https%3a%2f%2fwww.vozdeamerica.com%2fa%2f7907174.html\" target=\"_blank\" rel=\"noreferrer noopener\">Comparta en Facebook<\/a><\/li>\n\n\n\n<li><a href=\"https:\/\/twitter.com\/share?url=https%3a%2f%2fwww.vozdeamerica.com%2fa%2f7907174.html&amp;text=Ecuador+cierra+un+a%c3%b1o+violento%2c+bajo+la+amenaza+de+secuestros+y+extorsiones\" target=\"_blank\" rel=\"noreferrer noopener\">Comparta en Twitter<\/a><\/li>\n<\/ul>\n\n\n\n<hr class=\"wp-block-separator has-alpha-channel-opacity\"\/>\n\n\n\n<p><a href=\"https:\/\/www.vozdeamerica.com\/embed\/player\/Article\/7907174.html?type=video&amp;FullScreenMode=True\" target=\"_blank\" rel=\"noreferrer noopener\"><\/a><\/p>\n\n\n\n<p>&nbsp;Descargar&nbsp;<\/p>\n\n\n\n<p>M\u00e1s all\u00e1 de las cifras, los medios de comunicaci\u00f3n registran permanentemente hechos en los que los principales protagonistas son miembros de bandas criminales y v\u00edctimas de su accionar.<\/p>\n\n\n\n<p>De hecho, apenas comenz\u00f3 el nuevo a\u00f1o, se contabiliz\u00f3 la primera v\u00edctima mortal en Guayaquil, una joven de 22 a\u00f1os que fue atacada por delincuentes cuando circulaba en un auto por un sector popular. Lo parad\u00f3jico, de acuerdo con la versi\u00f3n de la prensa local, es que ella lleg\u00f3 a pasar las fiestas de fin de a\u00f1o junto a su novio, que es miembro de la polic\u00eda.<\/p>\n\n\n\n<p>Y justamente, la fuerza p\u00fablica es tambi\u00e9n v\u00edctima de la acci\u00f3n de las bandas criminales. El gobierno afirma que en el a\u00f1o que acaba de finalizar fueron asesinados 43 uniformados, 39 polic\u00edas y cuatro miembros de Fuerzas Armadas.<\/p>\n\n\n\n<p>\u00bfA qu\u00e9 lo faculta este nuevo decreto ejecutivo?<\/p>\n\n\n\n<p>Entre otras cosas, permite que durante 60 d\u00edas se suspenda el derecho a la inviolabilidad de domicilio. Esto, a su vez, facilitar\u00e1 \u201cla realizaci\u00f3n de inspecciones, allanamientos, y las requisas correspondientes por parte de las Fuerzas Armadas y la Polic\u00eda Nacional, conducentes a la ubicaci\u00f3n y registro de los lugares destinados a ocultarse de las personas pertenecientes a los grupos armados organizados\u201d.<\/p>\n\n\n\n<p><a href=\"https:\/\/www.vozdeamerica.com\/a\/despiden-a-menores-en-ecuador-que-estuvieron-23-dias-desaparecidos\/7921810.html\"><\/a><\/p>\n\n\n\n<p><a href=\"https:\/\/www.vozdeamerica.com\/a\/despiden-a-menores-en-ecuador-que-estuvieron-23-dias-desaparecidos\/7921810.html\">Tambi\u00e9n lea<\/a><\/p>\n\n\n\n<h4 class=\"wp-block-heading\"><a href=\"https:\/\/www.vozdeamerica.com\/a\/despiden-a-menores-en-ecuador-que-estuvieron-23-dias-desaparecidos\/7921810.html\">Despiden a menores en Ecuador que estuvieron 23 d\u00edas desaparecidos<\/a><\/h4>\n\n\n\n<p>Por otro lado, la medida permite que se suspenda el derecho a la \u201cinviolabilidad de correspondencia\u201d para la identificaci\u00f3n, an\u00e1lisis y recopilaci\u00f3n de mensajes, comunicaciones, cartas o misivas f\u00edsicas o electr\u00f3nicas que tengan por objeto el ocultamiento de cualquier miembro del grupo armado organizado.<\/p>\n\n\n\n<p>Adem\u00e1s, establece un toque de queda entre 10:00 de la noche y 5:00 de la ma\u00f1ana en 22 municipios y en una parroquia (jurisdicci\u00f3n territorial m\u00e1s peque\u00f1a).<\/p>\n\n\n\n<p>Finalmente, dispone que contin\u00fae la movilizaci\u00f3n de las Fuerzas Armadas y la Polic\u00eda en los territorios donde est\u00e1 vigente y en los centros de rehabilitaci\u00f3n social del pa\u00eds.<\/p>\n\n\n\n<p>Consultado por la&nbsp;<strong><em>Voz de Am\u00e9rica<\/em><\/strong>&nbsp;sobre esta medida, el constitucionalista Salim Zaid\u00e1n cuestion\u00f3 este viernes el car\u00e1cter reiterado de los estados de excepci\u00f3n y dijo que el gobierno argumenta causales que no se consuman: \u201cGrave conmoci\u00f3n interna y conflicto armado interno\u201d.<\/p>\n\n\n\n<p>No se cumplen los elementos que configuren el conflicto armado interno, seg\u00fan la jurisprudencia de la Corte Constitucional y el Derecho Internacional Humanitario, explic\u00f3 el acad\u00e9mico.<\/p>\n\n\n\n<p><a href=\"https:\/\/www.vozdeamerica.com\/a\/atentado-con-explosivos-en-sitio-donde-se-construye-una-megacarcel-en-ecuador-deja-un-muerto\/7914525.html\"><\/a><\/p>\n\n\n\n<p><a href=\"https:\/\/www.vozdeamerica.com\/a\/atentado-con-explosivos-en-sitio-donde-se-construye-una-megacarcel-en-ecuador-deja-un-muerto\/7914525.html\">Tambi\u00e9n lea<\/a><\/p>\n\n\n\n<h4 class=\"wp-block-heading\"><a href=\"https:\/\/www.vozdeamerica.com\/a\/atentado-con-explosivos-en-sitio-donde-se-construye-una-megacarcel-en-ecuador-deja-un-muerto\/7914525.html\">Atentado en sitio donde se construye una megac\u00e1rcel en Ecuador deja un muerto<\/a><\/h4>\n\n\n\n<p>Tambi\u00e9n expres\u00f3 que le llama la atenci\u00f3n que el gobierno presente entre sus logros el \u201ccontrol\u201d de las c\u00e1rceles, cuando eso no existe en la pr\u00e1ctica. Se\u00f1al\u00f3 que eso evidencia una contradicci\u00f3n con los fundamentos f\u00e1cticos que se se\u00f1alan en el documento.<\/p>\n\n\n\n<p>De su parte, la investigadora guayaquile\u00f1a de Crimen Organizado Internacional (COT) conflicto y violencia Michelle Maffei asever\u00f3 que normalmente los estados de emergencia son regulares en Latinoam\u00e9rica.<\/p>\n\n\n\n<p>Desde su punto de vista, los estados de excepci\u00f3n en Ecuador \u201cson prostituidos y lamentablemente no logran nada\u201d. Se\u00f1al\u00f3, adem\u00e1s, que \u201clas estructuras pol\u00edticas, financieras y la corrupci\u00f3n -que son el motor del crimen organizado y de la violencia- no cambian\u201d.<\/p>\n\n\n\n<p>A\u00f1adi\u00f3 que si bien en El Salvador existe un enfoque militarista, con el Centro de Confinamiento del Terrorismo, CECOT, se implementaron programas con enfoque social, lo que no ocurre en el pa\u00eds sudamericano.<\/p>\n\n\n\n<p>El nuevo estado de excepci\u00f3n se cumple en medio de reiteradas cr\u00edticas al presidente ecuatoriano y su gobierno, tras la localizaci\u00f3n e identificaci\u00f3n de los cuerpos calcinados de cuatro menores de edad, luego de haber permanecido desaparecidos durante tres semanas.<\/p>\n\n\n\n<p>Detr\u00e1s de este hecho, se investiga a 16 integrantes de las Fuerzas Armadas que participaron en la detenci\u00f3n, durante un operativo en una zona popular de Guayaquil.<\/p>\n\n\n\n<p>El sepelio de los j\u00f3venes, cuyos cuerpos se localizaron cerca de una base de la Fuerza A\u00e9rea, se cumpli\u00f3 este 1 de enero, en medio de la indignaci\u00f3n colectiva, frente a lo que se considera una extralimitaci\u00f3n en el uso de la fuerza.<\/p>\n","protected":false},"excerpt":{"rendered":"<p>Familiares y amigos sepultan a cuatro menores de edad presuntamente asesinados por las fuerzas de seguridad de Ecuador, en Guayaquil, el 1 de enero de 2025. enero 03, 2025 &nbsp;Vea comentarios El gobierno de Daniel Noboa dispuso una extensi\u00f3n del estado de excepci\u00f3n en Ecuador para seguir enfrentando la amenaza del crimen organizado, pero hay [&hellip;]<\/p>\n","protected":false},"author":28,"featured_media":587065,"comment_status":"closed","ping_status":"closed","sticky":true,"template":"","format":"standard","meta":{"footnotes":""},"categories":[23],"tags":[],"class_list":["post-587064","post","type-post","status-publish","format-standard","has-post-thumbnail","hentry","category-internacional"],"_links":{"self":[{"href":"https:\/\/diariodominicano.com\/index.php?rest_route=\/wp\/v2\/posts\/587064","targetHints":{"allow":["GET"]}}],"collection":[{"href":"https:\/\/diariodominicano.com\/index.php?rest_route=\/wp\/v2\/posts"}],"about":[{"href":"https:\/\/diariodominicano.com\/index.php?rest_route=\/wp\/v2\/types\/post"}],"author":[{"embeddable":true,"href":"https:\/\/diariodominicano.com\/index.php?rest_route=\/wp\/v2\/users\/28"}],"replies":[{"embeddable":true,"href":"https:\/\/diariodominicano.com\/index.php?rest_route=%2Fwp%2Fv2%2Fcomments&post=587064"}],"version-history":[{"count":2,"href":"https:\/\/diariodominicano.com\/index.php?rest_route=\/wp\/v2\/posts\/587064\/revisions"}],"predecessor-version":[{"id":587068,"href":"https:\/\/diariodominicano.com\/index.php?rest_route=\/wp\/v2\/posts\/587064\/revisions\/587068"}],"wp:featuredmedia":[{"embeddable":true,"href":"https:\/\/diariodominicano.com\/index.php?rest_route=\/wp\/v2\/media\/587065"}],"wp:attachment":[{"href":"https:\/\/diariodominicano.com\/index.php?rest_route=%2Fwp%2Fv2%2Fmedia&parent=587064"}],"wp:term":[{"taxonomy":"category","embeddable":true,"href":"https:\/\/diariodominicano.com\/index.php?rest_route=%2Fwp%2Fv2%2Fcategories&post=587064"},{"taxonomy":"post_tag","embeddable":true,"href":"https:\/\/diariodominicano.com\/index.php?rest_route=%2Fwp%2Fv2%2Ftags&post=587064"}],"curies":[{"name":"wp","href":"https:\/\/api.w.org\/{rel}","templated":true}]}}