{"id":587060,"date":"2025-01-04T00:51:48","date_gmt":"2025-01-04T04:51:48","guid":{"rendered":"https:\/\/diariodominicano.com\/?p=587060"},"modified":"2025-01-04T00:52:28","modified_gmt":"2025-01-04T04:52:28","slug":"trump-nomina-como-embajador-en-espana-al-empresario-de-origen-cubano-benjamin-leon-jr","status":"publish","type":"post","link":"https:\/\/diariodominicano.com\/?p=587060","title":{"rendered":"Trump nomina como embajador en Espa\u00f1a al empresario de origen cubano Benjam\u00edn Le\u00f3n Jr."},"content":{"rendered":"\n<p>ARCHIVO &#8211; El presidente electo Donald Trump habla en el AmericaFest, el domingo 22 de diciembre de 2024, en Phoenix. (Foto AP\/Rick Scuteri)<\/p>\n\n\n\n<p>enero 03, 2025<\/p>\n\n\n\n<ul class=\"wp-block-list\">\n<li><a href=\"https:\/\/www.vozdeamerica.com\/author\/voz-de-america-redaccion\/p_kym\">Voz de Am\u00e9rica &#8211; Redacci\u00f3n<\/a><\/li>\n<\/ul>\n\n\n\n<p><\/p>\n\n\n\n<ul class=\"wp-block-list\">\n<li><a href=\"https:\/\/facebook.com\/sharer.php?u=https%3a%2f%2fwww.vozdeamerica.com%2fa%2ftrump-nomina-embajador-espana-al-empresario-origen-cubano-benjamin-leon-jr-%2f7923332.html\" target=\"_blank\" rel=\"noreferrer noopener\"><\/a><\/li>\n\n\n\n<li><a href=\"https:\/\/twitter.com\/share?url=https%3a%2f%2fwww.vozdeamerica.com%2fa%2ftrump-nomina-embajador-espana-al-empresario-origen-cubano-benjamin-leon-jr-%2f7923332.html&amp;text=Trump+nomina+como+embajador+en+Espa%c3%b1a+al+empresario+de+origen+cubano+Benjam%c3%adn+Le%c3%b3n+Jr.+\" target=\"_blank\" rel=\"noreferrer noopener\"><\/a><\/li>\n\n\n\n<li><\/li>\n\n\n\n<li><a href=\"mailto:?body=https%3a%2f%2fwww.vozdeamerica.com%2fa%2ftrump-nomina-embajador-espana-al-empresario-origen-cubano-benjamin-leon-jr-%2f7923332.html&amp;subject=Trump%20nomina%20como%20embajador%20en%20Espa%C3%B1a%20al%20empresario%20de%20origen%20cubano%20Benjam%C3%ADn%20Le%C3%B3n%20Jr.\"><\/a><\/li>\n<\/ul>\n\n\n\n<p><a href=\"https:\/\/www.vozdeamerica.com\/a\/trump-nomina-embajador-espana-al-empresario-origen-cubano-benjamin-leon-jr-\/7923332.html#comments\">&nbsp;Vea comentarios<\/a><\/p>\n\n\n\n<p>El empresario cubano estadounidense Benjam\u00edn Le\u00f3n Jr., ha sido escogido por el presidente electo Donald Trump como embajador en Espa\u00f1a en su nuevo gabinete.<\/p>\n\n\n\n<p>El presidente electo de Estados Unidos, Donald Trump, ha nominado al empresario Benjam\u00edn Le\u00f3n Jr., nacido en Cuba, como pr\u00f3ximo embajador en Espa\u00f1a.<\/p>\n\n\n\n<p>\u00abVino a Estados Unidos desde la Cuba comunista cuando ten\u00eda 16 a\u00f1os, con s\u00f3lo cinco d\u00f3lares en el bolsillo, y logr\u00f3 convertir su empresa, Leon Medical Centers, en un incre\u00edble negocio\u00bb, indic\u00f3 el jueves Trump en su red True Social.<\/p>\n\n\n\n<p><a href=\"https:\/\/www.vozdeamerica.com\/a\/los-elegidos-para-ocupar-puestos-en-el-segundo-gabinete-de-trump-\/7889759.html\"><\/a><\/p>\n\n\n\n<p><a href=\"https:\/\/www.vozdeamerica.com\/a\/los-elegidos-para-ocupar-puestos-en-el-segundo-gabinete-de-trump-\/7889759.html\">Tambi\u00e9n lea<\/a><\/p>\n\n\n\n<h4 class=\"wp-block-heading\"><a href=\"https:\/\/www.vozdeamerica.com\/a\/los-elegidos-para-ocupar-puestos-en-el-segundo-gabinete-de-trump-\/7889759.html\">\u00bfQui\u00e9nes son los elegidos para ocupar puestos en el gabinete de la segunda presidencia de Trump?<\/a><\/h4>\n\n\n\n<p>Tambi\u00e9n elogi\u00f3 su labor filantr\u00f3pica vinculada al \u00e1mbito sanitario. \u201cHa ayudado a apoyar muchas causas valiosas, como La Liga Contra el C\u00e1ncer y la importante investigaci\u00f3n m\u00e9dica en Johns Hopkins y el Instituto Oncol\u00f3gico Dana-Farber\u201d.<\/p>\n\n\n\n<p>El presidente electo, quien asumir\u00e1 el cargo el 20 de enero, record\u00f3 tambi\u00e9n las aportaciones de Le\u00f3n Jr. en la Escuela de Enfermer\u00eda Benjam\u00edn Le\u00f3n Jr. del Miami-Dade College y el Centro Benjam\u00edn Le\u00f3n para Investigaci\u00f3n Geri\u00e1trica y Educaci\u00f3n en el Colegio de Medicina Herbert Wertheim de la Universidad Internacional de la Florida (FIU).<\/p>\n\n\n\n<p>Le\u00f3n Jr. debe recibir la aprobaci\u00f3n del Senado.<\/p>\n\n\n\n<p>Recientemente, el presidente electo nomin\u00f3 al comisionado del condado de Miami-Dade en Florida, Kevin Marino Cabrera, al diplom\u00e1tico Ron Johnson, el abogado Dan Newlin y al m\u00e9dico Peter Lamelas como sus nuevos embajadores en Panam\u00e1, M\u00e9xico, Colombia y Argentina, respectivamente.<\/p>\n\n\n\n<p>Tambi\u00e9n anunci\u00f3 su intenci\u00f3n de enviar al empresario Lou Rinaldi como jefe de misi\u00f3n en Uruguay y a la presentadora Leah Francis Campos como l\u00edder diplom\u00e1tica en Rep\u00fablica Dominicana.<\/p>\n","protected":false},"excerpt":{"rendered":"<p>ARCHIVO &#8211; El presidente electo Donald Trump habla en el AmericaFest, el domingo 22 de diciembre de 2024, en Phoenix. (Foto AP\/Rick Scuteri) enero 03, 2025 &nbsp;Vea comentarios El empresario cubano estadounidense Benjam\u00edn Le\u00f3n Jr., ha sido escogido por el presidente electo Donald Trump como embajador en Espa\u00f1a en su nuevo gabinete. El presidente electo [&hellip;]<\/p>\n","protected":false},"author":28,"featured_media":587061,"comment_status":"closed","ping_status":"closed","sticky":true,"template":"","format":"standard","meta":{"footnotes":""},"categories":[36,23],"tags":[],"class_list":["post-587060","post","type-post","status-publish","format-standard","has-post-thumbnail","hentry","category-hombresmujeresycosas","category-internacional"],"_links":{"self":[{"href":"https:\/\/diariodominicano.com\/index.php?rest_route=\/wp\/v2\/posts\/587060","targetHints":{"allow":["GET"]}}],"collection":[{"href":"https:\/\/diariodominicano.com\/index.php?rest_route=\/wp\/v2\/posts"}],"about":[{"href":"https:\/\/diariodominicano.com\/index.php?rest_route=\/wp\/v2\/types\/post"}],"author":[{"embeddable":true,"href":"https:\/\/diariodominicano.com\/index.php?rest_route=\/wp\/v2\/users\/28"}],"replies":[{"embeddable":true,"href":"https:\/\/diariodominicano.com\/index.php?rest_route=%2Fwp%2Fv2%2Fcomments&post=587060"}],"version-history":[{"count":2,"href":"https:\/\/diariodominicano.com\/index.php?rest_route=\/wp\/v2\/posts\/587060\/revisions"}],"predecessor-version":[{"id":587063,"href":"https:\/\/diariodominicano.com\/index.php?rest_route=\/wp\/v2\/posts\/587060\/revisions\/587063"}],"wp:featuredmedia":[{"embeddable":true,"href":"https:\/\/diariodominicano.com\/index.php?rest_route=\/wp\/v2\/media\/587061"}],"wp:attachment":[{"href":"https:\/\/diariodominicano.com\/index.php?rest_route=%2Fwp%2Fv2%2Fmedia&parent=587060"}],"wp:term":[{"taxonomy":"category","embeddable":true,"href":"https:\/\/diariodominicano.com\/index.php?rest_route=%2Fwp%2Fv2%2Fcategories&post=587060"},{"taxonomy":"post_tag","embeddable":true,"href":"https:\/\/diariodominicano.com\/index.php?rest_route=%2Fwp%2Fv2%2Ftags&post=587060"}],"curies":[{"name":"wp","href":"https:\/\/api.w.org\/{rel}","templated":true}]}}