{"id":587026,"date":"2025-01-03T23:48:58","date_gmt":"2025-01-04T03:48:58","guid":{"rendered":"https:\/\/diariodominicano.com\/?p=587026"},"modified":"2025-01-03T23:49:01","modified_gmt":"2025-01-04T03:49:01","slug":"alcaldia-de-santiago-informa-plazo-para-renovar-franjas-vence-el-15-de-enero","status":"publish","type":"post","link":"https:\/\/diariodominicano.com\/?p=587026","title":{"rendered":"Alcald\u00eda de Santiago informa plazo para renovar franjas vence el 15 de enero"},"content":{"rendered":"\n<p>Santiago de los Caballeros,- La Alcald\u00eda de Santiago, a trav\u00e9s de su Direcci\u00f3n de Tr\u00e1nsito y Movilidad Urbana, inform\u00f3 a los transportistas urbanos del municipio  la fecha l\u00edmite para la renovaci\u00f3n de franjas del transporte p\u00fablico, establecida hasta el 15 de enero de 2025.<\/p>\n\n\n\n<p>En un comunicado de prensa se\u00f1al\u00f3\u2002que Esta medida, respaldada por la resoluci\u00f3n 3212-18 del Concejo de Regidores, reafirma el compromiso de la administraci\u00f3n local con el orden y la mejora del sistema de transporte, promoviendo un servicio m\u00e1s seguro y eficiente para todos los ciudadanos.<\/p>\n\n\n\n<p>La Direcci\u00f3n de Tr\u00e1nsito insta a los transportistas a cumplir con estas normativas y a realizar los pagos correspondientes dentro del plazo establecido, evitando as\u00ed posibles sanciones.<\/p>\n\n\n\n<p>Direcci\u00f3n de Comunicaciones Ayuntamiento Santiago<\/p>\n\n\n\n<p><a target=\"_blank\" href=\"mailto:comunicaciones@ayuntamientosantiago.gob.do\" rel=\"noreferrer noopener\">comunicaciones@ayuntamientosantiago.gob.do<\/a><\/p>\n\n\n\n<p><\/p>\n\n\n\n<p><strong>Direcci\u00f3n de Comunicaci\u00f3n y Prensa del Ayuntamiento de Santiago<\/strong><\/p>\n\n\n\n<p><strong>Jueves 2 de enero 2025<\/strong><\/p>\n\n\n\n<p>#Alcald\u00eda de Santiago\u2003\u2003\u2003\u2003#renovar franjas <\/p>\n","protected":false},"excerpt":{"rendered":"<p>Santiago de los Caballeros,- La Alcald\u00eda de Santiago, a trav\u00e9s de su Direcci\u00f3n de Tr\u00e1nsito y Movilidad Urbana, inform\u00f3 a los transportistas urbanos del municipio la fecha l\u00edmite para la renovaci\u00f3n de franjas del transporte p\u00fablico, establecida hasta el 15 de enero de 2025. En un comunicado de prensa se\u00f1al\u00f3\u2002que Esta medida, respaldada por la [&hellip;]<\/p>\n","protected":false},"author":28,"featured_media":587027,"comment_status":"closed","ping_status":"closed","sticky":true,"template":"","format":"standard","meta":{"footnotes":""},"categories":[18],"tags":[],"class_list":["post-587026","post","type-post","status-publish","format-standard","has-post-thumbnail","hentry","category-economia"],"_links":{"self":[{"href":"https:\/\/diariodominicano.com\/index.php?rest_route=\/wp\/v2\/posts\/587026","targetHints":{"allow":["GET"]}}],"collection":[{"href":"https:\/\/diariodominicano.com\/index.php?rest_route=\/wp\/v2\/posts"}],"about":[{"href":"https:\/\/diariodominicano.com\/index.php?rest_route=\/wp\/v2\/types\/post"}],"author":[{"embeddable":true,"href":"https:\/\/diariodominicano.com\/index.php?rest_route=\/wp\/v2\/users\/28"}],"replies":[{"embeddable":true,"href":"https:\/\/diariodominicano.com\/index.php?rest_route=%2Fwp%2Fv2%2Fcomments&post=587026"}],"version-history":[{"count":1,"href":"https:\/\/diariodominicano.com\/index.php?rest_route=\/wp\/v2\/posts\/587026\/revisions"}],"predecessor-version":[{"id":587028,"href":"https:\/\/diariodominicano.com\/index.php?rest_route=\/wp\/v2\/posts\/587026\/revisions\/587028"}],"wp:featuredmedia":[{"embeddable":true,"href":"https:\/\/diariodominicano.com\/index.php?rest_route=\/wp\/v2\/media\/587027"}],"wp:attachment":[{"href":"https:\/\/diariodominicano.com\/index.php?rest_route=%2Fwp%2Fv2%2Fmedia&parent=587026"}],"wp:term":[{"taxonomy":"category","embeddable":true,"href":"https:\/\/diariodominicano.com\/index.php?rest_route=%2Fwp%2Fv2%2Fcategories&post=587026"},{"taxonomy":"post_tag","embeddable":true,"href":"https:\/\/diariodominicano.com\/index.php?rest_route=%2Fwp%2Fv2%2Ftags&post=587026"}],"curies":[{"name":"wp","href":"https:\/\/api.w.org\/{rel}","templated":true}]}}