{"id":586993,"date":"2025-01-03T22:47:30","date_gmt":"2025-01-04T02:47:30","guid":{"rendered":"https:\/\/diariodominicano.com\/?p=586993"},"modified":"2025-01-03T22:59:03","modified_gmt":"2025-01-04T02:59:03","slug":"empresario-pide-eliminar-cesantia-y-sustituirla-por-incentivos-salariales-y-de-seguridad-social-para-trabajadores","status":"publish","type":"post","link":"https:\/\/diariodominicano.com\/?p=586993","title":{"rendered":"Empresario pide eliminar cesant\u00eda y\u00a0sustituirla por\u00a0incentivos\u00a0salariales y de seguridad social\u00a0para\u00a0trabajadores"},"content":{"rendered":"\n<p>Aspecto del p\u00fablico que asisti\u00f3 el pasado 26 de diciembre, a la puesta en circulaci\u00f3n del libro Los Laberintos &nbsp;de los emprendedores y las relaciones laborales, de Lorenzo G\u00f3mez Mar\u00edn.<\/p>\n\n\n\n<p>Lorenzo G\u00f3mez Mar\u00edn en su libro Los Laberintos de los emprendedores y las relaciones laborales, establece que la cesant\u00eda es un arma que atenta contra el empresario y los empleados y obreros.<\/p>\n\n\n\n<figure class=\"wp-block-image size-large\"><img loading=\"lazy\" decoding=\"async\" width=\"1024\" height=\"461\" src=\"https:\/\/diariodominicano.com\/wp-content\/uploads\/2025\/01\/Presentacion-del-libro-Los-Laberentos-de-los-emprendedores-1024x461.jpg\" alt=\"\" class=\"wp-image-586996\" srcset=\"https:\/\/diariodominicano.com\/wp-content\/uploads\/2025\/01\/Presentacion-del-libro-Los-Laberentos-de-los-emprendedores-1024x461.jpg 1024w, https:\/\/diariodominicano.com\/wp-content\/uploads\/2025\/01\/Presentacion-del-libro-Los-Laberentos-de-los-emprendedores-300x135.jpg 300w, https:\/\/diariodominicano.com\/wp-content\/uploads\/2025\/01\/Presentacion-del-libro-Los-Laberentos-de-los-emprendedores-768x346.jpg 768w, https:\/\/diariodominicano.com\/wp-content\/uploads\/2025\/01\/Presentacion-del-libro-Los-Laberentos-de-los-emprendedores-816x367.jpg 816w, https:\/\/diariodominicano.com\/wp-content\/uploads\/2025\/01\/Presentacion-del-libro-Los-Laberentos-de-los-emprendedores.jpg 1448w\" sizes=\"auto, (max-width: 1024px) 100vw, 1024px\" \/><\/figure>\n\n\n\n<p>Lorenzo G\u00f3mez Mar\u00edn, habla en la puesta en circulaci\u00f3n del libro Los laberintos de los emprendedores y las relaciones laborales.<\/p>\n\n\n\n<p>Servicios de prensa<\/p>\n\n\n\n<p>Un empresario y escritor plantea la eliminaci\u00f3n de la cesant\u00eda al considerarla como una espada de doble filo que atenta contra los empleadores y emprendedores y contra quienes conforman sus equipos de trabajo.<\/p>\n\n\n\n<p>Lorenzo G\u00f3mez Mar\u00edn, en su libro presentado el pasado 26 de diciembre en el sal\u00f3n de actos de su empresa Logomarca, Los laberintos de los emprendedores y las relaciones laborales, indica que la cesant\u00eda afecta negativamente el PBI tanto del pa\u00eds como de la empresa y \u201cnadie lo advierte\u201d.<\/p>\n\n\n\n<p>\u201cSi usted es empleador, la cesant\u00eda es su espada de Damocles (1) y lo sabe; s es empleado, es lo mismo, pero no lo sabe\u201d, dice G\u00f3mez Mar\u00edn en la p\u00e1gina 102 en el cap\u00edtulo titulado La cesant\u00eda: dif\u00edcil negociaci\u00f3n.<\/p>\n\n\n\n<p>Al exponer las dificultades de la cesant\u00eda, G\u00f3mez Mar\u00edn establece en su libro: \u201cLa cesant\u00eda limita la penetraci\u00f3n salarial, pues hay que pensar en la reserva para cubrir el pasivo; en ocasiones (la cesant\u00eda\u2026) estanca al empleado &nbsp;y hasta puede pervertirlo; reduce la capacidad de acci\u00f3n de la empresa e impide una mejora salarial\u201d.<\/p>\n\n\n\n<figure class=\"wp-block-image size-large\"><img loading=\"lazy\" decoding=\"async\" width=\"461\" height=\"1024\" src=\"https:\/\/diariodominicano.com\/wp-content\/uploads\/2025\/01\/Portada-del-libro-Los-laberintos-de-los-emprendedores-y-las-relaciones-laborales-461x1024.jpg\" alt=\"\" class=\"wp-image-586998\" srcset=\"https:\/\/diariodominicano.com\/wp-content\/uploads\/2025\/01\/Portada-del-libro-Los-laberintos-de-los-emprendedores-y-las-relaciones-laborales-461x1024.jpg 461w, https:\/\/diariodominicano.com\/wp-content\/uploads\/2025\/01\/Portada-del-libro-Los-laberintos-de-los-emprendedores-y-las-relaciones-laborales-135x300.jpg 135w, https:\/\/diariodominicano.com\/wp-content\/uploads\/2025\/01\/Portada-del-libro-Los-laberintos-de-los-emprendedores-y-las-relaciones-laborales.jpg 652w\" sizes=\"auto, (max-width: 461px) 100vw, 461px\" \/><\/figure>\n\n\n\n<p>&nbsp;<em>La espada de Damocles es una&nbsp;met\u00e1fora que se utiliza para referir&nbsp; un peligro inminente o una amenaza constante.&nbsp; &nbsp;La expresi\u00f3n hace referencia a la historia de Damocles, un cortesano del tirano Dionisio II  de Sicilia en el siglo IV a.C.<\/em><\/p>\n\n\n\n<p>Indica que la cesant\u00eda produce una din\u00e1mica t\u00f3xica entre empleador y empleado, al ser un agente activo de ineficacia que corroe la eficiencia de empresa y empleado, que no rinde pero que tampoco se va y alega que el empleador no lo desahucia para no pagar cesant\u00eda y se crea un infierno entre ambos.<\/p>\n\n\n\n<p>Alternativas a la cesant\u00eda<\/p>\n\n\n\n<p>G\u00f3mez Mar\u00edn plantea que se establezca un aumento al salario m\u00ednimo, con lo que considera que se mejora tambi\u00e9n el rendimiento laboral, y crear un fondo fiduciario sin riesgo de que se pierda en manos de instituciones corruptas para cubrir periodos de postdesempleo&nbsp;y ofrecer garant\u00eda de calidad de vida &nbsp;cuando no se tenga trabajo.<\/p>\n\n\n\n<p>Explica&nbsp;que los fondos de ese programa provendr\u00edan de un prop\u00f3sito mancomunado en el que el empleador, empleado y Seguridad Social, ser\u00edan los aportadores.<\/p>\n\n\n\n<p>Tambi\u00e9n plantea que se establezca una garant\u00eda de indexaci\u00f3n a cada nivel salarial seg\u00fan afecte la inflaci\u00f3n y que se aumente la participaci\u00f3n de los empleados en los beneficios de la empresa.<\/p>\n\n\n\n<p>El libro de G\u00f3mez Mar\u00edn est\u00e1 de venta en Logomarca, con oficina central en la Avenida R\u00f3mulo Betancourt, casi esquina Avenida Winston Churchill y a partir de este mes de febrero, en Cuesta Libros.<\/p>\n\n\n\n<p>Jose Rafael Paula Sosa<\/p>\n\n\n\n<p>Jose Rafael Paula Sosa ()<\/p>\n\n\n\n<p><a target=\"_blank\" href=\"mailto:joserafael.sosa@gmail.com\" rel=\"noreferrer noopener\">joserafael.sosa@gmail.com<\/a><\/p>\n\n\n\n<p>De tus contactos de Google<\/p>\n\n\n\n<p>#Lorenzo G\u00f3mez Mar\u00edn\u2003\u2003\u2003\u2002#cesant\u00eda <\/p>\n","protected":false},"excerpt":{"rendered":"<p>Aspecto del p\u00fablico que asisti\u00f3 el pasado 26 de diciembre, a la puesta en circulaci\u00f3n del libro Los Laberintos &nbsp;de los emprendedores y las relaciones laborales, de Lorenzo G\u00f3mez Mar\u00edn. Lorenzo G\u00f3mez Mar\u00edn en su libro Los Laberintos de los emprendedores y las relaciones laborales, establece que la cesant\u00eda es un arma que atenta contra [&hellip;]<\/p>\n","protected":false},"author":28,"featured_media":586994,"comment_status":"closed","ping_status":"closed","sticky":true,"template":"","format":"standard","meta":{"footnotes":""},"categories":[36,18],"tags":[],"class_list":["post-586993","post","type-post","status-publish","format-standard","has-post-thumbnail","hentry","category-hombresmujeresycosas","category-economia"],"_links":{"self":[{"href":"https:\/\/diariodominicano.com\/index.php?rest_route=\/wp\/v2\/posts\/586993","targetHints":{"allow":["GET"]}}],"collection":[{"href":"https:\/\/diariodominicano.com\/index.php?rest_route=\/wp\/v2\/posts"}],"about":[{"href":"https:\/\/diariodominicano.com\/index.php?rest_route=\/wp\/v2\/types\/post"}],"author":[{"embeddable":true,"href":"https:\/\/diariodominicano.com\/index.php?rest_route=\/wp\/v2\/users\/28"}],"replies":[{"embeddable":true,"href":"https:\/\/diariodominicano.com\/index.php?rest_route=%2Fwp%2Fv2%2Fcomments&post=586993"}],"version-history":[{"count":3,"href":"https:\/\/diariodominicano.com\/index.php?rest_route=\/wp\/v2\/posts\/586993\/revisions"}],"predecessor-version":[{"id":587001,"href":"https:\/\/diariodominicano.com\/index.php?rest_route=\/wp\/v2\/posts\/586993\/revisions\/587001"}],"wp:featuredmedia":[{"embeddable":true,"href":"https:\/\/diariodominicano.com\/index.php?rest_route=\/wp\/v2\/media\/586994"}],"wp:attachment":[{"href":"https:\/\/diariodominicano.com\/index.php?rest_route=%2Fwp%2Fv2%2Fmedia&parent=586993"}],"wp:term":[{"taxonomy":"category","embeddable":true,"href":"https:\/\/diariodominicano.com\/index.php?rest_route=%2Fwp%2Fv2%2Fcategories&post=586993"},{"taxonomy":"post_tag","embeddable":true,"href":"https:\/\/diariodominicano.com\/index.php?rest_route=%2Fwp%2Fv2%2Ftags&post=586993"}],"curies":[{"name":"wp","href":"https:\/\/api.w.org\/{rel}","templated":true}]}}