{"id":586893,"date":"2025-01-03T13:14:12","date_gmt":"2025-01-03T17:14:12","guid":{"rendered":"https:\/\/diariodominicano.com\/?p=586893"},"modified":"2025-01-03T13:14:17","modified_gmt":"2025-01-03T17:14:17","slug":"muere-en-miami-yndamiro-restano-pionero-del-periodismo-independiente-en-cuba","status":"publish","type":"post","link":"https:\/\/diariodominicano.com\/?p=586893","title":{"rendered":"Muere en Miami Yndamiro Restano, pionero del periodismo independiente en Cuba"},"content":{"rendered":"\n<p>El periodista Yndamiro Restano durante una intervenci\u00f3n en una emisora radial de Miami.\u00a0\/\u00a0Cubaencuentro<\/p>\n\n\n\n<h2 class=\"wp-block-heading\">Obituario<\/h2>\n\n\n\n<h2 class=\"wp-block-heading\">Voz pol\u00e9mica dentro y fuera de la Isla, falleci\u00f3 este jueves a los 76 a\u00f1os<\/h2>\n\n\n\n<h2 class=\"wp-block-heading\">02 de enero 2025 &#8211; <\/h2>\n\n\n\n<p>Para poder guardar como favorito, primero has de iniciar sesi\u00f3n con tu cuenta de 14ymedio. Iniciar sesi\u00f3n<\/p>\n\n\n\n<ul class=\"wp-block-list\">\n<li><a href=\"https:\/\/www.facebook.com\/sharer\/sharer.php?u=https%3A%2F%2Fwww.14ymedio.com%2Fcuba%2Fmuere-miami-yndamiro-restano-pionero_1_1109829.html&amp;quote=Voz%20pol%C3%A9mica%20dentro%20y%20fuera%20de%20la%20Isla%2C%20falleci%C3%B3%20este%20jueves%20a%20los%2076%20a%C3%B1os&amp;display=page\" target=\"_blank\" rel=\"noreferrer noopener\"><\/a><\/li>\n\n\n\n<li><a href=\"https:\/\/twitter.com\/intent\/tweet?text=Muere%20en%20Miami%20Yndamiro%20Restano%2C%20pionero%20del%20periodismo%20independiente%20en%20Cuba%20https%3A%2F%2Fwww.14ymedio.com%2Fcuba%2Fmuere-miami-yndamiro-restano-pionero_1_1109829.html%20via%20@14ymedio\" target=\"_blank\" rel=\"noreferrer noopener\"><\/a><\/li>\n\n\n\n<li><a href=\"https:\/\/api.whatsapp.com\/send?text=Muere%20en%20Miami%20Yndamiro%20Restano%2C%20pionero%20del%20periodismo%20independiente%20en%20Cuba%20https%3A%2F%2Fwww.14ymedio.com%2Fcuba%2Fmuere-miami-yndamiro-restano-pionero_1_1109829.html\" target=\"_blank\" rel=\"noreferrer noopener\"><\/a><\/li>\n\n\n\n<li><\/li>\n<\/ul>\n\n\n\n<p>La Habana\/El periodista Yndamiro Restano D\u00edaz, uno de los pioneros de la prensa independiente en Cuba, muri\u00f3 este jueves en Miami a los 76 a\u00f1os. Voz pol\u00e9mica dentro y fuera de la Isla, y siempre en la mira de la Seguridad del Estado, su estado de salud se hab\u00eda deteriorado en los \u00faltimos meses, seg\u00fan&nbsp;<em>El Vig\u00eda de Cuba<\/em>, que&nbsp;<a href=\"https:\/\/elvigiadecuba.com\/index.php\/2025\/01\/02\/fallecio-periodista-cubano-yndamiro-restano\/\" target=\"_blank\" rel=\"noreferrer noopener\">report\u00f3 el deceso<\/a>.&nbsp;<\/p>\n\n\n\n<p>Su familia no inform\u00f3 la causa de la muerte, dijo el medio, que aludi\u00f3 no obstante a \u201cdescuidos en la alimentaci\u00f3n y otros trastornos\u201d.&nbsp;<\/p>\n\n\n\n<p>Nacido en 1948, Restano, hijo de padres integrados a la Revoluci\u00f3n \u2013su padre lleg\u00f3 a ser capit\u00e1n del Ej\u00e9rcito\u2013, comenz\u00f3 su carrera period\u00edstica en la radio oficial. Se hab\u00eda graduado como historiador de arte y escrib\u00eda poes\u00eda. En Radio Rebelde, la emisora que lo contrat\u00f3 entonces, trabaj\u00f3 durante una d\u00e9cada.&nbsp;<\/p>\n\n\n\n<p>Fue precisamente dando cobertura radial a temas agr\u00edcolas cuando empez\u00f3 a criticar la gesti\u00f3n del r\u00e9gimen sobre la tierra. El tono no gust\u00f3 y tuvo m\u00faltiples encontronazos con los directivos hasta que, en 1985, comenz\u00f3 a editar clandestinamente un bolet\u00edn,&nbsp;<em>Nueva Cuba<\/em>. La Seguridad del Estado no tard\u00f3 en localizar al autor de la hoja, que Restano lleg\u00f3 a distribuir en las calles de la capital.&nbsp;<\/p>\n\n\n\n<blockquote class=\"wp-block-quote is-layout-flow wp-block-quote-is-layout-flow\">\n<p>La Seguridad del Estado no tard\u00f3 en localizar al autor de la hoja, que Restano lleg\u00f3 a distribuir en las calles de la capital<\/p>\n<\/blockquote>\n\n\n\n<p>Tuvo su primera \u201cexcursi\u00f3n\u201d a Villa Marista, el cuartel general de la contrainteligencia, ese a\u00f1o. Fue liberado por la noche, tras advertencias y por mediaci\u00f3n de sus padres.&nbsp;<\/p>\n\n\n\n<p>El descubrimiento de que solo por canales alternativos pod\u00eda informarse sobre la verdadera realidad de Cuba marc\u00f3 un hito: como Restano, muchos periodistas que ten\u00edan puntos de vista cr\u00edticos con la burocracia \u2013aunque siguieran siendo fieles a la ideolog\u00eda\u2013 comprendieron la necesidad de romper el sistema monol\u00edtico de la prensa oficial. Era el comienzo del periodismo independiente, no solo como oficio, sino como posicionamiento pol\u00edtico ante la realidad cubana.&nbsp;<\/p>\n\n\n\n<p>Pese a venir de una familia con prestigio revolucionario \u2013sus padres hab\u00edan sido tambi\u00e9n luchadores contra el r\u00e9gimen de Fulgencio Batista\u2013, Restano fue sometido a una vigilancia que no culmin\u00f3 hasta que march\u00f3 al exilio.&nbsp;<\/p>\n\n\n\n<p>En 1985, despu\u00e9s de ofrecer una entrevista a&nbsp;<em>The New York Times<\/em>, fue arrestado y despedido de Radio Rebelde. No dur\u00f3 mucho, tampoco, en la radio local de Sancti Sp\u00edritus, donde recal\u00f3 en busca de empleo, ni en Radio Ciudad, de vuelta en la capital. Cuando se prohibi\u00f3 a los medios estatales contratarlo, Restano se vio obligado a sobrevivir ejerciendo varios oficios. Dos a\u00f1os despu\u00e9s, se uni\u00f3 a la Comisi\u00f3n Cubana de Derechos Humanos, dirigida por Elizardo S\u00e1nchez.&nbsp;<\/p>\n\n\n\n<p>A Restano se le debe la fundaci\u00f3n de la Asociaci\u00f3n de Periodistas Independientes de Cuba, que reuni\u00f3 a los primeros profesionales de la comunicaci\u00f3n expulsados de la esfera oficial que segu\u00edan residiendo en el pa\u00eds. Entre los colaboradores de la asociaci\u00f3n, convertida luego en agencia, estuvieron Ra\u00fal Rivero, El\u00edas Valent\u00edn, Manuel Cabrera y Rolando Pratt, entre otros.&nbsp;&nbsp;<\/p>\n\n\n\n<blockquote class=\"wp-block-quote is-layout-flow wp-block-quote-is-layout-flow\">\n<p>En 1995, Restano fue liberado por intercesi\u00f3n de la entonces primera dama de Francia, Danielle Mitterrand<\/p>\n<\/blockquote>\n\n\n\n<p>Restano fund\u00f3 tambi\u00e9n, en 1990, el Movimiento Armon\u00eda (MAR), ya de car\u00e1cter pol\u00edtico. Por su trabajo en la Agencia, fue detenido en 1992 y juzgado por \u201crebeli\u00f3n\u201d. El tribunal lo encontr\u00f3 culpable y fue condenado a diez a\u00f1os de prisi\u00f3n. Lo sustituy\u00f3 como director de la agencia N\u00e9stor Baguer, que una d\u00e9cada m\u00e1s tarde revel\u00f3 haber sido un agente de la Seguridad del Estado infiltrado en el grupo.&nbsp;&nbsp;<\/p>\n\n\n\n<p>En 1995, Restano fue liberado por intercesi\u00f3n de la entonces primera dama de Francia, Danielle Mitterrand. En esos tres a\u00f1os y medio, los agentes intentaron negociar con \u00e9l su excarcelaci\u00f3n a cambio de que se exiliara, siempre con respuesta negativa por su parte.&nbsp;<\/p>\n\n\n\n<p>Despu\u00e9s de un viaje a Europa, las autoridades bloquearon su entrada al pa\u00eds y tuvo que permanecer en el extranjero. Desde ese momento residi\u00f3 en Miami y continu\u00f3 su trabajo por el desarrollo de la prensa independiente. Tambi\u00e9n en la capital del exilio cubano fue conocido por discutir, nunca en t\u00e9rminos complacientes, con sus compa\u00f1eros de destierro.&nbsp;<\/p>\n\n\n\n<p>Por su trabajo, fue reconocido en 1996 con el Golden Pen of Freedom, un galard\u00f3n que lo homenaje\u00f3 por su impulso a la libertad period\u00edstica en Cuba.<\/p>\n\n\n\n<h3 class=\"wp-block-heading\">Noticias relacionadas<\/h3>\n","protected":false},"excerpt":{"rendered":"<p>El periodista Yndamiro Restano durante una intervenci\u00f3n en una emisora radial de Miami.\u00a0\/\u00a0Cubaencuentro Obituario Voz pol\u00e9mica dentro y fuera de la Isla, falleci\u00f3 este jueves a los 76 a\u00f1os 02 de enero 2025 &#8211; Para poder guardar como favorito, primero has de iniciar sesi\u00f3n con tu cuenta de 14ymedio. Iniciar sesi\u00f3n La Habana\/El periodista Yndamiro [&hellip;]<\/p>\n","protected":false},"author":28,"featured_media":586894,"comment_status":"closed","ping_status":"closed","sticky":true,"template":"","format":"standard","meta":{"footnotes":""},"categories":[26,23],"tags":[],"class_list":["post-586893","post","type-post","status-publish","format-standard","has-post-thumbnail","hentry","category-efemerides","category-internacional"],"_links":{"self":[{"href":"https:\/\/diariodominicano.com\/index.php?rest_route=\/wp\/v2\/posts\/586893","targetHints":{"allow":["GET"]}}],"collection":[{"href":"https:\/\/diariodominicano.com\/index.php?rest_route=\/wp\/v2\/posts"}],"about":[{"href":"https:\/\/diariodominicano.com\/index.php?rest_route=\/wp\/v2\/types\/post"}],"author":[{"embeddable":true,"href":"https:\/\/diariodominicano.com\/index.php?rest_route=\/wp\/v2\/users\/28"}],"replies":[{"embeddable":true,"href":"https:\/\/diariodominicano.com\/index.php?rest_route=%2Fwp%2Fv2%2Fcomments&post=586893"}],"version-history":[{"count":1,"href":"https:\/\/diariodominicano.com\/index.php?rest_route=\/wp\/v2\/posts\/586893\/revisions"}],"predecessor-version":[{"id":586895,"href":"https:\/\/diariodominicano.com\/index.php?rest_route=\/wp\/v2\/posts\/586893\/revisions\/586895"}],"wp:featuredmedia":[{"embeddable":true,"href":"https:\/\/diariodominicano.com\/index.php?rest_route=\/wp\/v2\/media\/586894"}],"wp:attachment":[{"href":"https:\/\/diariodominicano.com\/index.php?rest_route=%2Fwp%2Fv2%2Fmedia&parent=586893"}],"wp:term":[{"taxonomy":"category","embeddable":true,"href":"https:\/\/diariodominicano.com\/index.php?rest_route=%2Fwp%2Fv2%2Fcategories&post=586893"},{"taxonomy":"post_tag","embeddable":true,"href":"https:\/\/diariodominicano.com\/index.php?rest_route=%2Fwp%2Fv2%2Ftags&post=586893"}],"curies":[{"name":"wp","href":"https:\/\/api.w.org\/{rel}","templated":true}]}}