{"id":586885,"date":"2025-01-03T12:51:18","date_gmt":"2025-01-03T16:51:18","guid":{"rendered":"https:\/\/diariodominicano.com\/?p=586885"},"modified":"2025-01-03T12:54:01","modified_gmt":"2025-01-03T16:54:01","slug":"divulgan-imagenes-de-gendarme-argentino-detenido-en-venezuela-foto","status":"publish","type":"post","link":"https:\/\/diariodominicano.com\/?p=586885","title":{"rendered":"Divulgan im\u00e1genes de gendarme argentino detenido en Venezuela (+Foto)"},"content":{"rendered":"\n<p>Caracas, 3 ene (Prensa Latina) Autoridades divulgaron im\u00e1genes que dieron fe de vida del gendarme argentino Nahuel Gallo detenido y proceso en Venezuela por estar implicado en tramas terroristas en el pa\u00eds, trascendi\u00f3 hoy aqu\u00ed.<\/p>\n\n\n\n<ul class=\"wp-block-list\">\n<li><a href=\"https:\/\/www.prensa-latina.cu\/2025\/01\/03\/\"><time>enero 3, 2025 | 09:37<\/time><\/a><\/li>\n<\/ul>\n\n\n\n<ul class=\"wp-block-list\">\n<li><a href=\"https:\/\/www.prensa-latina.cu\/2025\/01\/03\/divulgan-imagenes-de-gendarme-argentino-detenido-en-venezuela\/#\"><\/a><\/li>\n\n\n\n<li><a href=\"https:\/\/www.prensa-latina.cu\/2025\/01\/03\/divulgan-imagenes-de-gendarme-argentino-detenido-en-venezuela\/#\"><\/a><\/li>\n\n\n\n<li><a href=\"https:\/\/www.prensa-latina.cu\/2025\/01\/03\/divulgan-imagenes-de-gendarme-argentino-detenido-en-venezuela\/#\"><\/a><\/li>\n\n\n\n<li><a href=\"https:\/\/www.prensa-latina.cu\/2025\/01\/03\/divulgan-imagenes-de-gendarme-argentino-detenido-en-venezuela\/#\"><\/a><\/li>\n<\/ul>\n\n\n\n<p>Peque\u00f1os videos que circulan en las redes sociales mostraron a Gallo vestido de uniforme azul, con barba, caminando solo y acompa\u00f1ado en el centro penitenciario donde est\u00e1 recluido.<\/p>\n\n\n\n<figure class=\"wp-block-image\"><img decoding=\"async\" src=\"https:\/\/www.prensa-latina.cu\/wp-content\/uploads\/2025\/01\/Gallo.jpg\" alt=\"\" class=\"wp-image-1462545\"\/><\/figure>\n\n\n\n<p>El portal digital Laiguana.tv inform\u00f3 en Telegram que el gendarme fue detenido a principios de diciembre en el estado de T\u00e1chira (suroeste), procedente de Colombia.<\/p>\n\n\n\n<p>De acuerdo con el portal digital, el polic\u00eda argentino formaba parte de un plan terrorista que pretend\u00eda sacar de la embajada argentina en Caracas a los opositores del partido Vente Venezuela que se encuentran recluidos all\u00ed desde hace varias semanas.<\/p>\n\n\n\n<p>Las im\u00e1genes fueron divulgadas luego que el Gobierno Argentina a trav\u00e9s de un comunicado notificara que present\u00f3 una denuncia ante la Corte Penal Internacional por la \u201cdetenci\u00f3n arbitraria y desaparici\u00f3n forzada de Nahuel Gallo\u201d.<\/p>\n\n\n\n<p>El canciller Yv\u00e1n Gil tild\u00f3 ayer de espect\u00e1culo penoso y de rid\u00edculo internacional al Ejecutivo de Javier Milei, al evocar el Estatuto de Roma en el caso del gendarme procesado.<\/p>\n\n\n\n<p>En su cuenta de la red social Telegram el alto diplom\u00e1tico bolivariano se\u00f1al\u00f3 que este instrumento es \u201cclaramente desconocido por ellos, para alimentar su obsesi\u00f3n pol\u00edtica enferma\u201d<\/p>\n\n\n\n<p>Adem\u00e1s de ser \u201cuna muestra no solo de ignorancia, sino de una escandalosa falta de seriedad\u201d, puntualiz\u00f3.<\/p>\n\n\n\n<p>El ministro venezolano para Relaciones Exteriores denunci\u00f3 que \u201clos funcionarios del gobierno fantoche de Milei, que est\u00e1n involucrados en una agenda de extrema derecha golpista y terrorista contra Venezuela, utilizan err\u00e1ticas acciones diplom\u00e1ticas para justificar su propio fracaso y su complicidad\u201d.<\/p>\n\n\n\n<p>Afirm\u00f3 que la justicia y los derechos humanos no son instrumentos para agendas desesperadas.<\/p>\n\n\n\n<p>\u201cEl fiasco en que se han convertido solo los reafirma como el hazmerre\u00edr de la diplomacia global\u201d, expres\u00f3 Gil.<\/p>\n\n\n\n<p>Un comunicado el pasado viernes del fiscal general Tarek William Saab calific\u00f3 de err\u00e1tico el comportamiento del Gobierno de Argentina, que demuestra su vinculaci\u00f3n con la agresi\u00f3n contra la Rep\u00fablica Bolivariana protagonizada por el gendarme detenido.<\/p>\n\n\n\n<p>Este ciudadano argentino est\u00e1 sometido a un proceso penal debido a que existen evidencias que lo comprometen en graves hechos que atentan contra la seguridad de la naci\u00f3n, manifest\u00f3 el titular.<\/p>\n\n\n\n<p>mem\/jcd<\/p>\n\n\n\n<ul class=\"wp-block-list\">\n<li>#<a href=\"https:\/\/www.prensa-latina.cu\/etiqueta\/alba-tcp\/\">alba tcp<\/a>\u00a0#<a href=\"https:\/\/www.prensa-latina.cu\/etiqueta\/argentina\/\">argentina<\/a>\u00a0#<a href=\"https:\/\/www.prensa-latina.cu\/etiqueta\/canciller\/\">canciller<\/a>\u00a0#<a href=\"https:\/\/www.prensa-latina.cu\/etiqueta\/venezuela\/\">Venezuela<\/a><\/li>\n<\/ul>\n","protected":false},"excerpt":{"rendered":"<p>Caracas, 3 ene (Prensa Latina) Autoridades divulgaron im\u00e1genes que dieron fe de vida del gendarme argentino Nahuel Gallo detenido y proceso en Venezuela por estar implicado en tramas terroristas en el pa\u00eds, trascendi\u00f3 hoy aqu\u00ed. Peque\u00f1os videos que circulan en las redes sociales mostraron a Gallo vestido de uniforme azul, con barba, caminando solo y [&hellip;]<\/p>\n","protected":false},"author":28,"featured_media":586887,"comment_status":"closed","ping_status":"closed","sticky":true,"template":"","format":"standard","meta":{"footnotes":""},"categories":[23],"tags":[],"class_list":["post-586885","post","type-post","status-publish","format-standard","has-post-thumbnail","hentry","category-internacional"],"_links":{"self":[{"href":"https:\/\/diariodominicano.com\/index.php?rest_route=\/wp\/v2\/posts\/586885","targetHints":{"allow":["GET"]}}],"collection":[{"href":"https:\/\/diariodominicano.com\/index.php?rest_route=\/wp\/v2\/posts"}],"about":[{"href":"https:\/\/diariodominicano.com\/index.php?rest_route=\/wp\/v2\/types\/post"}],"author":[{"embeddable":true,"href":"https:\/\/diariodominicano.com\/index.php?rest_route=\/wp\/v2\/users\/28"}],"replies":[{"embeddable":true,"href":"https:\/\/diariodominicano.com\/index.php?rest_route=%2Fwp%2Fv2%2Fcomments&post=586885"}],"version-history":[{"count":1,"href":"https:\/\/diariodominicano.com\/index.php?rest_route=\/wp\/v2\/posts\/586885\/revisions"}],"predecessor-version":[{"id":586886,"href":"https:\/\/diariodominicano.com\/index.php?rest_route=\/wp\/v2\/posts\/586885\/revisions\/586886"}],"wp:featuredmedia":[{"embeddable":true,"href":"https:\/\/diariodominicano.com\/index.php?rest_route=\/wp\/v2\/media\/586887"}],"wp:attachment":[{"href":"https:\/\/diariodominicano.com\/index.php?rest_route=%2Fwp%2Fv2%2Fmedia&parent=586885"}],"wp:term":[{"taxonomy":"category","embeddable":true,"href":"https:\/\/diariodominicano.com\/index.php?rest_route=%2Fwp%2Fv2%2Fcategories&post=586885"},{"taxonomy":"post_tag","embeddable":true,"href":"https:\/\/diariodominicano.com\/index.php?rest_route=%2Fwp%2Fv2%2Ftags&post=586885"}],"curies":[{"name":"wp","href":"https:\/\/api.w.org\/{rel}","templated":true}]}}