{"id":586882,"date":"2025-01-03T12:47:55","date_gmt":"2025-01-03T16:47:55","guid":{"rendered":"https:\/\/diariodominicano.com\/?p=586882"},"modified":"2025-01-03T12:47:59","modified_gmt":"2025-01-03T16:47:59","slug":"continua-impune-genocidio-israeli-en-gaza-denuncia-canciller-de-cuba","status":"publish","type":"post","link":"https:\/\/diariodominicano.com\/?p=586882","title":{"rendered":"Contin\u00faa impune genocidio israel\u00ed en Gaza, denuncia canciller de Cuba"},"content":{"rendered":"\n<p>La Habana, 3 ene (Prensa Latina) El titular de Relaciones Exteriores de Cuba, Bruno Rodr\u00edguez, denunci\u00f3 hoy la impunidad con que persiste el genocidio cometido por el gobierno de Israel contra la poblaci\u00f3n gazat\u00ed, que asciende a m\u00e1s de 45 mil muertos.<\/p>\n\n\n\n<ul class=\"wp-block-list\">\n<li><a href=\"https:\/\/www.prensa-latina.cu\/2025\/01\/03\/\"><time>enero 3, 2025 | 08:03<\/time><\/a><\/li>\n<\/ul>\n\n\n\n<ul class=\"wp-block-list\">\n<li><a href=\"https:\/\/www.prensa-latina.cu\/2025\/01\/03\/continua-impune-genocidio-israeli-en-gaza-denuncia-canciller-de-cuba\/#\"><\/a><\/li>\n\n\n\n<li><a href=\"https:\/\/www.prensa-latina.cu\/2025\/01\/03\/continua-impune-genocidio-israeli-en-gaza-denuncia-canciller-de-cuba\/#\"><\/a><\/li>\n\n\n\n<li><a href=\"https:\/\/www.prensa-latina.cu\/2025\/01\/03\/continua-impune-genocidio-israeli-en-gaza-denuncia-canciller-de-cuba\/#\"><\/a><\/li>\n\n\n\n<li><a href=\"https:\/\/www.prensa-latina.cu\/2025\/01\/03\/continua-impune-genocidio-israeli-en-gaza-denuncia-canciller-de-cuba\/#\"><\/a><\/li>\n<\/ul>\n\n\n\n<p>De acuerdo con el canciller antillano en un mensaje divulgado en X, las fuerzas invasoras contin\u00faan lanzando bombardeos indiscriminados sobre la infraestructura civil palestina de Gaza, que incluye la pulverizaci\u00f3n de decena de centros asistenciales de salud.<\/p>\n\n\n\n<p>El jefe de la diplomacia cubana actualiz\u00f3 el dato de v\u00edctimas fatales del desigual y desproporcionado conflicto que, desde octubre de 2023, acumula un saldo 45 mil 581 personas asesinadas, de las que, especific\u00f3, mil 57 eran personal sanitario.<\/p>\n\n\n\n<p>Precis\u00f3 asimismo que las bombas de las denominadas Fuerzas de Defensa de Israel han destruido 22 hospitales. Esos ataques contra civiles, refugiados y centros de Salud, violan el Derecho Internacional Humanitario, denunci\u00f3 Rodr\u00edguez.<\/p>\n\n\n\n<p>Seg\u00fan datos proporcionados por fuentes de la Organizaci\u00f3n de Naciones Unidas (ONU), citada por diversos medios de prensa, m\u00e1s del 70 por ciento de la cifra de masacrados son mujeres y ni\u00f1os y casi la totalidad de quienes residen en esos asentamientos viven por debajo del umbral de pobreza.<\/p>\n\n\n\n<p>Los \u00edndices de desnutrici\u00f3n y mal nutrici\u00f3n infantil y las condiciones precarias de la poblaci\u00f3n gazat\u00ed contin\u00faan increment\u00e1ndose, a causa del bloqueo de alimentos y medicinas por parte de Tel Aviv.<\/p>\n\n\n\n<p>El gobierno de la isla caribe\u00f1a ha reiterado su postura de rechazo a ese genocidio, al tiempo que demanda al Consejo de Seguridad de la ONU cumplir su mandato y poner fin a la impunidad de Israel con la abierta complicidad con la Casa Blanca.<\/p>\n\n\n\n<p>mem\/lld<\/p>\n\n\n\n<ul class=\"wp-block-list\">\n<li>#<a href=\"https:\/\/www.prensa-latina.cu\/etiqueta\/cuba\/\">cuba<\/a>\u00a0#<a href=\"https:\/\/www.prensa-latina.cu\/etiqueta\/gaza\/\">gaza<\/a>\u00a0#<a href=\"https:\/\/www.prensa-latina.cu\/etiqueta\/genocidio\/\">genocidio<\/a>\u00a0#<a href=\"https:\/\/www.prensa-latina.cu\/etiqueta\/israel\/\">Israel<\/a><\/li>\n<\/ul>\n","protected":false},"excerpt":{"rendered":"<p>La Habana, 3 ene (Prensa Latina) El titular de Relaciones Exteriores de Cuba, Bruno Rodr\u00edguez, denunci\u00f3 hoy la impunidad con que persiste el genocidio cometido por el gobierno de Israel contra la poblaci\u00f3n gazat\u00ed, que asciende a m\u00e1s de 45 mil muertos. De acuerdo con el canciller antillano en un mensaje divulgado en X, las [&hellip;]<\/p>\n","protected":false},"author":28,"featured_media":586883,"comment_status":"closed","ping_status":"closed","sticky":true,"template":"","format":"standard","meta":{"footnotes":""},"categories":[23],"tags":[],"class_list":["post-586882","post","type-post","status-publish","format-standard","has-post-thumbnail","hentry","category-internacional"],"_links":{"self":[{"href":"https:\/\/diariodominicano.com\/index.php?rest_route=\/wp\/v2\/posts\/586882","targetHints":{"allow":["GET"]}}],"collection":[{"href":"https:\/\/diariodominicano.com\/index.php?rest_route=\/wp\/v2\/posts"}],"about":[{"href":"https:\/\/diariodominicano.com\/index.php?rest_route=\/wp\/v2\/types\/post"}],"author":[{"embeddable":true,"href":"https:\/\/diariodominicano.com\/index.php?rest_route=\/wp\/v2\/users\/28"}],"replies":[{"embeddable":true,"href":"https:\/\/diariodominicano.com\/index.php?rest_route=%2Fwp%2Fv2%2Fcomments&post=586882"}],"version-history":[{"count":1,"href":"https:\/\/diariodominicano.com\/index.php?rest_route=\/wp\/v2\/posts\/586882\/revisions"}],"predecessor-version":[{"id":586884,"href":"https:\/\/diariodominicano.com\/index.php?rest_route=\/wp\/v2\/posts\/586882\/revisions\/586884"}],"wp:featuredmedia":[{"embeddable":true,"href":"https:\/\/diariodominicano.com\/index.php?rest_route=\/wp\/v2\/media\/586883"}],"wp:attachment":[{"href":"https:\/\/diariodominicano.com\/index.php?rest_route=%2Fwp%2Fv2%2Fmedia&parent=586882"}],"wp:term":[{"taxonomy":"category","embeddable":true,"href":"https:\/\/diariodominicano.com\/index.php?rest_route=%2Fwp%2Fv2%2Fcategories&post=586882"},{"taxonomy":"post_tag","embeddable":true,"href":"https:\/\/diariodominicano.com\/index.php?rest_route=%2Fwp%2Fv2%2Ftags&post=586882"}],"curies":[{"name":"wp","href":"https:\/\/api.w.org\/{rel}","templated":true}]}}