{"id":586873,"date":"2025-01-03T12:45:39","date_gmt":"2025-01-03T16:45:39","guid":{"rendered":"https:\/\/diariodominicano.com\/?p=586873"},"modified":"2025-01-03T12:45:43","modified_gmt":"2025-01-03T16:45:43","slug":"cambodia-y-cuba-celebraran-65-anos-de-amistad-ejemplar-foto","status":"publish","type":"post","link":"https:\/\/diariodominicano.com\/?p=586873","title":{"rendered":"Cambodia y Cuba celebrar\u00e1n 65 a\u00f1os de amistad ejemplar (+Foto)"},"content":{"rendered":"\n<p>Phnom Penh, 3 ene (Prensa Latina) Celebrar los 65 a\u00f1os del establecimiento de relaciones diplom\u00e1ticas y de una amistad calificada de ejemplar figura hoy entre los prop\u00f3sitos fijados para 2025 por los gobiernos de Cambodia y Cuba.<\/p>\n\n\n\n<ul class=\"wp-block-list\">\n<li><a href=\"https:\/\/www.prensa-latina.cu\/2025\/01\/03\/\"><time>enero 3, 2025 | 03:13<\/time><\/a><\/li>\n<\/ul>\n\n\n\n<ul class=\"wp-block-list\">\n<li><a href=\"https:\/\/www.prensa-latina.cu\/2025\/01\/03\/cambodia-y-cuba-celebraran-65-anos-de-amistad-ejemplar\/#\"><\/a><\/li>\n\n\n\n<li><a href=\"https:\/\/www.prensa-latina.cu\/2025\/01\/03\/cambodia-y-cuba-celebraran-65-anos-de-amistad-ejemplar\/#\"><\/a><\/li>\n\n\n\n<li><a href=\"https:\/\/www.prensa-latina.cu\/2025\/01\/03\/cambodia-y-cuba-celebraran-65-anos-de-amistad-ejemplar\/#\"><\/a><\/li>\n\n\n\n<li><a href=\"https:\/\/www.prensa-latina.cu\/2025\/01\/03\/cambodia-y-cuba-celebraran-65-anos-de-amistad-ejemplar\/#\"><\/a><\/li>\n<\/ul>\n\n\n\n<p>As\u00ed qued\u00f3 patentizado en la visita de cortes\u00eda realizada la v\u00edspera por la embajadora cubana aqu\u00ed, Milena Zald\u00edvar, al viceprimer ministro y titular de Relaciones Exteriores y Cooperaci\u00f3n Internacional del Reino, Prak Sokhonn.<\/p>\n\n\n\n<p>En el fraternal encuentro el jefe de la diplomacia camboyana destac\u00f3 la reciente conmemoraci\u00f3n del aniversario 66 del triunfo de la Revoluci\u00f3n cubana y reiter\u00f3 el firme compromiso de su pa\u00eds de fortalecer la tradicional relaci\u00f3n de amistad y buena cooperaci\u00f3n con la isla.<\/p>\n\n\n\n<figure class=\"wp-block-image\"><img decoding=\"async\" src=\"https:\/\/www.prensa-latina.cu\/wp-content\/uploads\/2025\/01\/Milena-Zaldivar-y-Prak-Sokhonn1.jpg\" alt=\"\" class=\"wp-image-1461807\"\/><\/figure>\n\n\n\n<p>Zald\u00edvar, en tanto, realz\u00f3 la invariable postura del gobierno de Cambodia de rechazo al injusto e ilegal bloqueo econ\u00f3mico, comercial y financiero de Estados Unidos, y su contundente respaldo a la demanda internacional para excluir a Cuba de la arbitraria lista de Estados supuestamente patrocinadores del terrorismo.<\/p>\n\n\n\n<p>Ambas partes coincidieron en ponderar los hist\u00f3ricos lazos existentes entre ambos pa\u00edses y destacaron el excelente di\u00e1logo y cooperaci\u00f3n en el \u00e1mbito multilateral, as\u00ed como las numerosas muestras de solidaridad que por m\u00e1s de seis d\u00e9cadas han hecho de los v\u00ednculos bilaterales una amistad ejemplar.<\/p>\n\n\n\n<p>Sokhonn y Zald\u00edvar tambi\u00e9n pasaron revista a los principales momentos de la relaci\u00f3n bilateral en el reci\u00e9n finalizado a\u00f1o 2024, y significaron de manera particular la realizaci\u00f3n en La Habana de la III Reuni\u00f3n de Consultas Pol\u00edticas.<\/p>\n\n\n\n<p>Destacaron adem\u00e1s la presencia de Cuba en el 11 per\u00edodo de sesiones del Parlamento Internacional para la Tolerancia y la Paz, as\u00ed como en la Asamblea General de la Conferencia Internacional de Partidos Pol\u00edticos de Asia, por primera vez, ambos eventos desarrollados en esta capital.<\/p>\n\n\n\n<p>El vicejefe de Gobierno camboyano y la embajadora cubana coincidieron asimismo en el prop\u00f3sito de elevar las relaciones bilaterales a nuevas alturas en el presente a\u00f1o, as\u00ed como en renovar la voluntad de lograr resultados concretos en acciones de cooperaci\u00f3n con verdadero sentido estrat\u00e9gico para ambas naciones.<\/p>\n\n\n\n<p>Al respecto acordaron impulsar el intercambio de visitas de alto nivel y desarrollar una jornada conmemorativa por el aniversario 65 del establecimiento de las relaciones diplom\u00e1ticas que incluya acciones en Phnom Penh y La Habana.<\/p>\n\n\n\n<p>Cuba y Cambodia establecieron relaciones diplom\u00e1ticas el 15 de abril de 1960, las cuales se han desarrollado con un componente hist\u00f3rico clave y sobre fundamentos de respeto, admiraci\u00f3n, identificaci\u00f3n de objetivos comunes de progreso, a pesar de la distancia geogr\u00e1fica que separa a ambas naciones.<\/p>\n\n\n\n<p>kmg\/mpm<\/p>\n\n\n\n<ul class=\"wp-block-list\">\n<li>#<a href=\"https:\/\/www.prensa-latina.cu\/etiqueta\/cambodia\/\">cambodia<\/a>\u00a0#<a href=\"https:\/\/www.prensa-latina.cu\/etiqueta\/cuba\/\">cuba<\/a><\/li>\n<\/ul>\n","protected":false},"excerpt":{"rendered":"<p>Phnom Penh, 3 ene (Prensa Latina) Celebrar los 65 a\u00f1os del establecimiento de relaciones diplom\u00e1ticas y de una amistad calificada de ejemplar figura hoy entre los prop\u00f3sitos fijados para 2025 por los gobiernos de Cambodia y Cuba. As\u00ed qued\u00f3 patentizado en la visita de cortes\u00eda realizada la v\u00edspera por la embajadora cubana aqu\u00ed, Milena Zald\u00edvar, [&hellip;]<\/p>\n","protected":false},"author":28,"featured_media":586874,"comment_status":"closed","ping_status":"closed","sticky":true,"template":"","format":"standard","meta":{"footnotes":""},"categories":[23],"tags":[],"class_list":["post-586873","post","type-post","status-publish","format-standard","has-post-thumbnail","hentry","category-internacional"],"_links":{"self":[{"href":"https:\/\/diariodominicano.com\/index.php?rest_route=\/wp\/v2\/posts\/586873","targetHints":{"allow":["GET"]}}],"collection":[{"href":"https:\/\/diariodominicano.com\/index.php?rest_route=\/wp\/v2\/posts"}],"about":[{"href":"https:\/\/diariodominicano.com\/index.php?rest_route=\/wp\/v2\/types\/post"}],"author":[{"embeddable":true,"href":"https:\/\/diariodominicano.com\/index.php?rest_route=\/wp\/v2\/users\/28"}],"replies":[{"embeddable":true,"href":"https:\/\/diariodominicano.com\/index.php?rest_route=%2Fwp%2Fv2%2Fcomments&post=586873"}],"version-history":[{"count":1,"href":"https:\/\/diariodominicano.com\/index.php?rest_route=\/wp\/v2\/posts\/586873\/revisions"}],"predecessor-version":[{"id":586875,"href":"https:\/\/diariodominicano.com\/index.php?rest_route=\/wp\/v2\/posts\/586873\/revisions\/586875"}],"wp:featuredmedia":[{"embeddable":true,"href":"https:\/\/diariodominicano.com\/index.php?rest_route=\/wp\/v2\/media\/586874"}],"wp:attachment":[{"href":"https:\/\/diariodominicano.com\/index.php?rest_route=%2Fwp%2Fv2%2Fmedia&parent=586873"}],"wp:term":[{"taxonomy":"category","embeddable":true,"href":"https:\/\/diariodominicano.com\/index.php?rest_route=%2Fwp%2Fv2%2Fcategories&post=586873"},{"taxonomy":"post_tag","embeddable":true,"href":"https:\/\/diariodominicano.com\/index.php?rest_route=%2Fwp%2Fv2%2Ftags&post=586873"}],"curies":[{"name":"wp","href":"https:\/\/api.w.org\/{rel}","templated":true}]}}