{"id":586846,"date":"2025-01-03T12:23:58","date_gmt":"2025-01-03T16:23:58","guid":{"rendered":"https:\/\/diariodominicano.com\/?p=586846"},"modified":"2025-01-03T12:24:07","modified_gmt":"2025-01-03T16:24:07","slug":"ministros-de-exteriores-de-alemania-y-francia-visitan-siria-y-prometen-apoyo-para-una-transicion-pacifica","status":"publish","type":"post","link":"https:\/\/diariodominicano.com\/?p=586846","title":{"rendered":"Ministros de Exteriores de Alemania y Francia visitan Siria y prometen apoyo para una \u00abtransici\u00f3n pac\u00edfica\u00bb"},"content":{"rendered":"\n<p>diariodominicano.com<\/p>\n\n\n\n<p>DAMASCO, 3 ene (Xinhua) &#8212; La ministra de Relaciones Exteriores de Alemania, Annalena Baerbock, y su hom\u00f3logo franc\u00e9s, Jean-Noel Barrot, llegaron hoy a Damasco, capital de Siria, para sostener conversaciones de alto nivel con la administraci\u00f3n interna del pa\u00eds, encabezada por Ahmed al-Sharaa. Se trata de una de las m\u00e1s importantes visitas diplom\u00e1ticas, hechas por representantes de Occidente, desde la ca\u00edda del gobierno anterior en Siria. En declaraciones reportadas por los medios locales como Al-Watan Online y Syria TV, Baerbock dijo que la UE ve potencial para \u00abuna nueva relaci\u00f3n pol\u00edtica con Siria\u00bb, y enfatiz\u00f3 que los sirios ahora tienen \u00abuna oportunidad de recuperar el destino de su pa\u00eds\u00bb. Despu\u00e9s de la dolorosa era de Assad\u00bb. Agreg\u00f3 que Alemania desea respaldar a la nueva administraci\u00f3n para lograr \u00abuna transici\u00f3n de poder integral y pac\u00edfica\u00bb y ayudar a la reconstrucci\u00f3n. Barrot, por su parte, subray\u00f3 el compromiso de impulsar el camino de Siria hacia la estabilidad. \u00abNuestro objetivo es intensificar una transici\u00f3n pac\u00edfica que beneficie tanto al pueblo sirio como a la seguridad regional\u00bb, dijo el ministro franc\u00e9s. Los dos funcionarios se reunir\u00e1n con Al-Sharaa, l\u00edder del grupo Hayat Tahrir al-Sham. Desde el 8 de diciembre, varias delegaciones diplom\u00e1ticas \u00e1rabes y occidentales, incluidos estadounidenses, han visitado Siria y se han reunido con las nuevas autoridades.<\/p>\n","protected":false},"excerpt":{"rendered":"<p>diariodominicano.com DAMASCO, 3 ene (Xinhua) &#8212; La ministra de Relaciones Exteriores de Alemania, Annalena Baerbock, y su hom\u00f3logo franc\u00e9s, Jean-Noel Barrot, llegaron hoy a Damasco, capital de Siria, para sostener conversaciones de alto nivel con la administraci\u00f3n interna del pa\u00eds, encabezada por Ahmed al-Sharaa. Se trata de una de las m\u00e1s importantes visitas diplom\u00e1ticas, hechas [&hellip;]<\/p>\n","protected":false},"author":5,"featured_media":586858,"comment_status":"closed","ping_status":"closed","sticky":true,"template":"","format":"standard","meta":{"footnotes":""},"categories":[23,27],"tags":[],"class_list":["post-586846","post","type-post","status-publish","format-standard","has-post-thumbnail","hentry","category-internacional","category-portada"],"_links":{"self":[{"href":"https:\/\/diariodominicano.com\/index.php?rest_route=\/wp\/v2\/posts\/586846","targetHints":{"allow":["GET"]}}],"collection":[{"href":"https:\/\/diariodominicano.com\/index.php?rest_route=\/wp\/v2\/posts"}],"about":[{"href":"https:\/\/diariodominicano.com\/index.php?rest_route=\/wp\/v2\/types\/post"}],"author":[{"embeddable":true,"href":"https:\/\/diariodominicano.com\/index.php?rest_route=\/wp\/v2\/users\/5"}],"replies":[{"embeddable":true,"href":"https:\/\/diariodominicano.com\/index.php?rest_route=%2Fwp%2Fv2%2Fcomments&post=586846"}],"version-history":[{"count":1,"href":"https:\/\/diariodominicano.com\/index.php?rest_route=\/wp\/v2\/posts\/586846\/revisions"}],"predecessor-version":[{"id":586859,"href":"https:\/\/diariodominicano.com\/index.php?rest_route=\/wp\/v2\/posts\/586846\/revisions\/586859"}],"wp:featuredmedia":[{"embeddable":true,"href":"https:\/\/diariodominicano.com\/index.php?rest_route=\/wp\/v2\/media\/586858"}],"wp:attachment":[{"href":"https:\/\/diariodominicano.com\/index.php?rest_route=%2Fwp%2Fv2%2Fmedia&parent=586846"}],"wp:term":[{"taxonomy":"category","embeddable":true,"href":"https:\/\/diariodominicano.com\/index.php?rest_route=%2Fwp%2Fv2%2Fcategories&post=586846"},{"taxonomy":"post_tag","embeddable":true,"href":"https:\/\/diariodominicano.com\/index.php?rest_route=%2Fwp%2Fv2%2Ftags&post=586846"}],"curies":[{"name":"wp","href":"https:\/\/api.w.org\/{rel}","templated":true}]}}