{"id":586828,"date":"2025-01-03T11:46:58","date_gmt":"2025-01-03T15:46:58","guid":{"rendered":"https:\/\/diariodominicano.com\/?p=586828"},"modified":"2025-01-05T01:41:41","modified_gmt":"2025-01-05T05:41:41","slug":"apagon-informatico-causa-trastornos-en-aeropuertos-alemanes","status":"publish","type":"post","link":"https:\/\/diariodominicano.com\/?p=586828","title":{"rendered":"Apag\u00f3n inform\u00e1tico causa trastornos en aeropuertos alemanes"},"content":{"rendered":"\n<p>diariodominicano.com<\/p>\n\n\n\n<p>BERL\u00cdN, 3 ene (Xinhua) &#8212; Problemas t\u00e9cnicos significativos est\u00e1n provocando trastornos generalizados en aeropuertos en toda Alemania hoy viernes, inform\u00f3 el peri\u00f3dico alem\u00e1n Bild. Los sistemas de c\u00f3mputo usados \u200b\u200bpor la Polic\u00eda Federal han experimentado una interrupci\u00f3n a nivel nacional, dijo una voz al peri\u00f3dico.<\/p>\n","protected":false},"excerpt":{"rendered":"<p>diariodominicano.com BERL\u00cdN, 3 ene (Xinhua) &#8212; Problemas t\u00e9cnicos significativos est\u00e1n provocando trastornos generalizados en aeropuertos en toda Alemania hoy viernes, inform\u00f3 el peri\u00f3dico alem\u00e1n Bild. Los sistemas de c\u00f3mputo usados \u200b\u200bpor la Polic\u00eda Federal han experimentado una interrupci\u00f3n a nivel nacional, dijo una voz al peri\u00f3dico.<\/p>\n","protected":false},"author":5,"featured_media":586833,"comment_status":"closed","ping_status":"closed","sticky":true,"template":"","format":"standard","meta":{"footnotes":""},"categories":[23],"tags":[],"class_list":["post-586828","post","type-post","status-publish","format-standard","has-post-thumbnail","hentry","category-internacional"],"_links":{"self":[{"href":"https:\/\/diariodominicano.com\/index.php?rest_route=\/wp\/v2\/posts\/586828","targetHints":{"allow":["GET"]}}],"collection":[{"href":"https:\/\/diariodominicano.com\/index.php?rest_route=\/wp\/v2\/posts"}],"about":[{"href":"https:\/\/diariodominicano.com\/index.php?rest_route=\/wp\/v2\/types\/post"}],"author":[{"embeddable":true,"href":"https:\/\/diariodominicano.com\/index.php?rest_route=\/wp\/v2\/users\/5"}],"replies":[{"embeddable":true,"href":"https:\/\/diariodominicano.com\/index.php?rest_route=%2Fwp%2Fv2%2Fcomments&post=586828"}],"version-history":[{"count":1,"href":"https:\/\/diariodominicano.com\/index.php?rest_route=\/wp\/v2\/posts\/586828\/revisions"}],"predecessor-version":[{"id":586834,"href":"https:\/\/diariodominicano.com\/index.php?rest_route=\/wp\/v2\/posts\/586828\/revisions\/586834"}],"wp:featuredmedia":[{"embeddable":true,"href":"https:\/\/diariodominicano.com\/index.php?rest_route=\/wp\/v2\/media\/586833"}],"wp:attachment":[{"href":"https:\/\/diariodominicano.com\/index.php?rest_route=%2Fwp%2Fv2%2Fmedia&parent=586828"}],"wp:term":[{"taxonomy":"category","embeddable":true,"href":"https:\/\/diariodominicano.com\/index.php?rest_route=%2Fwp%2Fv2%2Fcategories&post=586828"},{"taxonomy":"post_tag","embeddable":true,"href":"https:\/\/diariodominicano.com\/index.php?rest_route=%2Fwp%2Fv2%2Ftags&post=586828"}],"curies":[{"name":"wp","href":"https:\/\/api.w.org\/{rel}","templated":true}]}}