{"id":586752,"date":"2025-01-03T00:01:21","date_gmt":"2025-01-03T04:01:21","guid":{"rendered":"https:\/\/diariodominicano.com\/?p=586752"},"modified":"2025-01-03T11:57:22","modified_gmt":"2025-01-03T15:57:22","slug":"isfodosu-cierra-ciclo-academico-con-feria-cultural-countries-and-culture-fair-2024","status":"publish","type":"post","link":"https:\/\/diariodominicano.com\/?p=586752","title":{"rendered":"Instituto Superior de Formaci\u00f3n Docente Salom\u00e9 Ure\u00f1a cierra ciclo acad\u00e9mico con Feria Cultural \u00abCountries and Culture Fair 2024\u00bb"},"content":{"rendered":"\n<p><strong>Santo Domingo, RD. &#8211;<\/strong> El Instituto Superior de Formaci\u00f3n Docente Salom\u00e9 Ure\u00f1a, ISFODOSU, desde su recinto en Santo Domingo, Eugenio Mar\u00eda de Hostos, culmin\u00f3 con \u00e9xito el Diplomado Intensivo de Ingl\u00e9s para Docentes (DIID) con una feria cultural denominada, \u00abCountries and Culture Fair 2024\u00bb.<\/p>\n\n\n\n<p>La feria celebrada en la cancha multiusos del recinto se convirti\u00f3 en un espacio donde los estudiantes mostraron sus habilidades ling\u00fc\u00edsticas y conocimientos culturales adquiridos durante el diplomado. Divididos en cinco estaciones tem\u00e1ticas, los participantes representaron a Brasil, Colombia, M\u00e9xico, Cuba y Estados Unidos, sumergiendo al p\u00fablico en un viaje multicultural.<\/p>\n\n\n\n<p><\/p>\n\n\n\n<figure class=\"wp-block-gallery has-nested-images columns-default is-cropped wp-block-gallery-1 is-layout-flex wp-block-gallery-is-layout-flex\">\n<figure class=\"wp-block-image size-large\"><img loading=\"lazy\" decoding=\"async\" width=\"1000\" height=\"640\" data-id=\"586760\" src=\"https:\/\/diariodominicano.com\/wp-content\/uploads\/2025\/01\/Parte-de-estudiantes-realizan-ponencias.jpg\" alt=\"\" class=\"wp-image-586760\" srcset=\"https:\/\/diariodominicano.com\/wp-content\/uploads\/2025\/01\/Parte-de-estudiantes-realizan-ponencias.jpg 1000w, https:\/\/diariodominicano.com\/wp-content\/uploads\/2025\/01\/Parte-de-estudiantes-realizan-ponencias-300x192.jpg 300w, https:\/\/diariodominicano.com\/wp-content\/uploads\/2025\/01\/Parte-de-estudiantes-realizan-ponencias-768x492.jpg 768w, https:\/\/diariodominicano.com\/wp-content\/uploads\/2025\/01\/Parte-de-estudiantes-realizan-ponencias-816x522.jpg 816w\" sizes=\"auto, (max-width: 1000px) 100vw, 1000px\" \/><figcaption class=\"wp-element-caption\">Parte de estudiantes realizan ponencias <\/figcaption><\/figure>\n<\/figure>\n\n\n\n<p>A trav\u00e9s de ponencias orales en ingl\u00e9s, los estudiantes de Educaci\u00f3n Art\u00edstica y Educaci\u00f3n F\u00edsica presentaron aspectos de cada pa\u00eds, desde su historia y geograf\u00eda hasta su gastronom\u00eda y tradiciones como platos t\u00edpicos, vestimentas tradicionales, juegos, bailes y representaciones de ic\u00f3nicos personajes como la Estatua de la Libertad, El Chavo del 8 y el tradicional m\u00fasico sonero cubano.<\/p>\n\n\n\n<figure class=\"wp-block-gallery has-nested-images columns-default is-cropped wp-block-gallery-2 is-layout-flex wp-block-gallery-is-layout-flex\">\n<figure class=\"wp-block-image size-large\"><img loading=\"lazy\" decoding=\"async\" width=\"1000\" height=\"640\" data-id=\"586758\" src=\"https:\/\/diariodominicano.com\/wp-content\/uploads\/2025\/01\/Estand-de-ponencias-de-la-Feria-Cultural.jpg\" alt=\"\" class=\"wp-image-586758\" srcset=\"https:\/\/diariodominicano.com\/wp-content\/uploads\/2025\/01\/Estand-de-ponencias-de-la-Feria-Cultural.jpg 1000w, https:\/\/diariodominicano.com\/wp-content\/uploads\/2025\/01\/Estand-de-ponencias-de-la-Feria-Cultural-300x192.jpg 300w, https:\/\/diariodominicano.com\/wp-content\/uploads\/2025\/01\/Estand-de-ponencias-de-la-Feria-Cultural-768x492.jpg 768w, https:\/\/diariodominicano.com\/wp-content\/uploads\/2025\/01\/Estand-de-ponencias-de-la-Feria-Cultural-816x522.jpg 816w\" sizes=\"auto, (max-width: 1000px) 100vw, 1000px\" \/><figcaption class=\"wp-element-caption\">Estand de ponencias de la Feria Cultural <\/figcaption><\/figure>\n<\/figure>\n\n\n\n<p>La vicerrectora ejecutiva del recinto, Mtra. Cristina Rivas, destac\u00f3 la importancia de dominar una segunda lengua para el desarrollo personal y profesional. \u00abHablar ingl\u00e9s abre puertas y ofrece innumerables oportunidades\u00bb, afirm\u00f3, resaltando las ventajas cognitivas y sociales del biling\u00fcismo.<\/p>\n\n\n\n<p>La coordinadora del Diplomado de Ingl\u00e9s, Erendira Hern\u00e1ndez, expres\u00f3 su satisfacci\u00f3n por el resultado de la feria, fruto del trabajo de planificaci\u00f3n y colaboraci\u00f3n entre los docentes y estudiantes.<\/p>\n\n\n\n<figure class=\"wp-block-gallery has-nested-images columns-default is-cropped wp-block-gallery-3 is-layout-flex wp-block-gallery-is-layout-flex\">\n<figure class=\"wp-block-image size-large\"><img loading=\"lazy\" decoding=\"async\" width=\"1000\" height=\"640\" data-id=\"586757\" src=\"https:\/\/diariodominicano.com\/wp-content\/uploads\/2025\/01\/Publico-asistente-en-la-actividad.jpg\" alt=\"\" class=\"wp-image-586757\" srcset=\"https:\/\/diariodominicano.com\/wp-content\/uploads\/2025\/01\/Publico-asistente-en-la-actividad.jpg 1000w, https:\/\/diariodominicano.com\/wp-content\/uploads\/2025\/01\/Publico-asistente-en-la-actividad-300x192.jpg 300w, https:\/\/diariodominicano.com\/wp-content\/uploads\/2025\/01\/Publico-asistente-en-la-actividad-768x492.jpg 768w, https:\/\/diariodominicano.com\/wp-content\/uploads\/2025\/01\/Publico-asistente-en-la-actividad-816x522.jpg 816w\" sizes=\"auto, (max-width: 1000px) 100vw, 1000px\" \/><figcaption class=\"wp-element-caption\">P\u00fablico asistente en la actividad <\/figcaption><\/figure>\n<\/figure>\n\n\n\n<p>La \u00abCountries and Culture Fair 2024\u00bb fue una celebraci\u00f3n del aprendizaje y la interculturalidad, demostrando el compromiso del ISFODOSU con la formaci\u00f3n integral de sus estudiantes.<\/p>\n\n\n\n<p>El evento cont\u00f3 con la presencia de directores, coordinadores y otros miembros de la comunidad acad\u00e9mica del recinto EMH.&nbsp;<\/p>\n\n\n\n<p>Roger Le\u00f3n S\u00e1nchez\u00a0 <a href=\"mailto:roger.leon@isfodosu.edu.do\">roger.leon@isfodosu.edu.do<\/a><\/p>\n\n\n\n<p>#Salom\u00e9 Ure\u00f1a\u2003\u2003#ISFODOSU<\/p>\n","protected":false},"excerpt":{"rendered":"<p>Santo Domingo, RD. &#8211; El Instituto Superior de Formaci\u00f3n Docente Salom\u00e9 Ure\u00f1a, ISFODOSU, desde su recinto en Santo Domingo, Eugenio Mar\u00eda de Hostos, culmin\u00f3 con \u00e9xito el Diplomado Intensivo de Ingl\u00e9s para Docentes (DIID) con una feria cultural denominada, \u00abCountries and Culture Fair 2024\u00bb. La feria celebrada en la cancha multiusos del recinto se convirti\u00f3 [&hellip;]<\/p>\n","protected":false},"author":7,"featured_media":586759,"comment_status":"closed","ping_status":"closed","sticky":false,"template":"","format":"standard","meta":{"footnotes":""},"categories":[21],"tags":[551],"class_list":["post-586752","post","type-post","status-publish","format-standard","has-post-thumbnail","hentry","category-cultura","tag-isfodosu"],"_links":{"self":[{"href":"https:\/\/diariodominicano.com\/index.php?rest_route=\/wp\/v2\/posts\/586752","targetHints":{"allow":["GET"]}}],"collection":[{"href":"https:\/\/diariodominicano.com\/index.php?rest_route=\/wp\/v2\/posts"}],"about":[{"href":"https:\/\/diariodominicano.com\/index.php?rest_route=\/wp\/v2\/types\/post"}],"author":[{"embeddable":true,"href":"https:\/\/diariodominicano.com\/index.php?rest_route=\/wp\/v2\/users\/7"}],"replies":[{"embeddable":true,"href":"https:\/\/diariodominicano.com\/index.php?rest_route=%2Fwp%2Fv2%2Fcomments&post=586752"}],"version-history":[{"count":4,"href":"https:\/\/diariodominicano.com\/index.php?rest_route=\/wp\/v2\/posts\/586752\/revisions"}],"predecessor-version":[{"id":586840,"href":"https:\/\/diariodominicano.com\/index.php?rest_route=\/wp\/v2\/posts\/586752\/revisions\/586840"}],"wp:featuredmedia":[{"embeddable":true,"href":"https:\/\/diariodominicano.com\/index.php?rest_route=\/wp\/v2\/media\/586759"}],"wp:attachment":[{"href":"https:\/\/diariodominicano.com\/index.php?rest_route=%2Fwp%2Fv2%2Fmedia&parent=586752"}],"wp:term":[{"taxonomy":"category","embeddable":true,"href":"https:\/\/diariodominicano.com\/index.php?rest_route=%2Fwp%2Fv2%2Fcategories&post=586752"},{"taxonomy":"post_tag","embeddable":true,"href":"https:\/\/diariodominicano.com\/index.php?rest_route=%2Fwp%2Fv2%2Ftags&post=586752"}],"curies":[{"name":"wp","href":"https:\/\/api.w.org\/{rel}","templated":true}]}}