{"id":586699,"date":"2025-01-02T13:12:04","date_gmt":"2025-01-02T17:12:04","guid":{"rendered":"https:\/\/diariodominicano.com\/?p=586699"},"modified":"2025-01-02T13:12:10","modified_gmt":"2025-01-02T17:12:10","slug":"harry-chandler-medico-de-la-marina-que-sobrevivio-ataque-japones-a-pearl-harbor-muere-a-los-103-anos","status":"publish","type":"post","link":"https:\/\/diariodominicano.com\/?p=586699","title":{"rendered":"Harry Chandler, m\u00e9dico de la Marina que sobrevivi\u00f3 ataque japon\u00e9s a Pearl Harbor, muere a los 103 a\u00f1os"},"content":{"rendered":"\n<p>ARCHIVO &#8211; El sobreviviente de Pearl Harbor, Harry Chandler, de Tequesta, Florida, habla con los medios durante la 82.a ceremonia del D\u00eda del Recuerdo de Pearl Harbor en Pearl Harbor en Honolulu, el 7 de diciembre de 2023.<\/p>\n\n\n\n<p>enero 02, 2025<\/p>\n\n\n\n<ul class=\"wp-block-list\">\n<li><a href=\"https:\/\/www.vozdeamerica.com\/author\/associated-press\/v_kyr\">Associated Press<\/a><\/li>\n<\/ul>\n\n\n\n<ul class=\"wp-block-list\">\n<li><a href=\"https:\/\/facebook.com\/sharer.php?u=https%3a%2f%2fwww.vozdeamerica.com%2fa%2fharry-chandler-medico-marina-que-sobrevivio-ataque-japones-pearl-harbor-muere-%2f7921900.html\" target=\"_blank\" rel=\"noreferrer noopener\"><\/a><\/li>\n\n\n\n<li><a href=\"https:\/\/twitter.com\/share?url=https%3a%2f%2fwww.vozdeamerica.com%2fa%2fharry-chandler-medico-marina-que-sobrevivio-ataque-japones-pearl-harbor-muere-%2f7921900.html&amp;text=Harry+Chandler%2c+m%c3%a9dico+de+la+Marina+que+sobrevivi%c3%b3+ataque+japon%c3%a9s+a+Pearl+Harbor%2c+muere+a+los+103+a%c3%b1os\" target=\"_blank\" rel=\"noreferrer noopener\"><\/a><\/li>\n\n\n\n<li><\/li>\n\n\n\n<li><a href=\"mailto:?body=https%3a%2f%2fwww.vozdeamerica.com%2fa%2fharry-chandler-medico-marina-que-sobrevivio-ataque-japones-pearl-harbor-muere-%2f7921900.html&amp;subject=Harry%20Chandler,%20m%C3%A9dico%20de%20la%20Marina%20que%20sobrevivi%C3%B3%20ataque%20japon%C3%A9s%20a%20Pearl%20Harbor,%20muere%20a%20los%20103%20a%C3%B1os\"><\/a><\/li>\n<\/ul>\n\n\n\n<p><a href=\"https:\/\/www.vozdeamerica.com\/a\/harry-chandler-medico-marina-que-sobrevivio-ataque-japones-pearl-harbor-muere-\/7921900.html#comments\">&nbsp;Vea comentarios<\/a><\/p>\n\n\n\n<p>Falleci\u00f3 a los 103 a\u00f1os Harry Chandler, un m\u00e9dico de la Marina de EEUU que ayud\u00f3 a rescatar a los marineros heridos de las aguas de Pearl Harbor despu\u00e9s del ataque japon\u00e9s de 1941 a la base naval.<\/p>\n\n\n\n<p>Honolulu, Haw\u00e1i \u2014&nbsp;<\/p>\n\n\n\n<p>Harry Chandler, un m\u00e9dico de la Marina que ayud\u00f3 a rescatar a los marineros heridos de las aguas llenas de combustible de Pearl Harbor despu\u00e9s del ataque japon\u00e9s de 1941 a la base naval, ha muerto. Ten\u00eda 103 a\u00f1os.<\/p>\n\n\n\n<p>Chandler muri\u00f3 el lunes en un centro para personas mayores en Tequesta, Florida, seg\u00fan Ron Mahaffee, el esposo de su nieta Kelli Fahey. Chandler ten\u00eda insuficiencia card\u00edaca congestiva, pero Mahaffee dijo que los m\u00e9dicos y enfermeras tomaron nota de su avanzada edad al dar la causa de la muerte.<\/p>\n\n\n\n<p>El tercer sobreviviente de Pearl Harbor que muere en las \u00faltimas semanas, Chandler era un m\u00e9dico de hospital de tercera clase el 7 de diciembre de 1941, cuando oleadas de aviones de combate japoneses lanzaron bombas y dispararon ametralladoras contra los acorazados en el puerto y llevaron a Estados Unidos en la Segunda Guerra Mundial.<\/p>\n\n\n\n<p><a href=\"https:\/\/www.vozdeamerica.com\/a\/estados-unidos-conmemora-el-83-aniversario-del-ataque-a-pearl-harbor\/7890935.html\"><\/a><\/p>\n\n\n\n<p><a href=\"https:\/\/www.vozdeamerica.com\/a\/estados-unidos-conmemora-el-83-aniversario-del-ataque-a-pearl-harbor\/7890935.html\">Tambi\u00e9n lea<\/a><\/p>\n\n\n\n<h4 class=\"wp-block-heading\"><a href=\"https:\/\/www.vozdeamerica.com\/a\/estados-unidos-conmemora-el-83-aniversario-del-ataque-a-pearl-harbor\/7890935.html\">Estados Unidos conmemora el 83 aniversario del ataque a Pearl Harbor<\/a><\/h4>\n\n\n\n<p>En 2023, le dijo a&nbsp;<em>The Associated Press&nbsp;<\/em>que vio a los aviones acercarse mientras estaba izando la bandera esa ma\u00f1ana en un hospital m\u00f3vil en Aiea Heights, que est\u00e1 en las colinas que dominan la base.<\/p>\n\n\n\n<p>\u201cPens\u00e9 que eran aviones que ven\u00edan de Estados Unidos hasta que vi las bombas que ca\u00edan\u201d, dijo Chandler. Su primer instinto fue ponerse a cubierto y \u201csalir corriendo de all\u00ed\u201d.<\/p>\n\n\n\n<p>\u201cTen\u00eda miedo de que empezaran a ametrallar\u201d, dijo.<\/p>\n\n\n\n<p>Su unidad se desplaz\u00f3 en camiones para atender a los heridos. En una entrevista de historia oral de<em>&nbsp;Pacific Historic Parks<\/em>, dijo que subi\u00f3 a un barco para ayudar a sacar del agua a los marineros heridos.<\/p>\n\n\n\n<p>El puerto estaba cubierto de combustible de los barcos que explotaron, as\u00ed que Chandler lav\u00f3 a los marineros despu\u00e9s de sacarlos. Dijo que estaba demasiado concentrado en su trabajo como para tener miedo.<\/p>\n\n\n\n<p>\u00abHab\u00eda tanto movimiento que no ten\u00edas miedo. No ten\u00edas miedo en absoluto. Est\u00e1bamos ocupados. Fue despu\u00e9s de que te asustaste\u00bb, dijo Chandler.<\/p>\n\n\n\n<p>M\u00e1s tarde se dio cuenta de que podr\u00eda haber muerto, \u00abpero no pensaste en eso mientras estabas ocupado cuidando a la gente\u00bb.<\/p>\n\n\n\n<p>El ataque mat\u00f3 a m\u00e1s de 2.300 militares estadounidenses. Casi la mitad, o 1.177, eran marineros e infantes de Marina a bordo del USS Arizona, que se hundi\u00f3 nueve minutos despu\u00e9s de ser bombardeado.<\/p>\n\n\n\n<p>Los recuerdos de Chandler volvieron a fluir cuando visit\u00f3 Pearl Harbor para una ceremonia en 2023 en conmemoraci\u00f3n del 82\u00ba aniversario del bombardeo.<\/p>\n\n\n\n<p>\u201cMiro hacia all\u00e1 y todav\u00eda puedo ver lo que est\u00e1 pasando. Todav\u00eda puedo ver lo que estaba sucediendo\u201d, dijo Chandler a&nbsp;<em>The Associated Press<\/em>.<\/p>\n\n\n\n<p>Cuando se le pregunt\u00f3 qu\u00e9 quer\u00eda que los estadounidenses supieran sobre Pearl Harbor, dijo: \u201cEst\u00e9n preparados\u201d.<\/p>\n\n\n\n<p>\u201cDeber\u00edamos haber sabido que eso iba a suceder. La inteligencia tiene que ser mejor\u201d, dijo.<\/p>\n\n\n\n<p>Despu\u00e9s de la guerra, Chandler trabaj\u00f3 como pintor y empapelador y compr\u00f3 un negocio de tapicer\u00eda con su hermano. Tambi\u00e9n se uni\u00f3 a las reservas de la Marina, retir\u00e1ndose como jefe superior en 1981.<\/p>\n\n\n\n<p>Chandler naci\u00f3 en Holyoke, Massachusetts, y vivi\u00f3 la mayor parte de su vida adulta en la cercana South Hadley, dijo Mahaffee. En las \u00faltimas d\u00e9cadas dividi\u00f3 su tiempo entre Massachusetts y Florida.<\/p>\n\n\n\n<p>Un \u00e1vido golfista, hizo cinco hoyos en uno durante su vida, agreg\u00f3 su nieto pol\u00edtico.<\/p>\n\n\n\n<p>Chandler ten\u00eda una hija biol\u00f3gica y adopt\u00f3 dos hijas de su segundo matrimonio, con Anna Chandler, que muri\u00f3 en 2004. Le sobreviven dos hijas, nueve nietos, 17 bisnietos y cinco tataranietos.<\/p>\n\n\n\n<p>El historiador militar J. Michael Wenger ha estimado que hab\u00eda unos 87.000 efectivos militares en la isla de Oahu el d\u00eda del ataque. Con la muerte de Chandler, s\u00f3lo quedan 15 con vida, seg\u00fan un recuento llevado por Kathleen Farley, presidenta estatal de California de los Hijos e Hijas de los Sobrevivientes de Pearl Harbor.<\/p>\n\n\n\n<p>Bob Fern\u00e1ndez, que sirvi\u00f3 en el USS Curtiss, tambi\u00e9n muri\u00f3 este mes, a los 100 a\u00f1os, y Warren Upton, de 105 a\u00f1os, que sirvi\u00f3 en el USS Utah, muri\u00f3 la semana pasada.<\/p>\n","protected":false},"excerpt":{"rendered":"<p>ARCHIVO &#8211; El sobreviviente de Pearl Harbor, Harry Chandler, de Tequesta, Florida, habla con los medios durante la 82.a ceremonia del D\u00eda del Recuerdo de Pearl Harbor en Pearl Harbor en Honolulu, el 7 de diciembre de 2023. enero 02, 2025 &nbsp;Vea comentarios Falleci\u00f3 a los 103 a\u00f1os Harry Chandler, un m\u00e9dico de la Marina [&hellip;]<\/p>\n","protected":false},"author":28,"featured_media":586700,"comment_status":"closed","ping_status":"closed","sticky":true,"template":"","format":"standard","meta":{"footnotes":""},"categories":[36,26,23],"tags":[],"class_list":["post-586699","post","type-post","status-publish","format-standard","has-post-thumbnail","hentry","category-hombresmujeresycosas","category-efemerides","category-internacional"],"_links":{"self":[{"href":"https:\/\/diariodominicano.com\/index.php?rest_route=\/wp\/v2\/posts\/586699","targetHints":{"allow":["GET"]}}],"collection":[{"href":"https:\/\/diariodominicano.com\/index.php?rest_route=\/wp\/v2\/posts"}],"about":[{"href":"https:\/\/diariodominicano.com\/index.php?rest_route=\/wp\/v2\/types\/post"}],"author":[{"embeddable":true,"href":"https:\/\/diariodominicano.com\/index.php?rest_route=\/wp\/v2\/users\/28"}],"replies":[{"embeddable":true,"href":"https:\/\/diariodominicano.com\/index.php?rest_route=%2Fwp%2Fv2%2Fcomments&post=586699"}],"version-history":[{"count":1,"href":"https:\/\/diariodominicano.com\/index.php?rest_route=\/wp\/v2\/posts\/586699\/revisions"}],"predecessor-version":[{"id":586701,"href":"https:\/\/diariodominicano.com\/index.php?rest_route=\/wp\/v2\/posts\/586699\/revisions\/586701"}],"wp:featuredmedia":[{"embeddable":true,"href":"https:\/\/diariodominicano.com\/index.php?rest_route=\/wp\/v2\/media\/586700"}],"wp:attachment":[{"href":"https:\/\/diariodominicano.com\/index.php?rest_route=%2Fwp%2Fv2%2Fmedia&parent=586699"}],"wp:term":[{"taxonomy":"category","embeddable":true,"href":"https:\/\/diariodominicano.com\/index.php?rest_route=%2Fwp%2Fv2%2Fcategories&post=586699"},{"taxonomy":"post_tag","embeddable":true,"href":"https:\/\/diariodominicano.com\/index.php?rest_route=%2Fwp%2Fv2%2Ftags&post=586699"}],"curies":[{"name":"wp","href":"https:\/\/api.w.org\/{rel}","templated":true}]}}