{"id":586658,"date":"2025-01-01T23:44:44","date_gmt":"2025-01-02T03:44:44","guid":{"rendered":"https:\/\/diariodominicano.com\/?p=586658"},"modified":"2025-01-01T23:44:48","modified_gmt":"2025-01-02T03:44:48","slug":"maduro-saludo-aniversario-66-del-triunfo-de-la-revolucion-cubana","status":"publish","type":"post","link":"https:\/\/diariodominicano.com\/?p=586658","title":{"rendered":"Maduro salud\u00f3 aniversario 66 del triunfo de la Revoluci\u00f3n cubana"},"content":{"rendered":"\n<p>Caracas, 1 ene (Prensa Latina) El presidente de Venezuela, Nicol\u00e1s Maduro, salud\u00f3 hoy el aniversario 66 del triunfo de la Revoluci\u00f3n cubana y envi\u00f3 un abrazo al presidente Miguel D\u00edaz-Canel y al General de Ej\u00e9rcito, Ra\u00fal Castro Ruz.<\/p>\n\n\n\n<ul class=\"wp-block-list\">\n<li><a href=\"https:\/\/www.prensa-latina.cu\/2025\/01\/01\/\"><time>enero 1, 2025 | 08:30<\/time><\/a><\/li>\n<\/ul>\n\n\n\n<ul class=\"wp-block-list\">\n<li><a href=\"https:\/\/www.prensa-latina.cu\/2025\/01\/01\/maduro-saludo-aniversario-66-del-triunfo-de-la-revolucion-cubana\/#\"><\/a><\/li>\n\n\n\n<li><a href=\"https:\/\/www.prensa-latina.cu\/2025\/01\/01\/maduro-saludo-aniversario-66-del-triunfo-de-la-revolucion-cubana\/#\"><\/a><\/li>\n\n\n\n<li><a href=\"https:\/\/www.prensa-latina.cu\/2025\/01\/01\/maduro-saludo-aniversario-66-del-triunfo-de-la-revolucion-cubana\/#\"><\/a><\/li>\n\n\n\n<li><a href=\"https:\/\/www.prensa-latina.cu\/2025\/01\/01\/maduro-saludo-aniversario-66-del-triunfo-de-la-revolucion-cubana\/#\"><\/a><\/li>\n<\/ul>\n\n\n\n<p>En su cuenta de Telegram el mandatario bolivariano expres\u00f3 que ambos revolucionarios \u201cse mantienen con firmeza, defendiendo los caminos de independencia, soberan\u00eda y dignidad, ejemplo para los pueblos de nuestra Am\u00e9rica\u201d.<\/p>\n\n\n\n<p>Signific\u00f3 que son \u201c\u00a166 a\u00f1os de sacrificio, resistencia y ejemplo para el mundo! \u00a1Feliz Cumplea\u00f1os a la Revoluci\u00f3n Cubana!\u201d.<\/p>\n\n\n\n<p>\u201cMi saludo y reconocimiento a nuestros hermanos y hermanas, herederos y herederas de la gloria del Comandante Fidel Castro y del Ej\u00e9rcito Rebelde que venci\u00f3, un d\u00eda como hoy, a la atroz dictadura de Batista\u201d, indic\u00f3.<\/p>\n\n\n\n<p>Maduro destac\u00f3 que es un d\u00eda especial en el que recordamos la rebeld\u00eda, la lealtad y la determinaci\u00f3n de un pueblo que jam\u00e1s se rendir\u00e1 frente a las pretensiones del imperialismo yanqui.<\/p>\n\n\n\n<p>\u201c\u00a1Viva (Jos\u00e9) Mart\u00ed! \u00a1Viva Fidel! \u00a1Viva el pueblo Cubano!\u201d, exalt\u00f3.<\/p>\n\n\n\n<p>Un audiovisual que acompa\u00f1a el mensaje mostr\u00f3 im\u00e1genes de la entrada del l\u00edder hist\u00f3rico de la Revoluci\u00f3n cubana, Fidel Castro, a La Habana el 1 de enero de 1959, y en su voz el concepto de Revoluci\u00f3n, legado a las nuevas generaciones de revolucionarios.<\/p>\n\n\n\n<p>mem\/jcd<\/p>\n\n\n\n<ul class=\"wp-block-list\">\n<li>#<a href=\"https:\/\/www.prensa-latina.cu\/etiqueta\/cuba\/\">cuba<\/a>\u00a0#<a href=\"https:\/\/www.prensa-latina.cu\/etiqueta\/venezuela\/\">Venezuela<\/a><\/li>\n<\/ul>\n","protected":false},"excerpt":{"rendered":"<p>Caracas, 1 ene (Prensa Latina) El presidente de Venezuela, Nicol\u00e1s Maduro, salud\u00f3 hoy el aniversario 66 del triunfo de la Revoluci\u00f3n cubana y envi\u00f3 un abrazo al presidente Miguel D\u00edaz-Canel y al General de Ej\u00e9rcito, Ra\u00fal Castro Ruz. En su cuenta de Telegram el mandatario bolivariano expres\u00f3 que ambos revolucionarios \u201cse mantienen con firmeza, defendiendo [&hellip;]<\/p>\n","protected":false},"author":28,"featured_media":586659,"comment_status":"closed","ping_status":"closed","sticky":true,"template":"","format":"standard","meta":{"footnotes":""},"categories":[26,23],"tags":[],"class_list":["post-586658","post","type-post","status-publish","format-standard","has-post-thumbnail","hentry","category-efemerides","category-internacional"],"_links":{"self":[{"href":"https:\/\/diariodominicano.com\/index.php?rest_route=\/wp\/v2\/posts\/586658","targetHints":{"allow":["GET"]}}],"collection":[{"href":"https:\/\/diariodominicano.com\/index.php?rest_route=\/wp\/v2\/posts"}],"about":[{"href":"https:\/\/diariodominicano.com\/index.php?rest_route=\/wp\/v2\/types\/post"}],"author":[{"embeddable":true,"href":"https:\/\/diariodominicano.com\/index.php?rest_route=\/wp\/v2\/users\/28"}],"replies":[{"embeddable":true,"href":"https:\/\/diariodominicano.com\/index.php?rest_route=%2Fwp%2Fv2%2Fcomments&post=586658"}],"version-history":[{"count":1,"href":"https:\/\/diariodominicano.com\/index.php?rest_route=\/wp\/v2\/posts\/586658\/revisions"}],"predecessor-version":[{"id":586660,"href":"https:\/\/diariodominicano.com\/index.php?rest_route=\/wp\/v2\/posts\/586658\/revisions\/586660"}],"wp:featuredmedia":[{"embeddable":true,"href":"https:\/\/diariodominicano.com\/index.php?rest_route=\/wp\/v2\/media\/586659"}],"wp:attachment":[{"href":"https:\/\/diariodominicano.com\/index.php?rest_route=%2Fwp%2Fv2%2Fmedia&parent=586658"}],"wp:term":[{"taxonomy":"category","embeddable":true,"href":"https:\/\/diariodominicano.com\/index.php?rest_route=%2Fwp%2Fv2%2Fcategories&post=586658"},{"taxonomy":"post_tag","embeddable":true,"href":"https:\/\/diariodominicano.com\/index.php?rest_route=%2Fwp%2Fv2%2Ftags&post=586658"}],"curies":[{"name":"wp","href":"https:\/\/api.w.org\/{rel}","templated":true}]}}