{"id":586655,"date":"2025-01-01T23:42:44","date_gmt":"2025-01-02T03:42:44","guid":{"rendered":"https:\/\/diariodominicano.com\/?p=586655"},"modified":"2025-01-01T23:42:49","modified_gmt":"2025-01-02T03:42:49","slug":"biden-condena-ataque-en-nueva-orleans","status":"publish","type":"post","link":"https:\/\/diariodominicano.com\/?p=586655","title":{"rendered":"Biden condena ataque en Nueva Orleans"},"content":{"rendered":"\n<p>Washington, 1 ene (Prensa Latina) El presidente de Estados Unidos, Joe Biden, conden\u00f3 hoy el ataque durante la celebraci\u00f3n por la llegada de 2025 en Nueva Orleans, que dej\u00f3 15 muertos y m\u00e1s de 35 heridos en un atropellamiento masivo.<\/p>\n\n\n\n<ul class=\"wp-block-list\">\n<li><a href=\"https:\/\/www.prensa-latina.cu\/2025\/01\/01\/\"><time>enero 1, 2025 | 20:31<\/time><\/a><\/li>\n<\/ul>\n\n\n\n<ul class=\"wp-block-list\">\n<li><a href=\"https:\/\/www.prensa-latina.cu\/2025\/01\/01\/biden-condena-ataque-en-nueva-orleans\/#\"><\/a><\/li>\n\n\n\n<li><a href=\"https:\/\/www.prensa-latina.cu\/2025\/01\/01\/biden-condena-ataque-en-nueva-orleans\/#\"><\/a><\/li>\n\n\n\n<li><a href=\"https:\/\/www.prensa-latina.cu\/2025\/01\/01\/biden-condena-ataque-en-nueva-orleans\/#\"><\/a><\/li>\n\n\n\n<li><a href=\"https:\/\/www.prensa-latina.cu\/2025\/01\/01\/biden-condena-ataque-en-nueva-orleans\/#\"><\/a><\/li>\n<\/ul>\n\n\n\n<p>Biden hizo una declaraci\u00f3n por TV la noche de este mi\u00e9rcoles, en la cual afirm\u00f3 que el atacante -de quien se dice ahora que era un veterano del ej\u00e9rcito con problemas financieros- public\u00f3 en redes sociales un video que indicaba que se inspir\u00f3 en el Estado Isl\u00e1mico y que adem\u00e1s hab\u00eda manifestado un \u00abdeseo de matar\u00bb.<\/p>\n\n\n\n<p>Dijo que \u201cla bandera de ISIS (acr\u00f3nimo en ingl\u00e9s del grupo terrorista) fue encontrada en su veh\u00edculo\u201d y a\u00f1adi\u00f3 que nadie deber\u00eda sacar conclusiones apresuradas sobre la investigaci\u00f3n.<\/p>\n\n\n\n<p>A su vez enfatiz\u00f3 que mantendr\u00eda al pa\u00eds \u201ccompletamente informado en todo momento\u201d y que las autoridades estaban investigando si hab\u00eda una conexi\u00f3n entre este atentado y la explosi\u00f3n del Tesla Cybertruck frente al Hotel Trump Internacional en Las Vegas (que ocasion\u00f3 un fallecido y siete heridos leves).<\/p>\n\n\n\n<p>Antes, el gobernante advirti\u00f3 que Estados Unidos no tolerar\u00e1 ataques contra sus ciudadanos. \u00abNo hay justificaci\u00f3n para la violencia de ning\u00fan tipo y no toleraremos ning\u00fan ataque contra ninguna de las comunidades de nuestra naci\u00f3n\u00bb, expres\u00f3 el mandatario dem\u00f3crata en un comunicado poco despu\u00e9s del incidente ocurrido en la madrugada.<\/p>\n\n\n\n<p>La polic\u00eda identific\u00f3 al autor de la masacre como Shamsud Din Jabbar, de 42 a\u00f1os, estadounidense de Texas, quien embisti\u00f3 su veh\u00edculo contra la multitud en el concurrido Barrio Franc\u00e9s de esa ciudad del estado de Luisiana. Fue abatido en un enfrentamiento a tiros con los agentes.<\/p>\n\n\n\n<p>El FBI investiga el incidente como un acto de terrorismo y se\u00f1al\u00f3 que no cree que el conductor haya actuado solo.<\/p>\n\n\n\n<p>Tambi\u00e9n subray\u00f3 que Jabbar estaba vestido con equipo militar y que en el veh\u00edculo encontraron armas y explosivos.<\/p>\n\n\n\n<p>Aerol\u00edneas como Delta alertaron que debido a la situaci\u00f3n de seguridad en Nueva Orleans los viajes podr\u00edan experimentar interrupciones y ofrecieron opciones para que los clientes pudieran reprogramar vuelos.<\/p>\n\n\n\n<p>rc\/dfm<\/p>\n\n\n\n<p>MINUTO A MINUTO<\/p>\n\n\n\n<ul class=\"wp-block-list\">\n<li>22:26<\/li>\n<\/ul>\n\n\n\n<p><a href=\"https:\/\/www.prensa-latina.cu\/2025\/01\/01\/graduados-guatemaltecos-de-la-elam-felicitaron-al-pueblo-de-cuba\/\">Graduados guatemaltecos de la Elam felicitaron al pueblo de Cuba<\/a><\/p>\n\n\n\n<ul class=\"wp-block-list\">\n<li>22:14<\/li>\n<\/ul>\n\n\n\n<p><a href=\"https:\/\/www.prensa-latina.cu\/2025\/01\/01\/primera-alerta-roja-de-2025-por-incendio-forestal-en-chile\/\">Primera alerta roja de 2025 por incendio forestal en Chile<\/a><\/p>\n\n\n\n<ul class=\"wp-block-list\">\n<li>22:11<\/li>\n<\/ul>\n\n\n\n<p><a href=\"https:\/\/www.prensa-latina.cu\/2025\/01\/01\/juan-pablo-ajpacaja-nueva-autoridad-de-los-48-cantones-en-guatemala\/\">Juan Pablo Ajpacaj\u00e1, nueva autoridad de los 48 Cantones en Guatemala<\/a><\/p>\n\n\n\n<ul class=\"wp-block-list\">\n<li>22:06<\/li>\n<\/ul>\n\n\n\n<p><a href=\"https:\/\/www.prensa-latina.cu\/2025\/01\/01\/saludan-desde-canada-aniversario-de-revolucion-cubana\/\">Saludan desde Canad\u00e1 aniversario de Revoluci\u00f3n cubana<\/a><\/p>\n\n\n\n<ul class=\"wp-block-list\">\n<li>20:31<\/li>\n<\/ul>\n\n\n\n<p><a href=\"https:\/\/www.prensa-latina.cu\/2025\/01\/01\/biden-condena-ataque-en-nueva-orleans\/\">Biden condena ataque en Nueva Orleans<\/a><\/p>\n\n\n\n<ul class=\"wp-block-list\">\n<li>20:17<\/li>\n<\/ul>\n\n\n\n<p><a href=\"https:\/\/www.prensa-latina.cu\/2025\/01\/01\/legado-de-revolucion-cubana-es-indiscutible-afirma-partido-peruano\/\">Legado de Revoluci\u00f3n Cubana es indiscutible, afirma partido peruano<\/a><\/p>\n\n\n\n<p>relacionadas<\/p>\n","protected":false},"excerpt":{"rendered":"<p>Washington, 1 ene (Prensa Latina) El presidente de Estados Unidos, Joe Biden, conden\u00f3 hoy el ataque durante la celebraci\u00f3n por la llegada de 2025 en Nueva Orleans, que dej\u00f3 15 muertos y m\u00e1s de 35 heridos en un atropellamiento masivo. Biden hizo una declaraci\u00f3n por TV la noche de este mi\u00e9rcoles, en la cual afirm\u00f3 [&hellip;]<\/p>\n","protected":false},"author":28,"featured_media":586656,"comment_status":"closed","ping_status":"closed","sticky":true,"template":"","format":"standard","meta":{"footnotes":""},"categories":[23],"tags":[],"class_list":["post-586655","post","type-post","status-publish","format-standard","has-post-thumbnail","hentry","category-internacional"],"_links":{"self":[{"href":"https:\/\/diariodominicano.com\/index.php?rest_route=\/wp\/v2\/posts\/586655","targetHints":{"allow":["GET"]}}],"collection":[{"href":"https:\/\/diariodominicano.com\/index.php?rest_route=\/wp\/v2\/posts"}],"about":[{"href":"https:\/\/diariodominicano.com\/index.php?rest_route=\/wp\/v2\/types\/post"}],"author":[{"embeddable":true,"href":"https:\/\/diariodominicano.com\/index.php?rest_route=\/wp\/v2\/users\/28"}],"replies":[{"embeddable":true,"href":"https:\/\/diariodominicano.com\/index.php?rest_route=%2Fwp%2Fv2%2Fcomments&post=586655"}],"version-history":[{"count":1,"href":"https:\/\/diariodominicano.com\/index.php?rest_route=\/wp\/v2\/posts\/586655\/revisions"}],"predecessor-version":[{"id":586657,"href":"https:\/\/diariodominicano.com\/index.php?rest_route=\/wp\/v2\/posts\/586655\/revisions\/586657"}],"wp:featuredmedia":[{"embeddable":true,"href":"https:\/\/diariodominicano.com\/index.php?rest_route=\/wp\/v2\/media\/586656"}],"wp:attachment":[{"href":"https:\/\/diariodominicano.com\/index.php?rest_route=%2Fwp%2Fv2%2Fmedia&parent=586655"}],"wp:term":[{"taxonomy":"category","embeddable":true,"href":"https:\/\/diariodominicano.com\/index.php?rest_route=%2Fwp%2Fv2%2Fcategories&post=586655"},{"taxonomy":"post_tag","embeddable":true,"href":"https:\/\/diariodominicano.com\/index.php?rest_route=%2Fwp%2Fv2%2Ftags&post=586655"}],"curies":[{"name":"wp","href":"https:\/\/api.w.org\/{rel}","templated":true}]}}