{"id":586652,"date":"2025-01-01T23:39:42","date_gmt":"2025-01-02T03:39:42","guid":{"rendered":"https:\/\/diariodominicano.com\/?p=586652"},"modified":"2025-01-01T23:39:45","modified_gmt":"2025-01-02T03:39:45","slug":"autoridades-de-cuba-felicitan-al-pueblo-por-triunfo-de-la-revolucion","status":"publish","type":"post","link":"https:\/\/diariodominicano.com\/?p=586652","title":{"rendered":"Autoridades de Cuba felicitan al pueblo por triunfo de la Revoluci\u00f3n"},"content":{"rendered":"\n<p>La Habana, 1 ene (Prensa Latina) Autoridades cubanas saludaron hoy el aniversario 66 del triunfo de la Revoluci\u00f3n, que cada 1 de enero celebra la entrada triunfal de Fidel Castro y el Ej\u00e9rcito Rebelde a Santiago de Cuba (oriente) en 1959.<\/p>\n\n\n\n<ul class=\"wp-block-list\">\n<li><a href=\"https:\/\/www.prensa-latina.cu\/2025\/01\/01\/\"><time>enero 1, 2025 | 08:31<\/time><\/a><\/li>\n<\/ul>\n\n\n\n<ul class=\"wp-block-list\">\n<li><a href=\"https:\/\/www.prensa-latina.cu\/2025\/01\/01\/autoridades-de-cuba-felicitan-al-pueblo-por-triunfo-de-la-revolucion\/#\"><\/a><\/li>\n\n\n\n<li><a href=\"https:\/\/www.prensa-latina.cu\/2025\/01\/01\/autoridades-de-cuba-felicitan-al-pueblo-por-triunfo-de-la-revolucion\/#\"><\/a><\/li>\n\n\n\n<li><a href=\"https:\/\/www.prensa-latina.cu\/2025\/01\/01\/autoridades-de-cuba-felicitan-al-pueblo-por-triunfo-de-la-revolucion\/#\"><\/a><\/li>\n\n\n\n<li><a href=\"https:\/\/www.prensa-latina.cu\/2025\/01\/01\/autoridades-de-cuba-felicitan-al-pueblo-por-triunfo-de-la-revolucion\/#\"><\/a><\/li>\n<\/ul>\n\n\n\n<p>El jefe de Estado, Miguel D\u00edaz-Canel, emiti\u00f3 su mensaje de felicitaci\u00f3n en diversos medios la v\u00edspera a solo minutos del arribo a la fecha que represent\u00f3 la emancipaci\u00f3n del pueblo de la isla caribe\u00f1a del imperialismo estadounidense que sosten\u00eda al tirano Fulgencio Batista (1952-1958).<\/p>\n\n\n\n<p>\u201cQueridos compatriotas: Infinitas gracias por el hero\u00edsmo frente a la barbarie de la guerra econ\u00f3mica que se nos hace, declar\u00f3 el tambi\u00e9n Primer Secretario del Comit\u00e9 Central del Partido Comunista.<\/p>\n\n\n\n<p>Asimismo, el mandatario inst\u00f3 en su mensaje divulgado en X, a recordar el a\u00f1o que culmina, por los \u00e9xitos alcanzados m\u00e1s que por los obst\u00e1culos que se sobrepasaron:<\/p>\n\n\n\n<p>\u00abHonra y emociona sobremanera saberse parte de este pueblo que no naci\u00f3 destinado a la grandeza. Se la ha ganado a golpe de hero\u00edsmo y creatividad en la resistencia. Viva por siempre Cuba libre y soberana por la voluntad de su pueblo\u00bb, escribi\u00f3 el presidente de la Rep\u00fablica.<\/p>\n\n\n\n<p>\u201cFelicidades al heroico pueblo cubano por el Aniversario 66 del Triunfo de la Revoluci\u00f3n y por el A\u00f1o Nuevo 2025. Seguiremos adelante con unidad, la firme gu\u00eda de nuestro @PartidoPCC, el legado de nuestra historia y la convicci\u00f3n de avanzar Hasta la Victoria Siempre\u201d.<\/p>\n\n\n\n<p>Este 1 de Enero celebramos invictos, con alegr\u00eda, patriotismo y orgullo, #66A\u00f1osEnRevoluci\u00f3n, a\u00f1adi\u00f3.<\/p>\n\n\n\n<p>De su parte el presidente de la Asamblea Nacional (parlamento), Esteban Lazo asegur\u00f3 en esa propia red social que la isla seguir\u00e1 adelante con unidad y la firme gu\u00eda del Partido y la convicci\u00f3n de \u201cavanzar hasta la victoria siempre\u201d.<\/p>\n\n\n\n<p>El primer ministro, Manuel Marrero envi\u00f3 igualmente una felicitaci\u00f3n por el nuevo a\u00f1o, y augur\u00f3 \u201cmuchos desaf\u00edos, pero con el ejemplo de los l\u00edderes hist\u00f3ricos de la Revoluci\u00f3n y bajo la gu\u00eda del Partido, seguiremos combatiendo junto a nuestro pueblo, con nuevos br\u00edos, alegr\u00eda y optimismo, seguros de que saldremos adelante\u201d, apunt\u00f3.<\/p>\n\n\n\n<p>Tambi\u00e9n el canciller, Bruno Rodr\u00edguez, asever\u00f3 que \u201c#ConLaFuerzaDeLaUnidad nuestro pueblo ha defendido la independencia y justicia social en Cuba, resistiendo agresiones imperialistas y el recrudecido bloqueo genocida del gobierno EEUU\u201d.<\/p>\n\n\n\n<p>El mayor archipi\u00e9lago de las Antillas celebra la efem\u00e9ride inmersa en la defensa de su derecho a la soberan\u00eda, la autodeterminaci\u00f3n, y el desarrollo, frente a la creciente hostilidad de Estados Unidos.<\/p>\n\n\n\n<p>mem\/lld<\/p>\n\n\n\n<ul class=\"wp-block-list\">\n<li>#<a href=\"https:\/\/www.prensa-latina.cu\/etiqueta\/1959\/\">1959<\/a>\u00a0#<a href=\"https:\/\/www.prensa-latina.cu\/etiqueta\/aniversario66\/\">aniversario66<\/a>\u00a0#<a href=\"https:\/\/www.prensa-latina.cu\/etiqueta\/cuba\/\">cuba<\/a>\u00a0#<a href=\"https:\/\/www.prensa-latina.cu\/etiqueta\/presidente\/\">presidente<\/a><\/li>\n<\/ul>\n","protected":false},"excerpt":{"rendered":"<p>La Habana, 1 ene (Prensa Latina) Autoridades cubanas saludaron hoy el aniversario 66 del triunfo de la Revoluci\u00f3n, que cada 1 de enero celebra la entrada triunfal de Fidel Castro y el Ej\u00e9rcito Rebelde a Santiago de Cuba (oriente) en 1959. El jefe de Estado, Miguel D\u00edaz-Canel, emiti\u00f3 su mensaje de felicitaci\u00f3n en diversos medios [&hellip;]<\/p>\n","protected":false},"author":28,"featured_media":586653,"comment_status":"closed","ping_status":"closed","sticky":true,"template":"","format":"standard","meta":{"footnotes":""},"categories":[36,26],"tags":[],"class_list":["post-586652","post","type-post","status-publish","format-standard","has-post-thumbnail","hentry","category-hombresmujeresycosas","category-efemerides"],"_links":{"self":[{"href":"https:\/\/diariodominicano.com\/index.php?rest_route=\/wp\/v2\/posts\/586652","targetHints":{"allow":["GET"]}}],"collection":[{"href":"https:\/\/diariodominicano.com\/index.php?rest_route=\/wp\/v2\/posts"}],"about":[{"href":"https:\/\/diariodominicano.com\/index.php?rest_route=\/wp\/v2\/types\/post"}],"author":[{"embeddable":true,"href":"https:\/\/diariodominicano.com\/index.php?rest_route=\/wp\/v2\/users\/28"}],"replies":[{"embeddable":true,"href":"https:\/\/diariodominicano.com\/index.php?rest_route=%2Fwp%2Fv2%2Fcomments&post=586652"}],"version-history":[{"count":1,"href":"https:\/\/diariodominicano.com\/index.php?rest_route=\/wp\/v2\/posts\/586652\/revisions"}],"predecessor-version":[{"id":586654,"href":"https:\/\/diariodominicano.com\/index.php?rest_route=\/wp\/v2\/posts\/586652\/revisions\/586654"}],"wp:featuredmedia":[{"embeddable":true,"href":"https:\/\/diariodominicano.com\/index.php?rest_route=\/wp\/v2\/media\/586653"}],"wp:attachment":[{"href":"https:\/\/diariodominicano.com\/index.php?rest_route=%2Fwp%2Fv2%2Fmedia&parent=586652"}],"wp:term":[{"taxonomy":"category","embeddable":true,"href":"https:\/\/diariodominicano.com\/index.php?rest_route=%2Fwp%2Fv2%2Fcategories&post=586652"},{"taxonomy":"post_tag","embeddable":true,"href":"https:\/\/diariodominicano.com\/index.php?rest_route=%2Fwp%2Fv2%2Ftags&post=586652"}],"curies":[{"name":"wp","href":"https:\/\/api.w.org\/{rel}","templated":true}]}}