{"id":586649,"date":"2025-01-01T23:37:12","date_gmt":"2025-01-02T03:37:12","guid":{"rendered":"https:\/\/diariodominicano.com\/?p=586649"},"modified":"2025-01-01T23:37:17","modified_gmt":"2025-01-02T03:37:17","slug":"celebran-en-argentina-aniversario-66-de-revolucion-cubana","status":"publish","type":"post","link":"https:\/\/diariodominicano.com\/?p=586649","title":{"rendered":"Celebran en Argentina aniversario 66 de Revoluci\u00f3n cubana"},"content":{"rendered":"\n<p>Buenos Aires, 1 ene (Prensa Latina) Trabajadores y diplom\u00e1ticos de Cuba en Argentina celebraron hoy el aniversario 66 del triunfo de la Revoluci\u00f3n en el pa\u00eds caribe\u00f1o y reiteraron su compromiso con su Gobierno y pueblo.<\/p>\n\n\n\n<ul class=\"wp-block-list\">\n<li><a href=\"https:\/\/www.prensa-latina.cu\/2025\/01\/01\/\"><time>enero 1, 2025 | 09:25<\/time><\/a><\/li>\n<\/ul>\n\n\n\n<ul class=\"wp-block-list\">\n<li><a href=\"https:\/\/www.prensa-latina.cu\/2025\/01\/01\/celebran-en-argentina-aniversario-66-de-revolucion-cubana\/#\"><\/a><\/li>\n\n\n\n<li><a href=\"https:\/\/www.prensa-latina.cu\/2025\/01\/01\/celebran-en-argentina-aniversario-66-de-revolucion-cubana\/#\"><\/a><\/li>\n\n\n\n<li><a href=\"https:\/\/www.prensa-latina.cu\/2025\/01\/01\/celebran-en-argentina-aniversario-66-de-revolucion-cubana\/#\"><\/a><\/li>\n\n\n\n<li><a href=\"https:\/\/www.prensa-latina.cu\/2025\/01\/01\/celebran-en-argentina-aniversario-66-de-revolucion-cubana\/#\"><\/a><\/li>\n<\/ul>\n\n\n\n<p>Durante un acto en esta capital, el embajador Pedro Pablo Prada destac\u00f3 la necesidad de continuar defendiendo los valores y principios de ese proceso, marcado por su esencia humanista y su car\u00e1cter antiimperialista.<\/p>\n\n\n\n<p>En esta fecha, debemos recordar a quienes nos precedieron y a los m\u00e1rtires del servicio exterior, a quienes en las m\u00e1s complejas circunstancias representaron a la patria con honor y orgullo. Por ella, por esa tierra a la que nos debemos todos, decimos: \u00a1Viva Cuba libre!, afirm\u00f3.<\/p>\n\n\n\n<p>Por su parte, la Uni\u00f3n de Residentes Cubanos en Argentina (URCA) envi\u00f3 un mensaje en el que se\u00f1al\u00f3 que el 1 de enero de 1959 \u201cmarc\u00f3 el inicio de un proceso transformador que, a pesar de los innumerables desaf\u00edos impuestos, logr\u00f3 mantenerse firme, defendiendo su soberan\u00eda, justicia social y dignidad\u201d.<\/p>\n\n\n\n<p>A lo largo de m\u00e1s de seis d\u00e9cadas, el pueblo cubano demostr\u00f3 una valent\u00eda y resiliencia incomparables frente a las adversidades, incluyendo el prolongado bloqueo econ\u00f3mico, financiero y comercial impuesto por Estados Unidos. Pese a estas injustas presiones, la Revoluci\u00f3n sigue adelante, a\u00f1ade el texto.<\/p>\n\n\n\n<p>Adem\u00e1s, reitera el apoyo de la URCA al pueblo de la isla y lo felicita por su unidad y compromiso.<\/p>\n\n\n\n<p>Desde la distancia, nos unimos a la celebraci\u00f3n de este 66 aniversario y expresamos nuestro deseo de un 2025 lleno de \u00e9xitos, solidaridad y progreso para Cuba y su Revoluci\u00f3n, indica el documento.<\/p>\n\n\n\n<p>A su vez, el polit\u00f3logo argentino Atilio Bor\u00f3n resalt\u00f3 que el triunfo revolucionario marc\u00f3 la historia contempor\u00e1nea de Am\u00e9rica Latina y dio inicio a la lucha, inacabada todav\u00eda, por la segunda y definitiva independencia de la regi\u00f3n.<\/p>\n\n\n\n<p>Cuba logr\u00f3 enfrentar y desbaratar todo lo que el imperio plane\u00f3 contra ella y lo seguir\u00e1 haciendo. Adem\u00e1s, hizo de la solidaridad un culto pues entrega no lo que le sobra, sino lo que tiene. Siempre podr\u00e1 contar con nosotros, as\u00ed como sabemos que podemos contar con ella, dijo.<\/p>\n\n\n\n<p>ro\/gas<\/p>\n\n\n\n<ul class=\"wp-block-list\">\n<li>#<a href=\"https:\/\/www.prensa-latina.cu\/etiqueta\/argentina\/\">argentina<\/a>\u00a0#<a href=\"https:\/\/www.prensa-latina.cu\/etiqueta\/cuba\/\">cuba<\/a><\/li>\n<\/ul>\n","protected":false},"excerpt":{"rendered":"<p>Buenos Aires, 1 ene (Prensa Latina) Trabajadores y diplom\u00e1ticos de Cuba en Argentina celebraron hoy el aniversario 66 del triunfo de la Revoluci\u00f3n en el pa\u00eds caribe\u00f1o y reiteraron su compromiso con su Gobierno y pueblo. Durante un acto en esta capital, el embajador Pedro Pablo Prada destac\u00f3 la necesidad de continuar defendiendo los valores [&hellip;]<\/p>\n","protected":false},"author":28,"featured_media":586650,"comment_status":"closed","ping_status":"closed","sticky":true,"template":"","format":"standard","meta":{"footnotes":""},"categories":[26,23],"tags":[],"class_list":["post-586649","post","type-post","status-publish","format-standard","has-post-thumbnail","hentry","category-efemerides","category-internacional"],"_links":{"self":[{"href":"https:\/\/diariodominicano.com\/index.php?rest_route=\/wp\/v2\/posts\/586649","targetHints":{"allow":["GET"]}}],"collection":[{"href":"https:\/\/diariodominicano.com\/index.php?rest_route=\/wp\/v2\/posts"}],"about":[{"href":"https:\/\/diariodominicano.com\/index.php?rest_route=\/wp\/v2\/types\/post"}],"author":[{"embeddable":true,"href":"https:\/\/diariodominicano.com\/index.php?rest_route=\/wp\/v2\/users\/28"}],"replies":[{"embeddable":true,"href":"https:\/\/diariodominicano.com\/index.php?rest_route=%2Fwp%2Fv2%2Fcomments&post=586649"}],"version-history":[{"count":1,"href":"https:\/\/diariodominicano.com\/index.php?rest_route=\/wp\/v2\/posts\/586649\/revisions"}],"predecessor-version":[{"id":586651,"href":"https:\/\/diariodominicano.com\/index.php?rest_route=\/wp\/v2\/posts\/586649\/revisions\/586651"}],"wp:featuredmedia":[{"embeddable":true,"href":"https:\/\/diariodominicano.com\/index.php?rest_route=\/wp\/v2\/media\/586650"}],"wp:attachment":[{"href":"https:\/\/diariodominicano.com\/index.php?rest_route=%2Fwp%2Fv2%2Fmedia&parent=586649"}],"wp:term":[{"taxonomy":"category","embeddable":true,"href":"https:\/\/diariodominicano.com\/index.php?rest_route=%2Fwp%2Fv2%2Fcategories&post=586649"},{"taxonomy":"post_tag","embeddable":true,"href":"https:\/\/diariodominicano.com\/index.php?rest_route=%2Fwp%2Fv2%2Ftags&post=586649"}],"curies":[{"name":"wp","href":"https:\/\/api.w.org\/{rel}","templated":true}]}}