{"id":586643,"date":"2025-01-01T23:30:16","date_gmt":"2025-01-02T03:30:16","guid":{"rendered":"https:\/\/diariodominicano.com\/?p=586643"},"modified":"2025-01-01T23:30:22","modified_gmt":"2025-01-02T03:30:22","slug":"inteligencia-artificial-desafios-para-2025","status":"publish","type":"post","link":"https:\/\/diariodominicano.com\/?p=586643","title":{"rendered":"Inteligencia Artificial: desaf\u00edos para 2025"},"content":{"rendered":"\n<p>ARCHIVO &#8211; Se ve un cartel de IA (Inteligencia Artificial) en la Conferencia Mundial de Inteligencia Artificial (WAIC, en ingl\u00e9s) en Shangh\u00e1i.<\/p>\n\n\n\n<p>enero 01, 2025<\/p>\n\n\n\n<ul class=\"wp-block-list\">\n<li><a href=\"https:\/\/www.vozdeamerica.com\/author\/antoni-belchi\/mymyv\">Antoni Belchi<\/a><\/li>\n<\/ul>\n\n\n\n<ul class=\"wp-block-list\">\n<li><a href=\"https:\/\/facebook.com\/sharer.php?u=https%3a%2f%2fwww.vozdeamerica.com%2fa%2finteligencia-artificial-desafios-2025%2f7918183.html\" target=\"_blank\" rel=\"noreferrer noopener\"><\/a><\/li>\n\n\n\n<li><a href=\"https:\/\/twitter.com\/share?url=https%3a%2f%2fwww.vozdeamerica.com%2fa%2finteligencia-artificial-desafios-2025%2f7918183.html&amp;text=Inteligencia+Artificial%3a+desaf%c3%ados+para+2025\" target=\"_blank\" rel=\"noreferrer noopener\"><\/a><\/li>\n\n\n\n<li><\/li>\n\n\n\n<li><a href=\"mailto:?body=https%3a%2f%2fwww.vozdeamerica.com%2fa%2finteligencia-artificial-desafios-2025%2f7918183.html&amp;subject=Inteligencia%20Artificial:%20desaf%C3%ADos%20para%202025\"><\/a><\/li>\n<\/ul>\n\n\n\n<p><a href=\"https:\/\/www.vozdeamerica.com\/a\/inteligencia-artificial-desafios-2025\/7918183.html#comments\">&nbsp;Vea comentarios<\/a><\/p>\n\n\n\n<p>La r\u00e1pida evoluci\u00f3n de la IA plantea retos para 2025: desde regular su impacto en la democracia hasta mitigar riesgos como la desinformaci\u00f3n. Expertos destacan la necesidad de marcos regulatorios, reducci\u00f3n de desigualdades digitales y un debate p\u00fablico inclusivo, especialmente en Latinoam\u00e9rica.<\/p>\n\n\n\n<p>MIAMI, EEUU \u2014&nbsp;<\/p>\n\n\n\n<p>No hay duda de que la inteligencia artificial (IA) est\u00e1 reconfigurando el panorama en varios escenarios, desde la pol\u00edtica hasta el periodismo y la democracia. Sin embargo, su r\u00e1pida evoluci\u00f3n plantea preguntas esenciales sobre c\u00f3mo equilibrar sus beneficios con la mitigaci\u00f3n de riesgos, algo que seg\u00fan expertos en la materia admiten que ser\u00e1 necesario de forma urgente a lo largo del pr\u00f3ximo a\u00f1o.<\/p>\n\n\n\n<p>Tamara Taraciuk Broner, directora del Programa sobre Estado de Derecho del Di\u00e1logo Interamericano, un centro de estudios en Washington DC, subraya \u201cel papel crucial\u201d que est\u00e1 teniendo la tecnolog\u00eda en el debate p\u00fablico.<\/p>\n\n\n\n<p>\u00abLa inteligencia artificial nos obliga a repensar nuestras instituciones democr\u00e1ticas para garantizar que se adapten a los cambios, pero tambi\u00e9n que los regulen de manera equitativa\u00bb, apunta al respecto.<\/p>\n\n\n\n<p><a href=\"https:\/\/www.vozdeamerica.com\/a\/eeuu-actualiza-acuerdo-de-ciencia-y-tecnologia-con-china-ante-rivalidad-y-amenazas-de-seguridad\/7900376.html\"><\/a><\/p>\n\n\n\n<p><a href=\"https:\/\/www.vozdeamerica.com\/a\/eeuu-actualiza-acuerdo-de-ciencia-y-tecnologia-con-china-ante-rivalidad-y-amenazas-de-seguridad\/7900376.html\">Tambi\u00e9n lea<\/a><\/p>\n\n\n\n<h4 class=\"wp-block-heading\"><a href=\"https:\/\/www.vozdeamerica.com\/a\/eeuu-actualiza-acuerdo-de-ciencia-y-tecnologia-con-china-ante-rivalidad-y-amenazas-de-seguridad\/7900376.html\">EEUU actualiza acuerdo de ciencia y tecnolog\u00eda con China ante rivalidad y amenazas de seguridad<\/a><\/h4>\n\n\n\n<h3 class=\"wp-block-heading\">La IA y la democracia<\/h3>\n\n\n\n<p>El a\u00f1o 2024 marc\u00f3 un punto de inflexi\u00f3n en la relaci\u00f3n entre las sociedades y la IA, pero tambi\u00e9n se evidenci\u00f3 la brecha entre el desarrollo tecnol\u00f3gico y la preparaci\u00f3n institucional para gestionarlo.<\/p>\n\n\n\n<p>Crist\u00f3bal Fern\u00e1ndez, jefe de la Secci\u00f3n de Cooperaci\u00f3n T\u00e9cnica Electoral en la Organizaci\u00f3n de Estados Americanos (OEA), ha abordado los efectos de la IA en los procesos democr\u00e1ticos.<\/p>\n\n\n\n<p>Si bien reconoce que el impacto es a\u00fan \u00abincipiente\u00bb, destaca riesgos preocupantes. \u00abHemos visto audios falsos atribuidos a candidatos y la difusi\u00f3n masiva de informaci\u00f3n falsa que podr\u00eda influir en la confianza p\u00fablica\u00bb, remarca Fern\u00e1ndez.<\/p>\n\n\n\n<p>No obstante, advierte que los riesgos de desinformaci\u00f3n siguen siendo significativos y est\u00e1n directamente vinculados a la falta de preparaci\u00f3n institucional. \u00abEl acceso a herramientas que permiten generar contenido falso de manera r\u00e1pida y barata sigue en aumento, y necesitamos medidas urgentes para enfrentarlo\u00bb, afirma.<\/p>\n\n\n\n<p><a href=\"https:\/\/www.vozdeamerica.com\/a\/google-avanza-nueva-generacion-ia-mientras-enfrenta-amenazas-division\/7897772.html\"><\/a><\/p>\n\n\n\n<p><a href=\"https:\/\/www.vozdeamerica.com\/a\/google-avanza-nueva-generacion-ia-mientras-enfrenta-amenazas-division\/7897772.html\">Tambi\u00e9n lea<\/a><\/p>\n\n\n\n<h4 class=\"wp-block-heading\"><a href=\"https:\/\/www.vozdeamerica.com\/a\/google-avanza-nueva-generacion-ia-mientras-enfrenta-amenazas-division\/7897772.html\">Google avanza con su nueva generaci\u00f3n de IA mientras enfrenta amenazas de divisi\u00f3n<\/a><\/h4>\n\n\n\n<h3 class=\"wp-block-heading\">\u00bfQu\u00e9 se puede hacer al respecto?<\/h3>\n\n\n\n<p>De cara al 2025, el reto principal ser\u00e1 convertir las reflexiones y aprendizajes del 2024 en acciones concretas que gu\u00eden el desarrollo y la implementaci\u00f3n de la IA hacia un modelo m\u00e1s \u00e9tico e inclusivo.<\/p>\n\n\n\n<p><strong>Implementaci\u00f3n de Marcos Regulatorios:<\/strong>&nbsp;Los expertos se\u00f1alan la necesidad de avanzar en la creaci\u00f3n de leyes y normativas espec\u00edficas para la IA que incluyan perspectivas de derechos humanos, igualdad y sostenibilidad. Esto debe ir acompa\u00f1ado de acuerdos internacionales que distribuyan el poder y aseguren la transparencia en el uso de tecnolog\u00edas avanzadas.<\/p>\n\n\n\n<p><strong>Educaci\u00f3n:<\/strong>&nbsp;Es crucial equipar a las instituciones, la sociedad civil y los gobiernos con las herramientas necesarias para comprender y gestionar la IA. Esto incluye fortalecer las capacidades t\u00e9cnicas de las comunidades m\u00e1s afectadas por la desigualdad tecnol\u00f3gica.<\/p>\n\n\n\n<p><strong>Reducci\u00f3n de la desigualdad digital:<\/strong>&nbsp;Combatir la concentraci\u00f3n de poder tecnol\u00f3gico implica invertir en el desarrollo de tecnolog\u00edas locales y fomentar la inclusi\u00f3n de idiomas y culturas diversas en los sistemas de IA.<\/p>\n\n\n\n<p><strong>Protecci\u00f3n contra la desinformaci\u00f3n:<\/strong>&nbsp;Los procesos electorales en 2025 estar\u00e1n bajo la lupa. Es imperativo establecer sistemas de detecci\u00f3n y prevenci\u00f3n de desinformaci\u00f3n generada con IA, as\u00ed como fortalecer la confianza en las instituciones democr\u00e1ticas.<\/p>\n\n\n\n<p><strong>Fomentar el debate p\u00fablico:<\/strong>&nbsp;La sociedad necesita participar activamente en definir c\u00f3mo la IA debe moldear las poblaciones.<\/p>\n\n\n\n<p><a href=\"https:\/\/www.vozdeamerica.com\/a\/trump-nombra-nuevos-directivos-ia-criptomonedas-proteccion-fronteriza\/7889491.html\"><\/a><\/p>\n\n\n\n<p><a href=\"https:\/\/www.vozdeamerica.com\/a\/trump-nombra-nuevos-directivos-ia-criptomonedas-proteccion-fronteriza\/7889491.html\">Tambi\u00e9n lea<\/a><\/p>\n\n\n\n<h4 class=\"wp-block-heading\"><a href=\"https:\/\/www.vozdeamerica.com\/a\/trump-nombra-nuevos-directivos-ia-criptomonedas-proteccion-fronteriza\/7889491.html\">Trump nombra nuevos cargos al frente de la IA, las criptomonedas y la protecci\u00f3n fronteriza<\/a><\/h4>\n\n\n\n<h3 class=\"wp-block-heading\">El poder del sector privado y Am\u00e9rica Latina<\/h3>\n\n\n\n<p>Vanina Mart\u00ednez, investigadora en el Instituto de Investigaci\u00f3n en Inteligencia Artificial, sostiene el poder que algunas empresas tecnol\u00f3gicas privadas est\u00e1n teniendo en esta industria al alza.<\/p>\n\n\n\n<p>\u00abLa IA est\u00e1 modelando nuestra realidad seg\u00fan las reglas establecidas por un pu\u00f1ado de grandes corporaciones\u00bb, coment\u00f3 Mart\u00ednez, que se\u00f1al\u00f3 que esta din\u00e1mica genera dependencia econ\u00f3mica y cultural en regiones como Am\u00e9rica Latina.<\/p>\n\n\n\n<p>\u00abCada l\u00ednea generada por sistemas como ChatGPT contiene una tesis sobre el mundo. El problema es que estas tesis no reflejan necesariamente la diversidad ni las realidades locales\u00bb, lo que, en su opini\u00f3n, puede generar impactos \u201ccontraproducentes\u201d y se requiere que haya acuerdos internacionales y marcos regulatorios s\u00f3lidos para \u201cgarantizar que los intereses de la sociedad prevalezcan\u201d.<\/p>\n\n\n\n<p>Precisamente, Paola Ricaurte, profesora en el Tecnol\u00f3gico de Monterrey, a\u00f1adi\u00f3 que los gobiernos en Am\u00e9rica Latina a menudo adoptan tecnolog\u00edas como la IA para abordar problemas sociales sin considerar sus implicaciones.<\/p>\n\n\n\n<p>\u00abLa tendencia al solucionismo tecnol\u00f3gico lleva a criminalizar a\u00fan m\u00e1s a las poblaciones ya marginalizadas, incrementando el control social en lugar de resolver las desigualdades de ra\u00edz\u00bb, afirm\u00f3 la experta proponiendo un enfoque que incluya tambi\u00e9n pol\u00edticas educativas, culturales y regulatorias para mitigar estos riesgos.<\/p>\n\n\n\n<p><a href=\"https:\/\/www.vozdeamerica.com\/a\/pueden-chatbots-ia-facilitar-compras-navidad-\/7884751.html\"><\/a><\/p>\n\n\n\n<p><a href=\"https:\/\/www.vozdeamerica.com\/a\/pueden-chatbots-ia-facilitar-compras-navidad-\/7884751.html\">Tambi\u00e9n lea<\/a><\/p>\n\n\n\n<h4 class=\"wp-block-heading\"><a href=\"https:\/\/www.vozdeamerica.com\/a\/pueden-chatbots-ia-facilitar-compras-navidad-\/7884751.html\">\u00bfPueden los chatbots de IA facilitar sus compras navide\u00f1as?<\/a><\/h4>\n\n\n\n<h3 class=\"wp-block-heading\">Plan a futuro<\/h3>\n\n\n\n<p>El vicepresidente de programas de Luminate, Felipe Estefan, cerr\u00f3 el evento destacando la necesidad de actuar con urgencia: \u00abLa IA ya est\u00e1 transformando nuestras sociedades. Es nuestra responsabilidad garantizar que lo haga para bien, asegur\u00e1ndonos de que no exacerbe las desigualdades existentes\u00bb.<\/p>\n\n\n\n<p>Seg\u00fan Estefan, lograr este equilibrio requiere colaboraci\u00f3n entre gobiernos, sociedad civil y la comunidad internacional.<\/p>\n","protected":false},"excerpt":{"rendered":"<p>ARCHIVO &#8211; Se ve un cartel de IA (Inteligencia Artificial) en la Conferencia Mundial de Inteligencia Artificial (WAIC, en ingl\u00e9s) en Shangh\u00e1i. enero 01, 2025 &nbsp;Vea comentarios La r\u00e1pida evoluci\u00f3n de la IA plantea retos para 2025: desde regular su impacto en la democracia hasta mitigar riesgos como la desinformaci\u00f3n. Expertos destacan la necesidad de [&hellip;]<\/p>\n","protected":false},"author":28,"featured_media":586644,"comment_status":"closed","ping_status":"closed","sticky":true,"template":"","format":"standard","meta":{"footnotes":""},"categories":[36,23],"tags":[],"class_list":["post-586643","post","type-post","status-publish","format-standard","has-post-thumbnail","hentry","category-hombresmujeresycosas","category-internacional"],"_links":{"self":[{"href":"https:\/\/diariodominicano.com\/index.php?rest_route=\/wp\/v2\/posts\/586643","targetHints":{"allow":["GET"]}}],"collection":[{"href":"https:\/\/diariodominicano.com\/index.php?rest_route=\/wp\/v2\/posts"}],"about":[{"href":"https:\/\/diariodominicano.com\/index.php?rest_route=\/wp\/v2\/types\/post"}],"author":[{"embeddable":true,"href":"https:\/\/diariodominicano.com\/index.php?rest_route=\/wp\/v2\/users\/28"}],"replies":[{"embeddable":true,"href":"https:\/\/diariodominicano.com\/index.php?rest_route=%2Fwp%2Fv2%2Fcomments&post=586643"}],"version-history":[{"count":1,"href":"https:\/\/diariodominicano.com\/index.php?rest_route=\/wp\/v2\/posts\/586643\/revisions"}],"predecessor-version":[{"id":586645,"href":"https:\/\/diariodominicano.com\/index.php?rest_route=\/wp\/v2\/posts\/586643\/revisions\/586645"}],"wp:featuredmedia":[{"embeddable":true,"href":"https:\/\/diariodominicano.com\/index.php?rest_route=\/wp\/v2\/media\/586644"}],"wp:attachment":[{"href":"https:\/\/diariodominicano.com\/index.php?rest_route=%2Fwp%2Fv2%2Fmedia&parent=586643"}],"wp:term":[{"taxonomy":"category","embeddable":true,"href":"https:\/\/diariodominicano.com\/index.php?rest_route=%2Fwp%2Fv2%2Fcategories&post=586643"},{"taxonomy":"post_tag","embeddable":true,"href":"https:\/\/diariodominicano.com\/index.php?rest_route=%2Fwp%2Fv2%2Ftags&post=586643"}],"curies":[{"name":"wp","href":"https:\/\/api.w.org\/{rel}","templated":true}]}}