{"id":586638,"date":"2025-01-01T23:25:54","date_gmt":"2025-01-02T03:25:54","guid":{"rendered":"https:\/\/diariodominicano.com\/?p=586638"},"modified":"2025-01-01T23:26:37","modified_gmt":"2025-01-02T03:26:37","slug":"el-papa-critica-el-aborto-en-su-mensaje-de-ano-nuevo-y-pide-compromiso-para-proteger-la-vida","status":"publish","type":"post","link":"https:\/\/diariodominicano.com\/?p=586638","title":{"rendered":"El papa critica el aborto en su mensaje de A\u00f1o Nuevo y pide compromiso para proteger la vida"},"content":{"rendered":"\n<p>El Papa Francisco saluda a la multitud desde la ventana del Palacio Apost\u00f3lico con vista a la Plaza de San Pedro, durante la oraci\u00f3n del \u00c1ngelus por el A\u00f1o Nuevo en el Vaticano el 1 de enero de 2025.<\/p>\n\n\n\n<p>enero 01, 2025<\/p>\n\n\n\n<ul class=\"wp-block-list\">\n<li><a href=\"https:\/\/www.vozdeamerica.com\/author\/associated-press\/v_kyr\">Associated Press<\/a><\/li>\n<\/ul>\n\n\n\n<ul class=\"wp-block-list\">\n<li><a href=\"https:\/\/facebook.com\/sharer.php?u=https%3a%2f%2fwww.vozdeamerica.com%2fa%2fpapa-aborto-mensaje-anio-nuevo-compromiso-proteger-vida%2f7920900.html\" target=\"_blank\" rel=\"noreferrer noopener\"><\/a><\/li>\n\n\n\n<li><a href=\"https:\/\/twitter.com\/share?url=https%3a%2f%2fwww.vozdeamerica.com%2fa%2fpapa-aborto-mensaje-anio-nuevo-compromiso-proteger-vida%2f7920900.html&amp;text=El+papa+critica+el+aborto+en+su+mensaje+de+A%c3%b1o+Nuevo+y+pide+compromiso+para+proteger+la+vida\" target=\"_blank\" rel=\"noreferrer noopener\"><\/a><\/li>\n\n\n\n<li><\/li>\n\n\n\n<li><a href=\"mailto:?body=https%3a%2f%2fwww.vozdeamerica.com%2fa%2fpapa-aborto-mensaje-anio-nuevo-compromiso-proteger-vida%2f7920900.html&amp;subject=El%20papa%20critica%20el%20aborto%20en%20su%20mensaje%20de%20A%C3%B1o%20Nuevo%20y%20pide%20compromiso%20para%20proteger%20la%20vida\"><\/a><\/li>\n<\/ul>\n\n\n\n<p><a href=\"https:\/\/www.vozdeamerica.com\/a\/papa-aborto-mensaje-anio-nuevo-compromiso-proteger-vida\/7920900.html#comments\">&nbsp;Vea comentarios<\/a><\/p>\n\n\n\n<p>El papa Francisco reafirm\u00f3 su postura contra el aborto en su mensaje de A\u00f1o Nuevo, pidiendo respeto a la vida desde la concepci\u00f3n hasta la muerte natural, mientras se prepara para un desafiante A\u00f1o Santo con millones de peregrinos esperados en Roma.<\/p>\n\n\n\n<p>ROMA \u2014&nbsp;<\/p>\n\n\n\n<p>El papa Francisco comenz\u00f3 el A\u00f1o Nuevo con una nueva llamada a que los fieles rechacen el aborto y pidi\u00f3 un \u201ccompromiso firme\u201d para proteger y respetar la vida desde la concepci\u00f3n hasta la muerte natural.<\/p>\n\n\n\n<p>Francisco, de 88 a\u00f1os, celebr\u00f3 el mi\u00e9rcoles una misa de A\u00f1o Nuevo en la bas\u00edlica de San Pedro dedicada a Mar\u00eda, la madre de Jes\u00fas.<\/p>\n\n\n\n<p>En su homil\u00eda, or\u00f3 para que todos aprendan a cuidar de \u201ctodo ni\u00f1o nacido de mujer\u201d y proteger \u201cel precioso don de la vida: la vida en el vientre, las vidas de los ni\u00f1os, las vidas de los que sufren, los pobres, los ancianos, los solitarios y los moribundos\u201d.<\/p>\n\n\n\n<p>\u201cPido un compromiso firme para respetar la dignidad de la vida humana desde la concepci\u00f3n hasta la muerte natural, para que cada persona pueda valorar su propia vida y todos puedan mirar con esperanza hacia el futuro\u201d, dijo, utilizando la f\u00f3rmula que emplea la Iglesia en su oposici\u00f3n al aborto y al suicidio asistido.<\/p>\n\n\n\n<p><a href=\"https:\/\/www.vozdeamerica.com\/a\/biden-visitara-al-papa-francisco-en-su-ultima-gira-presidencial-internacional\/7907717.html\"><\/a><\/p>\n\n\n\n<p><a href=\"https:\/\/www.vozdeamerica.com\/a\/biden-visitara-al-papa-francisco-en-su-ultima-gira-presidencial-internacional\/7907717.html\">Tambi\u00e9n lea<\/a><\/p>\n\n\n\n<h4 class=\"wp-block-heading\"><a href=\"https:\/\/www.vozdeamerica.com\/a\/biden-visitara-al-papa-francisco-en-su-ultima-gira-presidencial-internacional\/7907717.html\">Biden visitar\u00e1 al papa Francisco en su \u00faltima gira presidencial internacional<\/a><\/h4>\n\n\n\n<p>En los \u00faltimos a\u00f1os, el jesuita argentino ha hablado con m\u00e1s \u00e9nfasis sobre el aborto de lo que lo hizo al inicio de su pontificado. Despu\u00e9s de dos papas centrados en la doctrina, Francisco se quej\u00f3 en los primeros meses de su papado en 2013 de que la Iglesia se hab\u00eda obsesionado con \u201creglas mezquinas\u201d sobre temas pol\u00e9micos como el aborto.<\/p>\n\n\n\n<p>Francisco ahora se refiere regularmente a la obtenci\u00f3n de un aborto como \u201ccontratar a un sicario para resolver un problema\u201d. Hace poco provoc\u00f3 indignaci\u00f3n en B\u00e9lgica cuando critic\u00f3 su ley de aborto calific\u00e1ndola de \u201chomicida\u201d y anunci\u00f3 que quer\u00eda beatificar al difunto rey de B\u00e9lgica, quien abdic\u00f3 por un d\u00eda en lugar de aprobar la legislaci\u00f3n que legalizaba la intervenci\u00f3n. El Vaticano anunci\u00f3 recientemente que el proceso de beatificaci\u00f3n est\u00e1 en marcha para el rey Balduino, quien falleci\u00f3 en 1993.<\/p>\n\n\n\n<p>La misa matutina era el \u00faltimo gran evento del ajetreado calendario navide\u00f1o de Francisco. Para el papa, que sufre de problemas respiratorios recurrentes, la temporada de este a\u00f1o planteaba un desaf\u00edo adicional con el inicio del gran A\u00f1o Santo del Vaticano, una celebraci\u00f3n de la fe que ocurre una vez cada cuarto de siglo y que se espera atraiga a 32 millones de peregrinos a Roma durante 2025.<\/p>\n","protected":false},"excerpt":{"rendered":"<p>El Papa Francisco saluda a la multitud desde la ventana del Palacio Apost\u00f3lico con vista a la Plaza de San Pedro, durante la oraci\u00f3n del \u00c1ngelus por el A\u00f1o Nuevo en el Vaticano el 1 de enero de 2025. enero 01, 2025 &nbsp;Vea comentarios El papa Francisco reafirm\u00f3 su postura contra el aborto en su [&hellip;]<\/p>\n","protected":false},"author":28,"featured_media":586639,"comment_status":"closed","ping_status":"closed","sticky":true,"template":"","format":"standard","meta":{"footnotes":""},"categories":[36,23,27],"tags":[],"class_list":["post-586638","post","type-post","status-publish","format-standard","has-post-thumbnail","hentry","category-hombresmujeresycosas","category-internacional","category-portada"],"_links":{"self":[{"href":"https:\/\/diariodominicano.com\/index.php?rest_route=\/wp\/v2\/posts\/586638","targetHints":{"allow":["GET"]}}],"collection":[{"href":"https:\/\/diariodominicano.com\/index.php?rest_route=\/wp\/v2\/posts"}],"about":[{"href":"https:\/\/diariodominicano.com\/index.php?rest_route=\/wp\/v2\/types\/post"}],"author":[{"embeddable":true,"href":"https:\/\/diariodominicano.com\/index.php?rest_route=\/wp\/v2\/users\/28"}],"replies":[{"embeddable":true,"href":"https:\/\/diariodominicano.com\/index.php?rest_route=%2Fwp%2Fv2%2Fcomments&post=586638"}],"version-history":[{"count":2,"href":"https:\/\/diariodominicano.com\/index.php?rest_route=\/wp\/v2\/posts\/586638\/revisions"}],"predecessor-version":[{"id":586642,"href":"https:\/\/diariodominicano.com\/index.php?rest_route=\/wp\/v2\/posts\/586638\/revisions\/586642"}],"wp:featuredmedia":[{"embeddable":true,"href":"https:\/\/diariodominicano.com\/index.php?rest_route=\/wp\/v2\/media\/586639"}],"wp:attachment":[{"href":"https:\/\/diariodominicano.com\/index.php?rest_route=%2Fwp%2Fv2%2Fmedia&parent=586638"}],"wp:term":[{"taxonomy":"category","embeddable":true,"href":"https:\/\/diariodominicano.com\/index.php?rest_route=%2Fwp%2Fv2%2Fcategories&post=586638"},{"taxonomy":"post_tag","embeddable":true,"href":"https:\/\/diariodominicano.com\/index.php?rest_route=%2Fwp%2Fv2%2Ftags&post=586638"}],"curies":[{"name":"wp","href":"https:\/\/api.w.org\/{rel}","templated":true}]}}