{"id":586635,"date":"2025-01-01T23:22:36","date_gmt":"2025-01-02T03:22:36","guid":{"rendered":"https:\/\/diariodominicano.com\/?p=586635"},"modified":"2025-01-01T23:22:41","modified_gmt":"2025-01-02T03:22:41","slug":"trump-dice-que-planea-asistir-al-funeral-de-jimmy-carter","status":"publish","type":"post","link":"https:\/\/diariodominicano.com\/?p=586635","title":{"rendered":"Trump dice que planea asistir al funeral de Jimmy Carter"},"content":{"rendered":"\n<p>El presidente electo de EEUU, Donald Trump, habla con los reporteros antes de una fiesta de A\u00f1o Nuevo en Mar-a-Lago, el 31 de diciembre de 2024, en Palm Beach, Florida.<\/p>\n\n\n\n<p>enero 01, 2025<\/p>\n\n\n\n<ul class=\"wp-block-list\">\n<li><a href=\"https:\/\/www.vozdeamerica.com\/author\/associated-press\/v_kyr\">Associated Press<\/a><\/li>\n<\/ul>\n\n\n\n<ul class=\"wp-block-list\">\n<li><a href=\"https:\/\/facebook.com\/sharer.php?u=https%3a%2f%2fwww.vozdeamerica.com%2fa%2ftrump-planea-asistir-funeral-jimmy-carter%2f7921022.html\" target=\"_blank\" rel=\"noreferrer noopener\"><\/a><\/li>\n\n\n\n<li><a href=\"https:\/\/twitter.com\/share?url=https%3a%2f%2fwww.vozdeamerica.com%2fa%2ftrump-planea-asistir-funeral-jimmy-carter%2f7921022.html&amp;text=Trump+dice+que+planea+asistir+al+funeral+de+Jimmy+Carter\" target=\"_blank\" rel=\"noreferrer noopener\"><\/a><\/li>\n\n\n\n<li><\/li>\n\n\n\n<li><a href=\"mailto:?body=https%3a%2f%2fwww.vozdeamerica.com%2fa%2ftrump-planea-asistir-funeral-jimmy-carter%2f7921022.html&amp;subject=Trump%20dice%20que%20planea%20asistir%20al%20funeral%20de%20Jimmy%20Carter\"><\/a><\/li>\n<\/ul>\n\n\n\n<p><a href=\"https:\/\/www.vozdeamerica.com\/a\/trump-planea-asistir-funeral-jimmy-carter\/7921022.html#comments\">&nbsp;Vea comentarios<\/a><\/p>\n\n\n\n<p>El presidente electo Donald Trump confirm\u00f3 su asistencia al funeral del expresidente Jimmy Carter, destacando su respeto hacia el fallecido mandatario pese a sus diferencias pol\u00edticas. Trump tambi\u00e9n coment\u00f3 sobre temas internacionales y expres\u00f3 optimismo por el futuro.<\/p>\n\n\n\n<p>PALM BEACH, EEUU \u2014&nbsp;<\/p>\n\n\n\n<p>El presidente electo de Estados Unidos, Donald Trump, dijo el martes que planea asistir al&nbsp;<em><strong><a href=\"https:\/\/www.vozdeamerica.com\/a\/el-funeral-de-estado-del-expresidente-de-eeuu-jimmy-carter-sera-el-9-de-enero\/7918363.html\" target=\"_blank\" rel=\"noreferrer noopener\">funeral del expresidente Jimmy Carter<\/a><\/strong><\/em>.<\/p>\n\n\n\n<p>Cuando se le pregunt\u00f3 al respecto cuando entraba a una fiesta de A\u00f1o Nuevo en su club Mar-a-Lago en Florida, Trump respondi\u00f3: \u201cEstar\u00e9 all\u00ed\u201d. Al insistirle si hab\u00eda hablado con miembros de la familia Carter, Trump dijo que prefer\u00eda no decirlo.<\/p>\n\n\n\n<p>Los servicios f\u00fanebres en honor a Carter, quien&nbsp;<em><strong><a href=\"https:\/\/www.vozdeamerica.com\/a\/jimmy-carter-el-gran-mediador-obituario-muere-a-los-100-anios-\/6898159.html\" target=\"_blank\" rel=\"noreferrer noopener\">falleci\u00f3 el domingo a los 100 a\u00f1os<\/a><\/strong><\/em>, se llevar\u00e1n a cabo en Georgia y Washington, comenzando el 4 de enero y concluyendo el 9 de enero.<\/p>\n\n\n\n<p>Trump fue un cr\u00edtico frecuente y mordaz de Carter durante la campa\u00f1a electoral antes de las elecciones de noviembre, y utiliz\u00f3 las altas tasas de inflaci\u00f3n de la d\u00e9cada de 1970 para comparar desfavorablemente al presidente Joe Biden con Carter y su administraci\u00f3n.<\/p>\n\n\n\n<p>Sin embargo, el presidente electo fue cort\u00e9s sobre el expresidente en publicaciones en redes sociales despu\u00e9s de la muerte de Carter, y escribi\u00f3 que la naci\u00f3n \u201cten\u00eda una deuda de gratitud\u201d con \u00e9l.<\/p>\n\n\n\n<figure class=\"wp-block-image\"><a href=\"https:\/\/www.vozdeamerica.com\/a\/conozca-la-vida-de-jimmy-carter-el-39-presidente-de-eeuu\/7919381.html\"><img decoding=\"async\" src=\"https:\/\/gdb.voanews.com\/828cdc2e-a15d-4795-890d-cf217bd1159d_w650_r1_s.png\" alt=\"Conozca la vida de Jimmy Carter: el 39\u00ba presidente de EEUU\"\/><\/a><figcaption class=\"wp-element-caption\">Galer\u00eda de fotosConozca la vida de Jimmy Carter: el 39\u00ba presidente de EEUU<\/figcaption><\/figure>\n\n\n\n<p>\u201cAunque estuve en fuerte desacuerdo con \u00e9l filos\u00f3fica y pol\u00edticamente, tambi\u00e9n me di cuenta de que realmente amaba y respetaba a nuestro pa\u00eds, y todo lo que representa\u201d, escribi\u00f3 Trump sobre Carter. \u201cTrabaj\u00f3 duro para hacer de Estados Unidos un lugar mejor, y por eso le doy mi mayor respeto\u201d.<\/p>\n\n\n\n<p>Vestido con un esmoquin al entrar a la celebraci\u00f3n, Trump dedic\u00f3 unos minutos a responder preguntas de los reporteros sobre varios temas. Se le pregunt\u00f3 sobre la posibilidad de un alto al fuego en la guerra de Israel con Ham\u00e1s en Gaza, pero s\u00f3lo dijo: \u201cVamos a ver qu\u00e9 sucede\u201d.<\/p>\n\n\n\n<p>El presidente electo agreg\u00f3 sobre los rehenes secuestrados hace m\u00e1s de un a\u00f1o por Ham\u00e1s, \u201cLo dir\u00e9 de esta manera: m\u00e1s les vale que dejen volver pronto a los rehenes\u201d.<\/p>\n\n\n\n<p>Trump tambi\u00e9n se\u00f1alo que pensaba que 2025 ser\u00e1 un \u201cgran a\u00f1o\u201d y que \u201cnos va a ir fant\u00e1sticamente bien como pa\u00eds\u201d.<\/p>\n\n\n\n<p>\u201cHay una luz completa sobre todo el mundo, no s\u00f3lo nuestro pa\u00eds. Hay muchas personas felices\u201d, dijo Trump sobre las \u00faltimas semanas.<\/p>\n\n\n\n<p><a href=\"https:\/\/www.vozdeamerica.com\/a\/wall-street-cerrara-el-9-de-enero-en-honor-al-expresidente-jimmy-carter\/7918891.html\"><\/a><\/p>\n\n\n\n<p><a href=\"https:\/\/www.vozdeamerica.com\/a\/wall-street-cerrara-el-9-de-enero-en-honor-al-expresidente-jimmy-carter\/7918891.html\">Tambi\u00e9n lea<\/a><\/p>\n\n\n\n<h4 class=\"wp-block-heading\"><a href=\"https:\/\/www.vozdeamerica.com\/a\/wall-street-cerrara-el-9-de-enero-en-honor-al-expresidente-jimmy-carter\/7918891.html\">Wall Street cerrar\u00e1 el 9 de enero en honor al expresidente Jimmy Carter<\/a><\/h4>\n\n\n\n<p>A las preguntas sobre sus resoluciones para el nuevo a\u00f1o, Trump respondi\u00f3: \u201cSolo quiero que todos est\u00e9n felices, saludables y bien\u201d.<\/p>\n\n\n\n<p>Trump luego subi\u00f3 al escenario para dirigirse brevemente a la multitud que celebraba el A\u00f1o Nuevo en Mar-a-Lago y prometi\u00f3 \u201chacer un gran trabajo como su presidente\u201d.<\/p>\n\n\n\n<p>Por su parte, Biden pas\u00f3 la v\u00edspera de A\u00f1o Nuevo celebrando la boda de su sobrina Missy Owens en Greenville, Delaware, seguido por la recepci\u00f3n en Kennett Square, Pensilvania. Biden y la primera dama Jill Biden acortaron su viaje tradicional de vacaciones a las Islas V\u00edrgenes estadounidenses para asistir a la ceremonia.<\/p>\n","protected":false},"excerpt":{"rendered":"<p>El presidente electo de EEUU, Donald Trump, habla con los reporteros antes de una fiesta de A\u00f1o Nuevo en Mar-a-Lago, el 31 de diciembre de 2024, en Palm Beach, Florida. enero 01, 2025 &nbsp;Vea comentarios El presidente electo Donald Trump confirm\u00f3 su asistencia al funeral del expresidente Jimmy Carter, destacando su respeto hacia el fallecido [&hellip;]<\/p>\n","protected":false},"author":28,"featured_media":586636,"comment_status":"closed","ping_status":"closed","sticky":true,"template":"","format":"standard","meta":{"footnotes":""},"categories":[23],"tags":[],"class_list":["post-586635","post","type-post","status-publish","format-standard","has-post-thumbnail","hentry","category-internacional"],"_links":{"self":[{"href":"https:\/\/diariodominicano.com\/index.php?rest_route=\/wp\/v2\/posts\/586635","targetHints":{"allow":["GET"]}}],"collection":[{"href":"https:\/\/diariodominicano.com\/index.php?rest_route=\/wp\/v2\/posts"}],"about":[{"href":"https:\/\/diariodominicano.com\/index.php?rest_route=\/wp\/v2\/types\/post"}],"author":[{"embeddable":true,"href":"https:\/\/diariodominicano.com\/index.php?rest_route=\/wp\/v2\/users\/28"}],"replies":[{"embeddable":true,"href":"https:\/\/diariodominicano.com\/index.php?rest_route=%2Fwp%2Fv2%2Fcomments&post=586635"}],"version-history":[{"count":1,"href":"https:\/\/diariodominicano.com\/index.php?rest_route=\/wp\/v2\/posts\/586635\/revisions"}],"predecessor-version":[{"id":586637,"href":"https:\/\/diariodominicano.com\/index.php?rest_route=\/wp\/v2\/posts\/586635\/revisions\/586637"}],"wp:featuredmedia":[{"embeddable":true,"href":"https:\/\/diariodominicano.com\/index.php?rest_route=\/wp\/v2\/media\/586636"}],"wp:attachment":[{"href":"https:\/\/diariodominicano.com\/index.php?rest_route=%2Fwp%2Fv2%2Fmedia&parent=586635"}],"wp:term":[{"taxonomy":"category","embeddable":true,"href":"https:\/\/diariodominicano.com\/index.php?rest_route=%2Fwp%2Fv2%2Fcategories&post=586635"},{"taxonomy":"post_tag","embeddable":true,"href":"https:\/\/diariodominicano.com\/index.php?rest_route=%2Fwp%2Fv2%2Ftags&post=586635"}],"curies":[{"name":"wp","href":"https:\/\/api.w.org\/{rel}","templated":true}]}}