{"id":586602,"date":"2025-01-01T21:23:53","date_gmt":"2025-01-02T01:23:53","guid":{"rendered":"https:\/\/diariodominicano.com\/?p=586602"},"modified":"2025-01-01T23:04:16","modified_gmt":"2025-01-02T03:04:16","slug":"10-metas-personales-y-posibles-para-2025","status":"publish","type":"post","link":"https:\/\/diariodominicano.com\/?p=586602","title":{"rendered":"10 metas personales (y posibles) para 2025"},"content":{"rendered":"\n<p>ARCHIVO: Caminata-DCAMV-Manos-Unidas-por-Autismo.<\/p>\n\n\n\n<p>Fijarse metas es positivo porque impulsa los deseos de alcanzarlas. FOTO: Jos\u00e9 Rafael Sosa.<\/p>\n\n\n\n<p>Cada inicio de a\u00f1o, por el cambio de per\u00edodo temporal que implica, llama a fijar objetivos, que casi nunca cumplimos, \u00bfpero&nbsp;qu\u00e9 tal si se toma en serio?&nbsp;<\/p>\n\n\n\n<p>Jos\u00e9 Rafael Sosa<\/p>\n\n\n\n<p>Existe un mecanismo muy subjetivo, muy personal y necesario, que define una actitud cuando llega un nuevo a\u00f1o: esa que lleva a establecer metas y objetivos.<\/p>\n\n\n\n<p>Por ello, es bueno establecer puntos que sirvan para esa especie de reingenier\u00eda personal:<\/p>\n\n\n\n<p>1-Sacar tiempo para leer, en pantallas digitales o en papel, pero leer siempre. Esta costumbre entra en contacto con el conocimiento, con el arte creativo literario, el disfrute de imaginar a partir de los textos.<\/p>\n\n\n\n<p>2-Evitar la inmovilidad f\u00edsica. Caminar, correr, nadar (quienes puedan tener disposici\u00f3n donde hacerlo) pero sobre todo, caminar.&nbsp;&nbsp;Es el ejercicio m\u00e1s accesible.&nbsp;En Plaza de la Salud hay un letrero que dice:&nbsp;<strong>La inmovilidad<\/strong><strong>&nbsp;<\/strong><strong>convoca<\/strong><strong>&nbsp;<\/strong><strong>&nbsp;a enfermedades<\/strong>. Hay pocas expresiones tan contundentes, simples y directas como esa.&nbsp;No cuesta nada. Impacta en todo el organismo. Evitar estar sentados m\u00e1s de dos horas y media de corrido. Caminar:<\/p>\n\n\n\n<p>\u00b7&nbsp;&nbsp;&nbsp;&nbsp;&nbsp;&nbsp;&nbsp;M<strong>ejora la salud cardiovascular<\/strong>:&nbsp;Activa y fortalece el sistema cardiovascular, y ayuda a eliminar el colesterol perjudicial.&nbsp;<\/p>\n\n\n\n<p>\u00b7&nbsp;&nbsp;&nbsp;&nbsp;&nbsp;&nbsp;&nbsp;<strong>Reduce el riesgo de enfermedades<\/strong>:&nbsp;Ayuda a prevenir enfermedades respiratorias, del coraz\u00f3n, accidentes cerebrovasculares, hipertensi\u00f3n arterial, c\u00e1ncer y diabetes tipo 2.&nbsp;<\/p>\n\n\n\n<p>\u00b7&nbsp;&nbsp;&nbsp;&nbsp;&nbsp;&nbsp;&nbsp;<strong>Fortalece huesos y m\u00fasculos<\/strong>:&nbsp;Ayuda a fortalecer los huesos y los m\u00fasculos, y a mejorar la resistencia muscular.&nbsp;<\/p>\n\n\n\n<p>\u00b7&nbsp;&nbsp;&nbsp;&nbsp;&nbsp;&nbsp;&nbsp;<strong>Mejora el estado de \u00e1nimo<\/strong>:&nbsp;Ayuda a mejorar el estado de \u00e1nimo, la cognici\u00f3n, la memoria y el sue\u00f1o.&nbsp;<\/p>\n\n\n\n<p>\u00b7&nbsp;&nbsp;&nbsp;&nbsp;&nbsp;&nbsp;&nbsp;<strong>Reduce el estr\u00e9s y la tensi\u00f3n<\/strong>:&nbsp;Ayuda a liberar tensi\u00f3n y reducir el estr\u00e9s.&nbsp;<\/p>\n\n\n\n<p>\u00b7&nbsp;&nbsp;&nbsp;&nbsp;&nbsp;&nbsp;&nbsp;<strong>Mejora la flexibilidad<\/strong>:&nbsp;Mejora la flexibilidad en las piernas.&nbsp;<\/p>\n\n\n\n<p>\u00b7&nbsp;&nbsp;&nbsp;&nbsp;&nbsp;&nbsp;&nbsp;<strong>Reduce la huella de carbono<\/strong>:&nbsp;Al caminar por la ciudad, se evita la quema de combustibles f\u00f3siles y la generaci\u00f3n de emisiones de carbono.&nbsp;<\/p>\n\n\n\n<p>\u00b7&nbsp;&nbsp;&nbsp;&nbsp;&nbsp;&nbsp;&nbsp;<strong>Reduce la presi\u00f3n arterial<\/strong>:&nbsp;Reduce la presi\u00f3n arterial sist\u00f3lica.&nbsp;<\/p>\n\n\n\n<p>\u00b7&nbsp;&nbsp;&nbsp;&nbsp;&nbsp;&nbsp;&nbsp;<strong>Fortalece el coraz\u00f3n y pulmones<\/strong>:&nbsp;Es un ejercicio de bajo impacto que pone menos presi\u00f3n sobre las articulaciones.&nbsp;&nbsp;<\/p>\n\n\n\n<p>3-Mejorar la alimentaci\u00f3n hacia&nbsp; lo saludable: Opte&nbsp;por&nbsp;el&nbsp;consumo de vegetales y prote\u00ednas esenciales. El pan, maravillosamente delicioso, es a la larga t\u00f3xico,&nbsp;igual que el arroz en exceso. Olvide ese \u201cconconcito\u201d &nbsp;reservorio de aceites comestibles pasados de cocci\u00f3n. Evitar el az\u00facar (en todas sus agradables formas de consumirla) y las grasas saturadas. El az\u00facar alimenta el c\u00e1ncer. Se lo dice un paciente que ha tenido c\u00e1ncer en dos oportunidades (pr\u00f3stata y base de lengua derecha).<\/p>\n\n\n\n<p>4. Racionalizar el tiempo de pantallas de cualquier tipo o tama\u00f1o. Grandes o peque\u00f1as. No hay que chequear pantallas cada dos minutos para ver que subi\u00f3 alguien.&nbsp; Si usted revisa su celular m\u00e1s de dos veces por hora, tiene que ver si es necesaria esa costumbre. Todo queda registrado y puede devolver de acuerdo a su ritmo.<\/p>\n\n\n\n<p>5-Sea selectivo con su consumo de contenidos de las redes sociales. Prefiera mensajes que eleven su condici\u00f3n humana, que los hay. No satanice las redes sociales como forma de informaci\u00f3n y formaci\u00f3n. Son un medio. Quien selecciona los mensajes es su dedito haciendo clic en lo que no sirve. No tiene que ver todos los atracos violentos, todas las muertes, todos los actos que denigran la condici\u00f3n humana. Quienes suban esos contenidos, son mensajeros del desaliento.&nbsp; Nadie est\u00e1 obligado a consumir toxicidad en cualquiera de sus formas.<\/p>\n\n\n\n<p>6. Evitar convertir las redes sociales en un altar personal. Usted sabe c\u00f3mo es su cara. No suba una foto suya cada d\u00eda, lo que no le har\u00e1 ser m\u00e1s bello o m\u00e1s bonita. Tenga conciencia de que cada persona es \u00fanica y, por tanto, excepcionalmente bella. No hay que tomarse una foto diaria para subirla a sus redes. Usted sabe c\u00f3mo es su apariencia. Y esa no cambiar\u00e1 por el paso de los d\u00edas de uso. Baje ese ego.<\/p>\n\n\n\n<p>7. Evite anclarse al confort hogare\u00f1o. Salga. Asista a exposiciones de arte, a centros culturales, ferias de libro, conciertos, coloquios, cine (en especial el cine dominicano de calidad, que hay bastante).&nbsp;Es posible que la asistencia a uno de esos actos, le aporte una imagen, una idea, una palabra que influya tan poderosamente que le cambie para mejor su perspectiva de vida.&nbsp; &nbsp;Y si tiene hijos e hijas, ll\u00e9velos a tener contacto con arte y cultura. Puede ser que una pieza musical, una pel\u00edcula o ver un cuadro&nbsp;determine en ellos una vocaci\u00f3n y su familia aporte, con ello, una nueva figura fundamental de la cultura y el arte.&nbsp;<\/p>\n\n\n\n<p>8- Exprese sus sentimientos a la gente que ama. Ese mensaje renovado de afecto, puede hacer diferencias. Piense lo importante y agradable que es recibir esos mensajes y que en esa medida es v\u00e1lido expresarlos a los dem\u00e1s. Abandone el silente expresivo. Diga lo que siente de positivo respecto de quienes le rodean.<\/p>\n\n\n\n<p>9- Ante las dificultades y conflictos con otras personas (familiares o no), en la familia, el trabajo, el edificio o la comunidad, una f\u00f3rmula simple: comun\u00edquese, entienda las posiciones de los dem\u00e1s y tenga tolerancia. Eso evita conflictos permanentes.<\/p>\n\n\n\n<p>10 Practique su fe, cualquiera que esta sea. Crea en un poder superior. El que quiera. Que sea positivo. El que le estimule a servir a los dem\u00e1s. Trate de que no pase un d\u00eda sin ser amable, \u00fatil o agradable para la gente conocida o desconocida con la que se encuentre. Crea en algo. Eso nos hace trascender.<\/p>\n\n\n\n<p>Jose Rafael Paula Sosa<\/p>\n\n\n\n<p>Jose Rafael Paula Sosa (De tus contactos de Google)<\/p>\n\n\n\n<p><a target=\"_blank\" href=\"mailto:joserafael.sosa@gmail.com\" rel=\"noreferrer noopener\">joserafael.sosa@gmail.com<\/a><\/p>\n\n\n\n<p>.<\/p>\n","protected":false},"excerpt":{"rendered":"<p>ARCHIVO: Caminata-DCAMV-Manos-Unidas-por-Autismo. Fijarse metas es positivo porque impulsa los deseos de alcanzarlas. FOTO: Jos\u00e9 Rafael Sosa. Cada inicio de a\u00f1o, por el cambio de per\u00edodo temporal que implica, llama a fijar objetivos, que casi nunca cumplimos, \u00bfpero&nbsp;qu\u00e9 tal si se toma en serio?&nbsp; Jos\u00e9 Rafael Sosa Existe un mecanismo muy subjetivo, muy personal y necesario, [&hellip;]<\/p>\n","protected":false},"author":28,"featured_media":526244,"comment_status":"closed","ping_status":"closed","sticky":true,"template":"","format":"standard","meta":{"footnotes":""},"categories":[36,25],"tags":[],"class_list":["post-586602","post","type-post","status-publish","format-standard","has-post-thumbnail","hentry","category-hombresmujeresycosas","category-gente"],"_links":{"self":[{"href":"https:\/\/diariodominicano.com\/index.php?rest_route=\/wp\/v2\/posts\/586602","targetHints":{"allow":["GET"]}}],"collection":[{"href":"https:\/\/diariodominicano.com\/index.php?rest_route=\/wp\/v2\/posts"}],"about":[{"href":"https:\/\/diariodominicano.com\/index.php?rest_route=\/wp\/v2\/types\/post"}],"author":[{"embeddable":true,"href":"https:\/\/diariodominicano.com\/index.php?rest_route=\/wp\/v2\/users\/28"}],"replies":[{"embeddable":true,"href":"https:\/\/diariodominicano.com\/index.php?rest_route=%2Fwp%2Fv2%2Fcomments&post=586602"}],"version-history":[{"count":1,"href":"https:\/\/diariodominicano.com\/index.php?rest_route=\/wp\/v2\/posts\/586602\/revisions"}],"predecessor-version":[{"id":586603,"href":"https:\/\/diariodominicano.com\/index.php?rest_route=\/wp\/v2\/posts\/586602\/revisions\/586603"}],"wp:featuredmedia":[{"embeddable":true,"href":"https:\/\/diariodominicano.com\/index.php?rest_route=\/wp\/v2\/media\/526244"}],"wp:attachment":[{"href":"https:\/\/diariodominicano.com\/index.php?rest_route=%2Fwp%2Fv2%2Fmedia&parent=586602"}],"wp:term":[{"taxonomy":"category","embeddable":true,"href":"https:\/\/diariodominicano.com\/index.php?rest_route=%2Fwp%2Fv2%2Fcategories&post=586602"},{"taxonomy":"post_tag","embeddable":true,"href":"https:\/\/diariodominicano.com\/index.php?rest_route=%2Fwp%2Fv2%2Ftags&post=586602"}],"curies":[{"name":"wp","href":"https:\/\/api.w.org\/{rel}","templated":true}]}}