{"id":586599,"date":"2025-01-01T21:11:34","date_gmt":"2025-01-02T01:11:34","guid":{"rendered":"https:\/\/diariodominicano.com\/?p=586599"},"modified":"2025-01-01T21:12:17","modified_gmt":"2025-01-02T01:12:17","slug":"dia-nacional-de-haiti","status":"publish","type":"post","link":"https:\/\/diariodominicano.com\/?p=586599","title":{"rendered":"D\u00eda Nacional de Hait\u00ed"},"content":{"rendered":"\n<p>Antony J. Blinken, Secretario de Estado<\/p>\n\n\n\n<p><a href=\"https:\/\/links-2.govdelivery.com\/CL0\/https:%2F%2Fwww.state.gov\/1\/01010194226837cf-31242963-6756-4654-9b44-47021d23e731-000000\/d1ocDKlJ_p4aKb9vrkT5RFbq51iHVdxKJLlT_MVj_Jo=386\" target=\"_blank\" rel=\"noreferrer noopener\">Hogar<\/a>&nbsp;<a href=\"https:\/\/links-2.govdelivery.com\/CL0\/https:%2F%2Fwww.state.gov%2Fbureaus-offices%2Funder-secretary-for-public-diplomacy-and-public-affairs%2Fbureau-of-global-public-affairs%2Foffice-of-the-spokesperson%2F\/1\/01010194226837cf-31242963-6756-4654-9b44-47021d23e731-000000\/53i4oV8mP0-SKWt3GMljuVFAqFsVKkMpYbHxKeHrcGQ=386\" target=\"_blank\" rel=\"noreferrer noopener\">Oficina del Portavoz<\/a>&nbsp;<a href=\"https:\/\/links-2.govdelivery.com\/CL0\/%2Fpress-releases%2F\/1\/01010194226837cf-31242963-6756-4654-9b44-47021d23e731-000000\/ifBLGQfKzmcVZHCnx54i6NDNQflLG10hQsgQLVUkiHk=386\" target=\"_blank\" rel=\"noreferrer noopener\">Comunicados de prensa<\/a><\/p>\n\n\n\n<p>1 de enero de 2025<\/p>\n\n\n\n<p>En nombre de los Estados Unidos de Am\u00e9rica, env\u00edo mis m\u00e1s sinceros mejores deseos a Hait\u00ed y a su pueblo en esta ocasi\u00f3n del aniversario de su independencia.<\/p>\n\n\n\n<p>Los Estados Unidos y Hait\u00ed disfrutan de una relaci\u00f3n s\u00f3lida y duradera. Este d\u00eda marca una importante oportunidad para conmemorar la Revoluci\u00f3n Haitiana y la larga historia de Hait\u00ed como naci\u00f3n. El a\u00f1o pasado trajo consigo graves desaf\u00edos, pero nos enorgulleci\u00f3 estar junto al pueblo haitiano mientras avanzaba con esperanza y determinaci\u00f3n. <\/p>\n\n\n\n<p>El pueblo de Hait\u00ed ha demostrado coraje y fortaleza, y merece paz y seguridad. Estados Unidos est\u00e1 comprometido a apoyar a Hait\u00ed en su lucha contra las pandillas y sus esfuerzos por lograr seguridad a largo plazo, una transici\u00f3n pol\u00edtica justa e impulsada por los haitianos y estabilidad econ\u00f3mica. La mayor fortaleza de la asociaci\u00f3n entre nuestras naciones reside en nuestros lazos entre los pueblos, reforzados por la di\u00e1spora haitiana en los Estados Unidos.<\/p>\n\n\n\n<p><\/p>\n\n\n\n<p>Estados Unidos seguir\u00e1 apoyando al pueblo de Hait\u00ed en su b\u00fasqueda de la paz, elecciones libres y justas y prosperidad econ\u00f3mica.<\/p>\n\n\n\n<p>U.S. Department of State<\/p>\n\n\n\n<p>U.S. Department of State ()<\/p>\n\n\n\n<p><a target=\"_blank\" href=\"mailto:usstatebpa@public.govdelivery.com\" rel=\"noreferrer noopener\">usstatebpa@public.govdelivery.com<\/a><\/p>\n\n\n\n<p><\/p>\n","protected":false},"excerpt":{"rendered":"<p>Antony J. Blinken, Secretario de Estado Hogar&nbsp;Oficina del Portavoz&nbsp;Comunicados de prensa 1 de enero de 2025 En nombre de los Estados Unidos de Am\u00e9rica, env\u00edo mis m\u00e1s sinceros mejores deseos a Hait\u00ed y a su pueblo en esta ocasi\u00f3n del aniversario de su independencia. Los Estados Unidos y Hait\u00ed disfrutan de una relaci\u00f3n s\u00f3lida y [&hellip;]<\/p>\n","protected":false},"author":28,"featured_media":556695,"comment_status":"closed","ping_status":"closed","sticky":true,"template":"","format":"standard","meta":{"footnotes":""},"categories":[21,26,112,23],"tags":[],"class_list":["post-586599","post","type-post","status-publish","format-standard","has-post-thumbnail","hentry","category-cultura","category-efemerides","category-haiti","category-internacional"],"_links":{"self":[{"href":"https:\/\/diariodominicano.com\/index.php?rest_route=\/wp\/v2\/posts\/586599","targetHints":{"allow":["GET"]}}],"collection":[{"href":"https:\/\/diariodominicano.com\/index.php?rest_route=\/wp\/v2\/posts"}],"about":[{"href":"https:\/\/diariodominicano.com\/index.php?rest_route=\/wp\/v2\/types\/post"}],"author":[{"embeddable":true,"href":"https:\/\/diariodominicano.com\/index.php?rest_route=\/wp\/v2\/users\/28"}],"replies":[{"embeddable":true,"href":"https:\/\/diariodominicano.com\/index.php?rest_route=%2Fwp%2Fv2%2Fcomments&post=586599"}],"version-history":[{"count":2,"href":"https:\/\/diariodominicano.com\/index.php?rest_route=\/wp\/v2\/posts\/586599\/revisions"}],"predecessor-version":[{"id":586601,"href":"https:\/\/diariodominicano.com\/index.php?rest_route=\/wp\/v2\/posts\/586599\/revisions\/586601"}],"wp:featuredmedia":[{"embeddable":true,"href":"https:\/\/diariodominicano.com\/index.php?rest_route=\/wp\/v2\/media\/556695"}],"wp:attachment":[{"href":"https:\/\/diariodominicano.com\/index.php?rest_route=%2Fwp%2Fv2%2Fmedia&parent=586599"}],"wp:term":[{"taxonomy":"category","embeddable":true,"href":"https:\/\/diariodominicano.com\/index.php?rest_route=%2Fwp%2Fv2%2Fcategories&post=586599"},{"taxonomy":"post_tag","embeddable":true,"href":"https:\/\/diariodominicano.com\/index.php?rest_route=%2Fwp%2Fv2%2Ftags&post=586599"}],"curies":[{"name":"wp","href":"https:\/\/api.w.org\/{rel}","templated":true}]}}