{"id":586575,"date":"2025-01-01T16:35:29","date_gmt":"2025-01-01T20:35:29","guid":{"rendered":"https:\/\/diariodominicano.com\/?p=586575"},"modified":"2025-01-01T16:35:38","modified_gmt":"2025-01-01T20:35:38","slug":"presidente-de-senegal-anuncia-fin-de-toda-presencia-militar-extranjera-para-2025","status":"publish","type":"post","link":"https:\/\/diariodominicano.com\/?p=586575","title":{"rendered":"Presidente de Senegal anuncia fin de toda presencia militar extranjera para 2025"},"content":{"rendered":"\n<p>diariodominicano.com<\/p>\n\n\n\n<p>DAKAR, 1 ene (Xinhua) &#8212; El presidente de Senegal, Bassirou Diomaye Faye, anunci\u00f3 hoy \u00abel fin de toda presencia militar extranjera\u00bb en el pa\u00eds del oeste de \u00c1frica para 2025 en su discurso de A\u00f1o Nuevo. \u00abHe ordenado al ministro de las fuerzas armadas proponer una nueva doctrina de cooperaci\u00f3n en defensa y seguridad que involucre, entre otras consecuencias, el fin de toda presencia militar de otros pa\u00edses en Senegal a partir de 2025\u00bb, dijo. \u00abTodos los amigos de Senegal ser\u00e1n tratados como socios estrat\u00e9gicos en el marco de una cooperaci\u00f3n abierta, diversificada y desinhibida\u00bb, afirm\u00f3 el presidente. El 28 de noviembre, Faye anunci\u00f3 que la soberan\u00eda defendida por su Gobierno \u00abno admite la presencia de bases militares en un pa\u00eds soberano\u00bb.<\/p>\n","protected":false},"excerpt":{"rendered":"<p>diariodominicano.com DAKAR, 1 ene (Xinhua) &#8212; El presidente de Senegal, Bassirou Diomaye Faye, anunci\u00f3 hoy \u00abel fin de toda presencia militar extranjera\u00bb en el pa\u00eds del oeste de \u00c1frica para 2025 en su discurso de A\u00f1o Nuevo. \u00abHe ordenado al ministro de las fuerzas armadas proponer una nueva doctrina de cooperaci\u00f3n en defensa y seguridad [&hellip;]<\/p>\n","protected":false},"author":5,"featured_media":586576,"comment_status":"closed","ping_status":"closed","sticky":true,"template":"","format":"standard","meta":{"footnotes":""},"categories":[23,27],"tags":[],"class_list":["post-586575","post","type-post","status-publish","format-standard","has-post-thumbnail","hentry","category-internacional","category-portada"],"_links":{"self":[{"href":"https:\/\/diariodominicano.com\/index.php?rest_route=\/wp\/v2\/posts\/586575","targetHints":{"allow":["GET"]}}],"collection":[{"href":"https:\/\/diariodominicano.com\/index.php?rest_route=\/wp\/v2\/posts"}],"about":[{"href":"https:\/\/diariodominicano.com\/index.php?rest_route=\/wp\/v2\/types\/post"}],"author":[{"embeddable":true,"href":"https:\/\/diariodominicano.com\/index.php?rest_route=\/wp\/v2\/users\/5"}],"replies":[{"embeddable":true,"href":"https:\/\/diariodominicano.com\/index.php?rest_route=%2Fwp%2Fv2%2Fcomments&post=586575"}],"version-history":[{"count":1,"href":"https:\/\/diariodominicano.com\/index.php?rest_route=\/wp\/v2\/posts\/586575\/revisions"}],"predecessor-version":[{"id":586577,"href":"https:\/\/diariodominicano.com\/index.php?rest_route=\/wp\/v2\/posts\/586575\/revisions\/586577"}],"wp:featuredmedia":[{"embeddable":true,"href":"https:\/\/diariodominicano.com\/index.php?rest_route=\/wp\/v2\/media\/586576"}],"wp:attachment":[{"href":"https:\/\/diariodominicano.com\/index.php?rest_route=%2Fwp%2Fv2%2Fmedia&parent=586575"}],"wp:term":[{"taxonomy":"category","embeddable":true,"href":"https:\/\/diariodominicano.com\/index.php?rest_route=%2Fwp%2Fv2%2Fcategories&post=586575"},{"taxonomy":"post_tag","embeddable":true,"href":"https:\/\/diariodominicano.com\/index.php?rest_route=%2Fwp%2Fv2%2Ftags&post=586575"}],"curies":[{"name":"wp","href":"https:\/\/api.w.org\/{rel}","templated":true}]}}