{"id":586542,"date":"2025-01-01T12:45:41","date_gmt":"2025-01-01T16:45:41","guid":{"rendered":"https:\/\/diariodominicano.com\/?p=586542"},"modified":"2025-01-01T20:59:49","modified_gmt":"2025-01-02T00:59:49","slug":"la-revolucion-cubana-a-los-66-anos-adelante","status":"publish","type":"post","link":"https:\/\/diariodominicano.com\/?p=586542","title":{"rendered":"La Revoluci\u00f3n Cubana a los 66 a\u00f1os, \u00a1adelante!"},"content":{"rendered":"\n<p>Por: Ram\u00f3n Antonio Veras <\/p>\n\n\n\n<p>1.- La Revoluci\u00f3n Cubana hizo del d\u00eda 1 de enero de cada a\u00f1o la fecha de mayor contenido y significado pol\u00edtico y social para los pueblos latinoamericanos y caribe\u00f1os. El 1 de enero goza de gloria eterna en la conciencia de mujeres y hombres honestos y bien nacidos.<\/p>\n\n\n\n<p>2.- Los oportunistas de todos los pelajes se formaron la falsa idea de que la Revoluci\u00f3n Cubana no ser\u00eda m\u00e1s que un nuevo caso de confabulaci\u00f3n para beneficiar a los dirigentes triunfantes.<\/p>\n\n\n\n<p>3.- Pero no result\u00f3 as\u00ed. El proceso revolucionario que triunf\u00f3 en Cuba el 1 de enero de 1959, bajo la direcci\u00f3n del genio pol\u00edtico, estratega militar y brillante estadista Fidel Castro, lleg\u00f3 para ejecutar cambios estructurales.<\/p>\n\n\n\n<p>4.- La Revoluci\u00f3n Cubana desde sus inicios demostr\u00f3 que ten\u00eda como objetivo llevar a cabo cambios fundamentales en el seno de la sociedad cubana de entonces.<\/p>\n\n\n\n<p>5.- El 1 de enero de 1959, marc\u00f3 en Cuba el inicio de un profundo cambio destinado a recuperar la soberan\u00eda nacional, eliminar la explotaci\u00f3n del hombre por el hombre y construir un nuevo ordenamiento econ\u00f3mico.<\/p>\n\n\n\n<p>6.- El d\u00eda 1 de enero de 1959, Cuba le dijo al mundo que hab\u00eda dejado de ser un garito, una casa de juego y centro de prostituci\u00f3n internacional. La Revoluci\u00f3n Cubana lleg\u00f3 acompa\u00f1ada de medidas pol\u00edticas, econ\u00f3micas y sociales que, adem\u00e1s de profil\u00e1cticas, cambiaron las condiciones negativas de cubanas y cubanos.<\/p>\n\n\n\n<p>7.- Al 1 de enero de 1959, en Cuba el desempleo estaba en 700,000 desocupados, lo que fue enfrentado tomando medidas profundas como la reforma agraria, la industrializaci\u00f3n y otras de igual naturaleza.<\/p>\n\n\n\n<p>8.- El 1 de enero de 1959, hizo posible que las grandes masas populares cubanas tuvieran a su alcance vivienda digna, servicios de salud y educaci\u00f3n de calidad.<\/p>\n\n\n\n<p>9.- Las tareas que en Cuba comenzaron el 1 de enero de 1959, que ten\u00edan como meta la liberaci\u00f3n nacional, chocaron con los intereses de la minor\u00eda cubana y los monopolios norteamericanos.<\/p>\n\n\n\n<p>10.- La estructura productiva y el nuevo ordenamiento econ\u00f3mico en Cuba dio como resultado una organizaci\u00f3n al servicio del pueblo, algo nunca visto por latinoamericanos y caribe\u00f1os.<\/p>\n\n\n\n<p>11.- El progreso alcanzado por mujeres y hombres en Cuba despu\u00e9s del 1 de enero de 1959 limit\u00f3 el control que Estados Unidos manten\u00eda sobre Cuba, pa\u00eds este donde sus inversiones eran las m\u00e1s altas en Am\u00e9rica Latina y el Caribe, luego de las que ten\u00eda en Venezuela.<\/p>\n\n\n\n<p>12.- Con posterioridad al 1 de enero de 1959, las masas populares cubanas adquirieron un alto nivel de conciencia pol\u00edtica e ideol\u00f3gica por su conexi\u00f3n con la pr\u00e9dica de su l\u00edder, el comandante Fidel Castro.<\/p>\n\n\n\n<p>13.- La Revoluci\u00f3n Cubana, el acontecimiento que m\u00e1s influencia ha ejercido en nuestros pueblos, ha sido v\u00edctima del hostigamiento permanente de la pol\u00edtica colonialista puesta en ejecuci\u00f3n por Estados Unidos.<\/p>\n\n\n\n<p>14.- El impacto de la Revoluci\u00f3n Cubana, su incidencia y logros, motiv\u00f3 a los ide\u00f3logos del imperio de Occidente a poner en pr\u00e1ctica contra Cuba el bloqueo econ\u00f3mico, financiero, diplom\u00e1tico, comercial, terrestre, a\u00e9reo y mar\u00edtimo, que todav\u00eda se mantiene por m\u00e1s de 60 a\u00f1os.<\/p>\n\n\n\n<p>15.- Las cubanas y los cubanos dignos y honrados se han colocado por encima de todas las adversidades, no importa que sea obra del imperio o fen\u00f3menos de la naturaleza.<\/p>\n\n\n\n<p>16.- Los patriotas cubanos est\u00e1n \u201cdecididos llevar adelante la revoluci\u00f3n triunfante del Moncada y del Granma, de la Sierra Maestra y de Gir\u00f3n, encabezada por Fidel Castro que, sustentada en la m\u00e1s estrecha unidad de todas las fuerzas revolucionarias y del pueblo ha conquistado la plena independencia nacional\u2026\u201d.<\/p>\n\n\n\n<p>Santiago de los caballeros,<br>31 de diciembre de 2024.<\/p>\n\n\n\n<p>#Ram\u00f3n Antonio Veras<\/p>\n","protected":false},"excerpt":{"rendered":"<p>Por: Ram\u00f3n Antonio Veras 1.- La Revoluci\u00f3n Cubana hizo del d\u00eda 1 de enero de cada a\u00f1o la fecha de mayor contenido y significado pol\u00edtico y social para los pueblos latinoamericanos y caribe\u00f1os. El 1 de enero goza de gloria eterna en la conciencia de mujeres y hombres honestos y bien nacidos. 2.- Los oportunistas [&hellip;]<\/p>\n","protected":false},"author":7,"featured_media":404710,"comment_status":"closed","ping_status":"closed","sticky":true,"template":"","format":"standard","meta":{"footnotes":""},"categories":[21,16],"tags":[426],"class_list":["post-586542","post","type-post","status-publish","format-standard","has-post-thumbnail","hentry","category-cultura","category-opiniones","tag-ramon-antonio-veras"],"_links":{"self":[{"href":"https:\/\/diariodominicano.com\/index.php?rest_route=\/wp\/v2\/posts\/586542","targetHints":{"allow":["GET"]}}],"collection":[{"href":"https:\/\/diariodominicano.com\/index.php?rest_route=\/wp\/v2\/posts"}],"about":[{"href":"https:\/\/diariodominicano.com\/index.php?rest_route=\/wp\/v2\/types\/post"}],"author":[{"embeddable":true,"href":"https:\/\/diariodominicano.com\/index.php?rest_route=\/wp\/v2\/users\/7"}],"replies":[{"embeddable":true,"href":"https:\/\/diariodominicano.com\/index.php?rest_route=%2Fwp%2Fv2%2Fcomments&post=586542"}],"version-history":[{"count":2,"href":"https:\/\/diariodominicano.com\/index.php?rest_route=\/wp\/v2\/posts\/586542\/revisions"}],"predecessor-version":[{"id":586595,"href":"https:\/\/diariodominicano.com\/index.php?rest_route=\/wp\/v2\/posts\/586542\/revisions\/586595"}],"wp:featuredmedia":[{"embeddable":true,"href":"https:\/\/diariodominicano.com\/index.php?rest_route=\/wp\/v2\/media\/404710"}],"wp:attachment":[{"href":"https:\/\/diariodominicano.com\/index.php?rest_route=%2Fwp%2Fv2%2Fmedia&parent=586542"}],"wp:term":[{"taxonomy":"category","embeddable":true,"href":"https:\/\/diariodominicano.com\/index.php?rest_route=%2Fwp%2Fv2%2Fcategories&post=586542"},{"taxonomy":"post_tag","embeddable":true,"href":"https:\/\/diariodominicano.com\/index.php?rest_route=%2Fwp%2Fv2%2Ftags&post=586542"}],"curies":[{"name":"wp","href":"https:\/\/api.w.org\/{rel}","templated":true}]}}