{"id":586502,"date":"2025-01-01T01:18:22","date_gmt":"2025-01-01T05:18:22","guid":{"rendered":"https:\/\/diariodominicano.com\/?p=586502"},"modified":"2025-01-01T01:24:34","modified_gmt":"2025-01-01T05:24:34","slug":"cuidado-con-la-depresion-estacional","status":"publish","type":"post","link":"https:\/\/diariodominicano.com\/?p=586502","title":{"rendered":"Cuidado con la depresi\u00f3n estacional"},"content":{"rendered":"\n<figure class=\"wp-block-table\"><table><tbody><tr><td><strong>Es posible que muchos de nosotros la suframos sin darnos cuenta y es m\u00e1s com\u00fan de lo que parece; aqu\u00ed te cuento su origen<\/strong><br><br>Por la Mtra. Atziri Arroyo Ruiz, Acad\u00e9mica de la Universidad Aut\u00f3noma de Guadalajara (UAG)<br>&nbsp;<br>Est\u00e1 por iniciar un nuevo a\u00f1o, y con \u00e9l, una \u00e9poca llena de posibilidades de todo tipo. Sin embargo, para muchas personas el panorama no parece tan amigable o alentador como para otras. Si bien, son muchas las razones por las que alguien pudiera desarrollar s\u00edntomas depresivos, hay algunos cuadros de este tipo que tienen un comportamiento estacional.<br><br><br>La neurobiolog\u00eda, por ejemplo, ha estudiado el impacto del clima fr\u00edo y de la reducci\u00f3n de luz solar en el estado de \u00e1nimo. Ello, sumado a los factores sociales como las fiestas, la cuesta de enero, el hecho de ver familias juntas si uno se encuentra en soledad y muchos otros, crea un complejo conjunto de factores de riesgo para que personas que han padecido s\u00edntomas depresivos con anterioridad los experimenten de nuevo, o en su defecto empiezan a desarrollarlos.<br>&nbsp;Cuidado con la depresi\u00f3n estacional<br><strong>Caracter\u00edsticas de cuadros depresivos<\/strong><br>Los profesionales de salud mental distinguimos tres caracter\u00edsticas claves de los cuadros depresivos: tristeza, anhedonia y desesperanza<br>La tristeza, en ocasiones proviene de la frustraci\u00f3n que sentimos al compararnos con otras personas o cuando nos enfrentamos a una p\u00e9rdida o es que nos volvemos conscientes de que ya no tenemos aquello que alguna vez si tuvimos y ahora a\u00f1oramos.<br>&nbsp;<br><strong>\u00bfQu\u00e9 es la anhedonia?<\/strong><br>La anhedonia es la dificultad o incapacidad para disfrutar aquellas cosas que por lo regular causaban placer, como disfrutar de nuestra comida favorita, escuchar la m\u00fasica que nos gusta, saborear de un buen helado o pasar tiempo y compartir con nuestros seres queridos. La ciencia ha demostrado que las regiones cerebrales y los qu\u00edmicos que se secretan para darnos esta sensaci\u00f3n no logran activarse o no logran hacerlo a tal grado que sintamos emoci\u00f3n por lo que normalmente nos dar\u00eda gusto.<br>Es comprensible y probable que, si tenemos un estado de \u00e1nimo triste, esa tristeza de alg\u00fan modo empa\u00f1a nuestro pensamiento y la percepci\u00f3n de las cosas. Eso explica que, aunque las experiencias sean disfrutables, haya ocasiones en que la comida no sepa tan bien, no le podamos encontrar lo bonito a un atardecer o las canciones no nos inspiren como antes lo hac\u00edan, pues nuestra atenci\u00f3n tiende a centrarse en los aspectos negativos de nuestras vidas.<br>&nbsp;<br><strong>Expectativas a futuro<\/strong><br>La desesperanza, que consiste en la visi\u00f3n generalmente negativa del futuro y la creencia de que no vendr\u00e1n cosas buenas, o que \u201cya que siempre nos suceden cosas malas\u201d no tendr\u00e1 porque ser desagradable. La desesperanza se ve reforzada de igual modo por diferentes elementos que nos hacen tener expectativas tal vez no tan amigables sobre el futuro, por ejemplo, la cuesta de enero, los cambios pol\u00edticos del pa\u00eds en el que estemos viviendo, el aumento considerable de la inseguridad y de la violencia, y la incertidumbre que todo ello trae consigo.<br>&nbsp;<br><strong>\u00a1Cu\u00eddate y cuida a los que quieres!<\/strong><br>Por \u00faltimo, hago la recomendaci\u00f3n a la poblaci\u00f3n general de estar al pendiente de la aparici\u00f3n de estos tres elementos y en caso de ser necesario acercarse a los profesionales en el \u00e1rea.<strong><em>La Mtra. Atziri Arroyo Ruiz<\/em><\/strong><em>, psic\u00f3loga y acad\u00e9mica que pertenece Departamento de Humanidades y Desarrollo Humano de la UAG.<\/em><\/td><\/tr><\/tbody><\/table><\/figure>\n\n\n\n<figure class=\"wp-block-table\"><table><tbody><tr><td><img decoding=\"async\" alt=\"\" src=\"https:\/\/ci3.googleusercontent.com\/meips\/ADKq_NbcjFxl8IGuBXCxKsCsck5eGVhYr0CThrONpoNd_6go7PqvSfmcw2xXexdTuEBdw71fcWlWxRvPpBEv5QwA-nwGEDV0B6dzBq86fveACH6J72NVWvQYGN91z4Y0mz80ibzXJq775cRlJZ7fvNcza10zTVy3lgmAlK4=s0-d-e1-ft#https:\/\/mcusercontent.com\/8a1ac8a421c4b51fd24459381\/images\/d0a1be79-c350-2e28-9209-ba603f739e14.jpg\" width=\"564\"><\/td><\/tr><\/tbody><\/table><\/figure>\n\n\n\n<figure class=\"wp-block-table\"><table><tbody><tr><td><img decoding=\"async\" alt=\"\" src=\"https:\/\/ci3.googleusercontent.com\/meips\/ADKq_NaAQzQ3jfVHkMrGtskX-Z_Sabm3Bpz0-L0jcyTYKUUEndb846H6GrrCURlqnqbXnEAnFCxROGW9koL7gk9irMUnhwUxeSbfT-XYoqhva6Pe8BPPRMBtTEtOVAqoDaU4WlUW68L6WAzmKZIcWfLwQKR6sN5b02s5G_g=s0-d-e1-ft#https:\/\/mcusercontent.com\/8a1ac8a421c4b51fd24459381\/images\/4f993694-8479-0646-56d8-edc8989198fc.jpg\" width=\"564\"><\/td><\/tr><\/tbody><\/table><\/figure>\n\n\n\n<figure class=\"wp-block-table\"><table><tbody><tr><td><\/td><\/tr><\/tbody><\/table><\/figure>\n\n\n\n<figure class=\"wp-block-table\"><table><tbody><tr><td><a href=\"https:\/\/uag.us17.list-manage.com\/track\/click?u=8a1ac8a421c4b51fd24459381&amp;id=d0f2c41e96&amp;e=8045937fe5\" target=\"_blank\" rel=\"noreferrer noopener\"><\/a><a href=\"https:\/\/uag.us17.list-manage.com\/track\/click?u=8a1ac8a421c4b51fd24459381&amp;id=fe989b5c61&amp;e=8045937fe5\" target=\"_blank\" rel=\"noreferrer noopener\"><\/a><a href=\"https:\/\/uag.us17.list-manage.com\/track\/click?u=8a1ac8a421c4b51fd24459381&amp;id=cf60709c8d&amp;e=8045937fe5\" target=\"_blank\" rel=\"noreferrer noopener\"><\/a><a href=\"https:\/\/uag.us17.list-manage.com\/track\/click?u=8a1ac8a421c4b51fd24459381&amp;id=212764fcf3&amp;e=8045937fe5\" target=\"_blank\" rel=\"noreferrer noopener\"><\/a><a href=\"https:\/\/uag.us17.list-manage.com\/track\/click?u=8a1ac8a421c4b51fd24459381&amp;id=0c83d4f708&amp;e=8045937fe5\" target=\"_blank\" rel=\"noreferrer noopener\"><\/a><\/td><\/tr><\/tbody><\/table><\/figure>\n\n\n\n<figure class=\"wp-block-table\"><table><tbody><tr><td><em>Consulta&nbsp;<a href=\"https:\/\/uag.us17.list-manage.com\/track\/click?u=8a1ac8a421c4b51fd24459381&amp;id=56ea79e69b&amp;e=8045937fe5\" target=\"_blank\" rel=\"noreferrer noopener\">el Aviso de Privacidad aqu\u00ed<\/a>.<\/em><\/td><\/tr><\/tbody><\/table><\/figure>\n\n\n\n<figure class=\"wp-block-table\"><table><tbody><tr><td><img decoding=\"async\" alt=\"\" src=\"https:\/\/ci3.googleusercontent.com\/meips\/ADKq_NZ_8_8SeiZhsCXB4ty22rLjtTDz2aNXzQFu4XK3fqBSrCvKAFLW3oSpYt7AMmegMSItVTB8FoqMfJMBPDjWaIPtrlf8sf0gki8rZG5zF7nl7-sI4Z7hPXlfS4Zhgb_HR9r_-X4tnHzJBo30lLW54C1Wk8NfzYRK3s8=s0-d-e1-ft#https:\/\/mcusercontent.com\/8a1ac8a421c4b51fd24459381\/images\/e00c1872-256b-34b5-baa9-88b795e20de2.png\" width=\"564\"><\/td><\/tr><\/tbody><\/table><\/figure>\n\n\n\n<figure class=\"wp-block-table\"><table><tbody><tr><td><em>Copyright \u00a9 2022&nbsp;Universidad Aut\u00f3noma de Guadalajara. Todos los derechos reservados<\/em><br><strong>Este correo es enviado de la direcci\u00f3n&nbsp;<a href=\"mailto:prensa@edu.uag.mx\" target=\"_blank\" rel=\"noreferrer noopener\">prensa@edu.uag.mx<\/a><\/strong><br>El remitente es una cuenta de salida y no recibe mensajes.&nbsp;<br>Usted recibe este correo porque est\u00e1 inscrito en la base de datos de la UAG.&nbsp;<br>Si lo desea, usted puede&nbsp;<a href=\"https:\/\/uag.us17.list-manage.com\/profile?u=8a1ac8a421c4b51fd24459381&amp;id=8239323dea&amp;e=8045937fe5&amp;c=5ec4602d5a\" target=\"_blank\" rel=\"noreferrer noopener\">actualizar sus datos<\/a>&nbsp;de contacto o&nbsp;<a href=\"https:\/\/uag.us17.list-manage.com\/unsubscribe?u=8a1ac8a421c4b51fd24459381&amp;id=8239323dea&amp;t=b&amp;e=8045937fe5&amp;c=5ec4602d5a\" target=\"_blank\" rel=\"noreferrer noopener\">dejar de recibir correos<\/a>.&nbsp;<br>&nbsp;<\/td><\/tr><\/tbody><\/table><figcaption class=\"wp-element-caption\">Comunicados UAG<br>Comunicados UAG ()<br><a href=\"mailto:prensa@edu.uag.mx\" target=\"_blank\" rel=\"noreferrer noopener\">prensa@edu.uag.mx<\/a><br><br><br><br><br><br><br>A\u00f1adir a mis contactos<br><br><br><br>Enviar correo<br><br><br>Enviar mensaje<br><br><br>Enviar invitaci\u00f3n a videollamada<br><br><br>Programar evento<br><br><\/figcaption><\/figure>\n","protected":false},"excerpt":{"rendered":"<p>Es posible que muchos de nosotros la suframos sin darnos cuenta y es m\u00e1s com\u00fan de lo que parece; aqu\u00ed te cuento su origen Por la Mtra. Atziri Arroyo Ruiz, Acad\u00e9mica de la Universidad Aut\u00f3noma de Guadalajara (UAG)&nbsp;Est\u00e1 por iniciar un nuevo a\u00f1o, y con \u00e9l, una \u00e9poca llena de posibilidades de todo tipo. Sin [&hellip;]<\/p>\n","protected":false},"author":2,"featured_media":586503,"comment_status":"closed","ping_status":"closed","sticky":false,"template":"","format":"standard","meta":{"footnotes":""},"categories":[36,25],"tags":[],"class_list":["post-586502","post","type-post","status-publish","format-standard","has-post-thumbnail","hentry","category-hombresmujeresycosas","category-gente"],"_links":{"self":[{"href":"https:\/\/diariodominicano.com\/index.php?rest_route=\/wp\/v2\/posts\/586502","targetHints":{"allow":["GET"]}}],"collection":[{"href":"https:\/\/diariodominicano.com\/index.php?rest_route=\/wp\/v2\/posts"}],"about":[{"href":"https:\/\/diariodominicano.com\/index.php?rest_route=\/wp\/v2\/types\/post"}],"author":[{"embeddable":true,"href":"https:\/\/diariodominicano.com\/index.php?rest_route=\/wp\/v2\/users\/2"}],"replies":[{"embeddable":true,"href":"https:\/\/diariodominicano.com\/index.php?rest_route=%2Fwp%2Fv2%2Fcomments&post=586502"}],"version-history":[{"count":4,"href":"https:\/\/diariodominicano.com\/index.php?rest_route=\/wp\/v2\/posts\/586502\/revisions"}],"predecessor-version":[{"id":586508,"href":"https:\/\/diariodominicano.com\/index.php?rest_route=\/wp\/v2\/posts\/586502\/revisions\/586508"}],"wp:featuredmedia":[{"embeddable":true,"href":"https:\/\/diariodominicano.com\/index.php?rest_route=\/wp\/v2\/media\/586503"}],"wp:attachment":[{"href":"https:\/\/diariodominicano.com\/index.php?rest_route=%2Fwp%2Fv2%2Fmedia&parent=586502"}],"wp:term":[{"taxonomy":"category","embeddable":true,"href":"https:\/\/diariodominicano.com\/index.php?rest_route=%2Fwp%2Fv2%2Fcategories&post=586502"},{"taxonomy":"post_tag","embeddable":true,"href":"https:\/\/diariodominicano.com\/index.php?rest_route=%2Fwp%2Fv2%2Ftags&post=586502"}],"curies":[{"name":"wp","href":"https:\/\/api.w.org\/{rel}","templated":true}]}}