{"id":586454,"date":"2024-12-31T16:56:27","date_gmt":"2024-12-31T20:56:27","guid":{"rendered":"https:\/\/diariodominicano.com\/?p=586454"},"modified":"2024-12-31T16:58:32","modified_gmt":"2024-12-31T20:58:32","slug":"las-personalidades-que-nos-dejaron-en-2024","status":"publish","type":"post","link":"https:\/\/diariodominicano.com\/?p=586454","title":{"rendered":"Las personalidades que nos dejaron en 2024"},"content":{"rendered":"\n<p>ARCHIVO &#8211; En esta foto de archivo del 28 de junio de 2016, el encarcelado expresidente de Per\u00fa, Alberto Fujimori, fotografiado a trav\u00e9s de una ventana de vidrio, asiste a su juicio en una base policial en las afueras de Lima, Per\u00fa.<\/p>\n\n\n\n<p>diciembre 31, 2024<\/p>\n\n\n\n<ul class=\"wp-block-list\">\n<li><a href=\"https:\/\/www.vozdeamerica.com\/author\/antoni-belchi\/mymyv\">Antoni Belchi<\/a><\/li>\n<\/ul>\n\n\n\n<ul class=\"wp-block-list\">\n<li><a href=\"https:\/\/facebook.com\/sharer.php?u=https%3a%2f%2fwww.vozdeamerica.com%2fa%2fpersonalidades-dejaron-2024%2f7919528.html\" target=\"_blank\" rel=\"noreferrer noopener\"><\/a><\/li>\n\n\n\n<li><a href=\"https:\/\/twitter.com\/share?url=https%3a%2f%2fwww.vozdeamerica.com%2fa%2fpersonalidades-dejaron-2024%2f7919528.html&amp;text=Las+personalidades+que+nos+dejaron+en+2024\" target=\"_blank\" rel=\"noreferrer noopener\"><\/a><\/li>\n\n\n\n<li><\/li>\n\n\n\n<li><a href=\"mailto:?body=https%3a%2f%2fwww.vozdeamerica.com%2fa%2fpersonalidades-dejaron-2024%2f7919528.html&amp;subject=Las%20personalidades%20que%20nos%20dejaron%20en%202024\"><\/a><\/li>\n<\/ul>\n\n\n\n<p><a href=\"https:\/\/www.vozdeamerica.com\/a\/personalidades-dejaron-2024\/7919528.html#comments\">&nbsp;Vea comentarios<\/a><\/p>\n\n\n\n<p>En 2024, el mundo despidi\u00f3 a figuras ic\u00f3nicas de la pol\u00edtica, la cultura y el deporte, incluyendo a Jimmy Carter, Iris Apfel, y Maggie Smith, entre otros.<\/p>\n\n\n\n<p>MIAMI, EEUU \u2014&nbsp;<\/p>\n\n\n\n<p>Este a\u00f1o quedar\u00e1 marcado por la despedida de algunas de las figuras que dejaron una huella en diversos \u00e1mbitos, desde la pol\u00edtica hasta la cultura. A continuaci\u00f3n hacemos un resumen de algunas de las personalidades que murieron a lo largo de 2024.<\/p>\n\n\n\n<figure class=\"wp-block-image\"><img decoding=\"async\" src=\"https:\/\/gdb.voanews.com\/09a6f920-4394-41c7-bb0e-e0c3e82c82b2_w650_r1_s.jpg\" alt=\"ARCHIVO - En esta foto del 3 de noviembre de 2019, se observa al expresidente Jimmy Carter durante la escuela dominical en la Iglesia Bautista Maranatha en Plains, Georgia.\"\/><figcaption class=\"wp-element-caption\">ARCHIVO &#8211; En esta foto del 3 de noviembre de 2019, se observa al expresidente Jimmy Carter durante la escuela dominical en la Iglesia Bautista Maranatha en Plains, Georgia.<\/figcaption><\/figure>\n\n\n\n<p>El expresidente estadounidense&nbsp;<strong>Jimmy Carter (100 a\u00f1os)<\/strong>, una figura hist\u00f3rica y referente en derechos humanos, falleci\u00f3 el 29 de diciembre a los 100 a\u00f1os en su hogar de Plains, Georgia. Carter, quien lider\u00f3 Estados Unidos entre 1977 y 1981, redefini\u00f3 el rol de los expresidentes al convertirse en un incansable defensor de la paz global.<\/p>\n\n\n\n<figure class=\"wp-block-image\"><img decoding=\"async\" src=\"https:\/\/gdb.voanews.com\/ac03a5dd-992a-4222-8ad2-bcfc8662202c_w650_r1_s.jpg\" alt=\"ARCHIVO - Sebasti\u00e1n Pi\u00f1era, expresidente de Chile que se postula nuevamente para el cargo, se dirige a sus seguidores durante el acto de cierre de su campa\u00f1a en Santiago, Chile, el 16 de noviembre de 2017.\"\/><figcaption class=\"wp-element-caption\">ARCHIVO &#8211; Sebasti\u00e1n Pi\u00f1era, expresidente de Chile que se postula nuevamente para el cargo, se dirige a sus seguidores durante el acto de cierre de su campa\u00f1a en Santiago, Chile, el 16 de noviembre de 2017.<\/figcaption><\/figure>\n\n\n\n<p>En Chile, el exmandatario&nbsp;<strong>Sebasti\u00e1n Pi\u00f1era (74 a\u00f1os)<\/strong>&nbsp;encontr\u00f3 un tr\u00e1gico final a inicios del a\u00f1o, cuando el helic\u00f3ptero que piloteaba se precipit\u00f3 en el Lago Ranco. Su muerte gener\u00f3 conmoci\u00f3n nacional y el presidente Gabriel Boric decret\u00f3 duelo oficial en honor al dirigente que gobern\u00f3 en dos periodos. Su legado pol\u00edtico sigue siendo objeto de debate en el pa\u00eds sudamericano.<\/p>\n\n\n\n<figure class=\"wp-block-image\"><img decoding=\"async\" src=\"https:\/\/gdb.voanews.com\/30bcd98a-f261-440d-a9ea-ed5f389cfe3e_w650_r1_s.jpg\" alt=\"ARCHIVO - Iris Apfel aparece en la 22\u00aa edici\u00f3n anual de los premios ACE en Nueva York, el 11 de junio de 2018.\"\/><figcaption class=\"wp-element-caption\">ARCHIVO &#8211; Iris Apfel aparece en la 22\u00aa edici\u00f3n anual de los premios ACE en Nueva York, el 11 de junio de 2018.<\/figcaption><\/figure>\n\n\n\n<p>La industria de la moda tambi\u00e9n perdi\u00f3 a una de sus mayores exponentes,&nbsp;<strong>Iris Apfel (102 a\u00f1os)<\/strong>, conocida por desafiar estereotipos y brillar con sus dise\u00f1os \u00fanicos. Apfel falleci\u00f3 en Palm Beach a los 102 a\u00f1os, dejando como herencia un estilo irreverente que conquist\u00f3 las pasarelas y desafi\u00f3 las convenciones de la industria.<\/p>\n\n\n\n<figure class=\"wp-block-image\"><img decoding=\"async\" src=\"https:\/\/gdb.voanews.com\/b03d5aa3-0aae-4aab-8c98-58e8fe6b1417_w650_r1_s.jpg\" alt=\"ARCHIVO: Una imagen del fallecido l\u00edder opositor ruso Alexei Navalny est\u00e1 colocada en una cerca frente a la Embajada de Rusia, en Londres, Reino Unido, el 17 de febrero de 2024.\"\/><figcaption class=\"wp-element-caption\">ARCHIVO: Una imagen del fallecido l\u00edder opositor ruso Alexei Navalny est\u00e1 colocada en una cerca frente a la Embajada de Rusia, en Londres, Reino Unido, el 17 de febrero de 2024.<\/figcaption><\/figure>\n\n\n\n<p>Tambi\u00e9n se produjo la muerte del l\u00edder opositor ruso&nbsp;<strong>Alexei Navalny (47 a\u00f1os)<\/strong>, quien falleci\u00f3 en circunstancias sospechosas mientras cumpl\u00eda una condena en prisi\u00f3n. Su lucha contra la corrupci\u00f3n y el autoritarismo marc\u00f3 un antes y un despu\u00e9s en la pol\u00edtica de Rusia, enfrent\u00e1ndose al gobierno de Vladimir Putin.<\/p>\n\n\n\n<figure class=\"wp-block-image\"><img decoding=\"async\" src=\"https:\/\/gdb.voanews.com\/b5dc9df8-de0a-4e8d-a6ac-86f3032d6fa4_w650_r1_s.jpg\" alt=\"ARCHIVO - El escritor estadounidense Paul Auster gesticula durante la grabaci\u00f3n del programa de televisi\u00f3n &quot;Che tempo che fa&quot;, en Mil\u00e1n, Italia, el 25 de marzo de 2009.\"\/><figcaption class=\"wp-element-caption\">ARCHIVO &#8211; El escritor estadounidense Paul Auster gesticula durante la grabaci\u00f3n del programa de televisi\u00f3n \u00abChe tempo che fa\u00bb, en Mil\u00e1n, Italia, el 25 de marzo de 2009.<\/figcaption><\/figure>\n\n\n\n<p>La literatura despidi\u00f3 a&nbsp;<strong>Paul Auster (77 a\u00f1os)<\/strong>, autor de culto cuya obra influy\u00f3 generaciones. Auster falleci\u00f3 a causa de un c\u00e1ncer de pulm\u00f3n, dejando como legado t\u00edtulos emblem\u00e1ticos como La Trilog\u00eda de Nueva York.<\/p>\n\n\n\n<figure class=\"wp-block-image\"><img decoding=\"async\" src=\"https:\/\/gdb.voanews.com\/be0f4cdd-13df-4a21-8f12-998faa159f51_w650_r1_s.jpg\" alt=\"ARCHIVO - C\u00e9sar Luis Menotti, de Argentina, es visto tras su presentaci\u00f3n como nuevo entrenador del equipo de f\u00fatbol Tecos en Guadalajara, M\u00e9xico, el mi\u00e9rcoles 29 de agosto de 2007.\"\/><figcaption class=\"wp-element-caption\">ARCHIVO &#8211; C\u00e9sar Luis Menotti, de Argentina, es visto tras su presentaci\u00f3n como nuevo entrenador del equipo de f\u00fatbol Tecos en Guadalajara, M\u00e9xico, el mi\u00e9rcoles 29 de agosto de 2007.<\/figcaption><\/figure>\n\n\n\n<p>En el \u00e1mbito deportivo, Argentina perdi\u00f3 a&nbsp;<strong>C\u00e9sar Luis Menotti (85 a\u00f1os)<\/strong>, el t\u00e9cnico que llev\u00f3 a la selecci\u00f3n a su primer campeonato mundial en 1978. Conocido como \u00abEl Flaco\u00bb, Menotti defendi\u00f3 siempre el valor del buen f\u00fatbol por encima de los resultados, dejando un vac\u00edo en el coraz\u00f3n de muchos de los fan\u00e1ticos de esa \u00e9poca.<\/p>\n\n\n\n<figure class=\"wp-block-image\"><img decoding=\"async\" src=\"https:\/\/gdb.voanews.com\/ba76d191-3d85-48a5-9a5d-2812c8cda5a9_w650_r1_s.jpg\" alt=\"ARCHIVO: El expresidente de Per\u00fa Alberto Fujimori asiste a un juicio como testigo en la base naval del Callao, Per\u00fa, el 15 de marzo de 2018. Fotograf\u00eda tomada a trav\u00e9s de una ventana.\"\/><figcaption class=\"wp-element-caption\">ARCHIVO: El expresidente de Per\u00fa Alberto Fujimori asiste a un juicio como testigo en la base naval del Callao, Per\u00fa, el 15 de marzo de 2018. Fotograf\u00eda tomada a trav\u00e9s de una ventana.<\/figcaption><\/figure>\n\n\n\n<p>Per\u00fa vivi\u00f3 la partida del expresidente&nbsp;<strong>Alberto Fujimori (86 a\u00f1os)<\/strong>, una figura profundamente polarizante. A pesar de su pol\u00e9mico legado, que incluye tanto el combate a la guerrilla como acusaciones de autoritarismo, se convirti\u00f3 en una figura muy influyente en la pol\u00edtica peruana.<\/p>\n\n\n\n<figure class=\"wp-block-image\"><img decoding=\"async\" src=\"https:\/\/gdb.voanews.com\/35b88dbe-2ff8-4cd2-a33d-6e147fb77ffa_w650_r1_s.jpg\" alt=\"ARCHIVO - La actriz brit\u00e1nica Dame Maggie Smith posa en Londres el 16 de diciembre de 2015. Smith, quien gan\u00f3 un Oscar por &quot;Los mejores a\u00f1os de Miss Brodie&quot; en 1969 y conquist\u00f3 nuevos admiradores gracias a &quot;Downton Abbey&quot;, falleci\u00f3 a los 89 a\u00f1os.\"\/><figcaption class=\"wp-element-caption\">ARCHIVO &#8211; La actriz brit\u00e1nica Dame Maggie Smith posa en Londres el 16 de diciembre de 2015. Smith, quien gan\u00f3 un Oscar por \u00abLos mejores a\u00f1os de Miss Brodie\u00bb en 1969 y conquist\u00f3 nuevos admiradores gracias a \u00abDownton Abbey\u00bb, falleci\u00f3 a los 89 a\u00f1os.<\/figcaption><\/figure>\n\n\n\n<p>El mundo del cine y el teatro perdi\u00f3 a la legendaria&nbsp;<strong>Dame Maggie Smith (89 a\u00f1os)<\/strong>, conocida por papeles memorables como Minerva McGonagall en Harry Potter. Con m\u00e1s de siete d\u00e9cadas de carrera, Smith dej\u00f3 un legado de excelencia art\u00edstica y m\u00faltiples galardones, incluidos dos premios Oscar.<\/p>\n\n\n\n<figure class=\"wp-block-image\"><img decoding=\"async\" src=\"https:\/\/gdb.voanews.com\/5671bcef-031a-4968-acc5-081849cbdc00_w650_r1_s.jpg\" alt=\"ARCHIVO - El cantante y compositor brit\u00e1nico Liam Payne posa en la alfombra roja a su llegada a los BRIT Awards 2019 en Londres, el 20 de febrero de 2019.\"\/><figcaption class=\"wp-element-caption\">ARCHIVO &#8211; El cantante y compositor brit\u00e1nico Liam Payne posa en la alfombra roja a su llegada a los BRIT Awards 2019 en Londres, el 20 de febrero de 2019.<\/figcaption><\/figure>\n\n\n\n<p><strong>Liam Payne (31 a\u00f1os)<\/strong>, exintegrante de One Direction, tambi\u00e9n dej\u00f3 un vac\u00edo en el mundo de la m\u00fasica tras su inesperada muerte. La desaparici\u00f3n de la estrella brit\u00e1nica, que alcanz\u00f3 la fama mundial con la banda, muri\u00f3 al caer de un tercer piso de un hotel en Buenos Aires, Argentina.<\/p>\n\n\n\n<figure class=\"wp-block-image\"><img decoding=\"async\" src=\"https:\/\/gdb.voanews.com\/d7d5625a-7caa-4d86-b51d-49a5531f1e35_w650_r1_s.jpg\" alt=\"ARCHIVO - La actriz mexicana Silvia Pinal en una conferencia de prensa en la Ciudad de M\u00e9xico el 5 de julio de 2012.\"\/><figcaption class=\"wp-element-caption\">ARCHIVO &#8211; La actriz mexicana Silvia Pinal en una conferencia de prensa en la Ciudad de M\u00e9xico el 5 de julio de 2012.<\/figcaption><\/figure>\n\n\n\n<p>Finalmente, M\u00e9xico despidi\u00f3 a&nbsp;<strong>Silvia Pinal (93 a\u00f1os)<\/strong>, la \u00faltima gran diva del cine mexicano. La actriz, musa de Luis Bu\u00f1uel, dej\u00f3 un legado cinematogr\u00e1fico que abarca cl\u00e1sicos como Viridiana y El \u00e1ngel exterminador. Su estela de elegancia y talento quedar\u00e1 inmortalizada en la historia del s\u00e9ptimo arte.<\/p>\n","protected":false},"excerpt":{"rendered":"<p>ARCHIVO &#8211; En esta foto de archivo del 28 de junio de 2016, el encarcelado expresidente de Per\u00fa, Alberto Fujimori, fotografiado a trav\u00e9s de una ventana de vidrio, asiste a su juicio en una base policial en las afueras de Lima, Per\u00fa. diciembre 31, 2024 &nbsp;Vea comentarios En 2024, el mundo despidi\u00f3 a figuras ic\u00f3nicas [&hellip;]<\/p>\n","protected":false},"author":2,"featured_media":586455,"comment_status":"closed","ping_status":"closed","sticky":false,"template":"","format":"standard","meta":{"footnotes":""},"categories":[26,23],"tags":[],"class_list":["post-586454","post","type-post","status-publish","format-standard","has-post-thumbnail","hentry","category-efemerides","category-internacional"],"_links":{"self":[{"href":"https:\/\/diariodominicano.com\/index.php?rest_route=\/wp\/v2\/posts\/586454","targetHints":{"allow":["GET"]}}],"collection":[{"href":"https:\/\/diariodominicano.com\/index.php?rest_route=\/wp\/v2\/posts"}],"about":[{"href":"https:\/\/diariodominicano.com\/index.php?rest_route=\/wp\/v2\/types\/post"}],"author":[{"embeddable":true,"href":"https:\/\/diariodominicano.com\/index.php?rest_route=\/wp\/v2\/users\/2"}],"replies":[{"embeddable":true,"href":"https:\/\/diariodominicano.com\/index.php?rest_route=%2Fwp%2Fv2%2Fcomments&post=586454"}],"version-history":[{"count":2,"href":"https:\/\/diariodominicano.com\/index.php?rest_route=\/wp\/v2\/posts\/586454\/revisions"}],"predecessor-version":[{"id":586458,"href":"https:\/\/diariodominicano.com\/index.php?rest_route=\/wp\/v2\/posts\/586454\/revisions\/586458"}],"wp:featuredmedia":[{"embeddable":true,"href":"https:\/\/diariodominicano.com\/index.php?rest_route=\/wp\/v2\/media\/586455"}],"wp:attachment":[{"href":"https:\/\/diariodominicano.com\/index.php?rest_route=%2Fwp%2Fv2%2Fmedia&parent=586454"}],"wp:term":[{"taxonomy":"category","embeddable":true,"href":"https:\/\/diariodominicano.com\/index.php?rest_route=%2Fwp%2Fv2%2Fcategories&post=586454"},{"taxonomy":"post_tag","embeddable":true,"href":"https:\/\/diariodominicano.com\/index.php?rest_route=%2Fwp%2Fv2%2Ftags&post=586454"}],"curies":[{"name":"wp","href":"https:\/\/api.w.org\/{rel}","templated":true}]}}