{"id":586448,"date":"2024-12-31T16:45:59","date_gmt":"2024-12-31T20:45:59","guid":{"rendered":"https:\/\/diariodominicano.com\/?p=586448"},"modified":"2024-12-31T16:52:35","modified_gmt":"2024-12-31T20:52:35","slug":"se-cumplen-25-anos-del-traspaso-del-canal-de-panama-los-panamenos-celebran-y-reafirman-su-soberania","status":"publish","type":"post","link":"https:\/\/diariodominicano.com\/?p=586448","title":{"rendered":"Se cumplen 25 a\u00f1os del traspaso del Canal de Panam\u00e1, los paname\u00f1os celebran y reafirman su soberan\u00eda"},"content":{"rendered":"\n<p>ARCHIVO: Imagen de un buque portacontenedores que atraviesa las Esclusas de Cocol\u00ed en el Canal de Panam\u00e1, ampliado en 2016. [Foto: Autoridad del Canal de Panam\u00e1]<\/p>\n\n\n\n<p>diciembre 31, 2024<\/p>\n\n\n\n<ul class=\"wp-block-list\">\n<li><a href=\"https:\/\/www.vozdeamerica.com\/author\/milagro-vallecillos\/jjmvp\">Milagro Vallecillos<\/a><\/li>\n<\/ul>\n\n\n\n<ul class=\"wp-block-list\">\n<li><a href=\"https:\/\/facebook.com\/sharer.php?u=https%3a%2f%2fwww.vozdeamerica.com%2fa%2fse-cumplen-25-anios-del-traspaso-del-canal-de-panama-los-panamenios-celebran-y-reafirman-su-soberania%2f7919781.html\" target=\"_blank\" rel=\"noreferrer noopener\"><\/a><\/li>\n\n\n\n<li><a href=\"https:\/\/twitter.com\/share?url=https%3a%2f%2fwww.vozdeamerica.com%2fa%2fse-cumplen-25-anios-del-traspaso-del-canal-de-panama-los-panamenios-celebran-y-reafirman-su-soberania%2f7919781.html&amp;text=Se+cumplen+25+a%c3%b1os+del+traspaso+del+Canal+de+Panam%c3%a1%2c+los+paname%c3%b1os+celebran+y+reafirman+su+soberan%c3%ada\" target=\"_blank\" rel=\"noreferrer noopener\"><\/a><\/li>\n\n\n\n<li><\/li>\n\n\n\n<li><a href=\"mailto:?body=https%3a%2f%2fwww.vozdeamerica.com%2fa%2fse-cumplen-25-anios-del-traspaso-del-canal-de-panama-los-panamenios-celebran-y-reafirman-su-soberania%2f7919781.html&amp;subject=Se%20cumplen%2025%20a%C3%B1os%20del%20traspaso%20del%20Canal%20de%20Panam%C3%A1,%20los%20paname%C3%B1os%20celebran%20y%20reafirman%20su%20soberan%C3%ADa\"><\/a><\/li>\n<\/ul>\n\n\n\n<p><a href=\"https:\/\/www.vozdeamerica.com\/a\/se-cumplen-25-anios-del-traspaso-del-canal-de-panama-los-panamenios-celebran-y-reafirman-su-soberania\/7919781.html#comments\">&nbsp;Vea comentarios<\/a><\/p>\n\n\n\n<p>Este 31 de diciembre se cumplen 25 a\u00f1os del traspaso por parte de EEUU del Canal de Panam\u00e1. Los paname\u00f1os celebran ratificando que no ceder\u00e1n el control de la importante v\u00eda mar\u00edtima ni aceptar\u00e1n presiones externas que arriesguen su independencia nacional.<\/p>\n\n\n\n<p>Ciudad de Panam\u00e1 \u2014&nbsp;<\/p>\n\n\n\n<p>Los paname\u00f1os celebran este martes 25 a\u00f1os del traspaso del Canal de Panam\u00e1 a la naci\u00f3n, despu\u00e9s de varias d\u00e9cadas de administraci\u00f3n estadounidense, con la convicci\u00f3n de garantizar su sostenibilidad y la soberan\u00eda nacional de la importante v\u00eda mar\u00edtima.<\/p>\n\n\n\n<p>El presidente paname\u00f1o, Jos\u00e9 Ra\u00fal Mulino, lidera este martes los actos conmemorativos por el aniversario del hist\u00f3rico hito alcanzado el 31 de diciembre de 1999, en virtud de los Tratados Torrijos-Carter firmados en 1977,&nbsp;<strong><a href=\"https:\/\/x.com\/presidenciapma\/status\/1874082810904052160\" target=\"_blank\" rel=\"noreferrer noopener\">inform\u00f3 la presidencia paname\u00f1a en su cuenta de X.<\/a><\/strong><\/p>\n\n\n\n<p><\/p>\n\n\n\n<p>\u00ab[La fecha] simboliza la lucha, el sacrificio y la soberan\u00eda de nuestra naci\u00f3n (&#8230;) Hoy celebramos un hito que reafirma nuestro orgullo como naci\u00f3n. \u00a1Que viva nuestro Canal, que viva nuestra bandera y que viva Panam\u00e1, siempre soberana y due\u00f1a de su destino! \u00ab, indicaron las autoridades de Panam\u00e1 en el mensaje en redes sociales.<\/p>\n\n\n\n<p>Bajo el control paname\u00f1o, el canal se ha consolidado estos a\u00f1os como una de las principales rutas del comercio mundial. Para los paname\u00f1os se trata adem\u00e1s de s\u00edmbolo de unidad nacional y motor de su desarrollo.<\/p>\n\n\n\n<p>\u201cLa administraci\u00f3n paname\u00f1a del Canal ha demostrado ser eficiente y comprometida con la excelencia, adapt\u00e1ndose a las demandas del comercio internacional y contribuyendo significativamente al desarrollo econ\u00f3mico del pa\u00eds\u201d, dijo recientemente Ricaurte V\u00e1squez, administrador de la Autoridad del Canal de Panam\u00e1 (ACP), para subrayar el esfuerzo y la capacidad de los paname\u00f1os para gestionar esta obra de relevancia global.<\/p>\n\n\n\n<p><video poster=\"https:\/\/gdb.voanews.com\/43f9dfd4-8091-4eff-9ff9-4bce291de96c_tv_w650_r1.jpg\" src=\"blob:https:\/\/www.vozdeamerica.com\/194a4310-8047-42c6-9c6b-fb5e9b73ad9b\" height=\"381\" width=\"676\"><\/video><\/p>\n\n\n\n<h5 class=\"wp-block-heading\"><a href=\"https:\/\/www.vozdeamerica.com\/a\/se-cumplen-25-anios-del-traspaso-del-canal-de-panama-los-panamenios-celebran-y-reafirman-su-soberania\/7918571.html\" target=\"_blank\" rel=\"noreferrer noopener\">Presidente de Panam\u00e1 destaca aporte del Canal a la econom\u00eda del pa\u00eds<\/a><\/h5>\n\n\n\n<ul class=\"wp-block-list\">\n<li><a href=\"https:\/\/facebook.com\/sharer.php?u=https%3a%2f%2fwww.vozdeamerica.com%2fa%2f7918571.html\" target=\"_blank\" rel=\"noreferrer noopener\">Comparta en Facebook<\/a><\/li>\n\n\n\n<li><a href=\"https:\/\/twitter.com\/share?url=https%3a%2f%2fwww.vozdeamerica.com%2fa%2f7918571.html&amp;text=Presidente+de+Panam%c3%a1+destaca+aporte+del+Canal+a+la+econom%c3%ada+del+pa%c3%ads\" target=\"_blank\" rel=\"noreferrer noopener\">Comparta en Twitter<\/a><\/li>\n<\/ul>\n\n\n\n<hr class=\"wp-block-separator has-alpha-channel-opacity\"\/>\n\n\n\n<p><a href=\"https:\/\/www.vozdeamerica.com\/embed\/player\/Article\/7918571.html?type=video&amp;FullScreenMode=True\" target=\"_blank\" rel=\"noreferrer noopener\"><\/a><\/p>\n\n\n\n<p>&nbsp;Descargar&nbsp;<\/p>\n\n\n\n<h3 class=\"wp-block-heading\">Un poco de historia<\/h3>\n\n\n\n<p>Estados Unidos construy\u00f3 el canal de Panam\u00e1 entre 1904 y 1914. El gobierno estadounidense lo gestion\u00f3 durante varias d\u00e9cadas. Tras varias controversias y tensiones, en 1964 surgieron protestas contra Estados Unidos en la zona que ocupa el canal.<\/p>\n\n\n\n<p>Dichos disturbios condujeron a nuevas negociaciones sobre la administraci\u00f3n del canal que concluyeron en la firma en 1977 de acuerdos entre el gobierno del recientemente fallecido expresidente de Estados Unidos, Jimmy Carter y el entonces l\u00edder paname\u00f1o Omar Torrijos.<\/p>\n\n\n\n<p>En virtud de dichos tratados se estableci\u00f3 la neutralidad permanente del canal de Panam\u00e1. Previamente hubo un per\u00edodo de custodia conjunta que concluy\u00f3 con el hecho de que EEUU cedi\u00f3 el control total a Panam\u00e1 en el a\u00f1o 2000.<\/p>\n\n\n\n<p>Dichos tratados garantizaron la neutralidad permanente del canal de Panam\u00e1. Tras una etapa de custodia conjunta, el canal pas\u00f3 a manos paname\u00f1as en 1999. Desde entonces, la Autoridad del Canal de Panam\u00e1 gestiona dicha infraestructura clave para el comercio mundial.<\/p>\n\n\n\n<figure class=\"wp-block-image\"><img decoding=\"async\" src=\"https:\/\/gdb.voanews.com\/87e5e0a1-249c-44c2-b44d-b41683f2d9aa_w650_r0_s.jpg\" alt=\"El presidente de Panam\u00e1, Jos\u00e9 Ra\u00fal Mulino, pronuncia un discurso durante la ceremonia para conmemorar el 25 aniversario de la entrega del canal interoce\u00e1nico de Panam\u00e1 por parte de Estados Unidos a Panam\u00e1, en la Ciudad de Panam\u00e1 el 31 de diciembre de 2024.\"\/><figcaption class=\"wp-element-caption\">El presidente de Panam\u00e1, Jos\u00e9 Ra\u00fal Mulino, pronuncia un discurso durante la ceremonia para conmemorar el 25 aniversario de la entrega del canal interoce\u00e1nico de Panam\u00e1 por parte de Estados Unidos a Panam\u00e1, en la Ciudad de Panam\u00e1 el 31 de diciembre de 2024.<\/figcaption><\/figure>\n\n\n\n<h3 class=\"wp-block-heading\">Celebraci\u00f3n con matices de reafirmaci\u00f3n de defensa de la soberan\u00eda<\/h3>\n\n\n\n<p>Los paname\u00f1os llegan al hist\u00f3rico aniversario en medio de una reciente pol\u00e9mica impulsada por declaraciones del presidente electo de EEUU, Donald Trump, quien dijo d\u00edas atr\u00e1s que tiene la intenci\u00f3n de retomar el control del canal de Panam\u00e1, argumentando sin mostrar pruebas que la naci\u00f3n estar\u00eda permitiendo a soldados chinos controlar la ruta mar\u00edtima y el supuesto cobro de altas tarifas, que defini\u00f3 como \u00abpagos exorbitantes\u00bb a los buques estadounidenses.<\/p>\n\n\n\n<p>Trump, que asumir\u00e1 la presidencia de Estados Unidos el pr\u00f3ximo 20 de enero, ha dicho tambi\u00e9n que soldados chinos estar\u00edan controlando el canal y asegur\u00f3 que se conceda a Estados Unidos el control del canal \u201cen su totalidad, r\u00e1pidamente y sin cuestionamientos\u201d.<\/p>\n\n\n\n<p><video poster=\"https:\/\/gdb.voanews.com\/0abed22e-acb7-4280-bbd6-b9b8948fa2de_tv_w650_r1.jpg\" src=\"blob:https:\/\/www.vozdeamerica.com\/cc0c3363-e4a7-483a-a10b-e6949171c16c\" height=\"381\" width=\"676\"><\/video><\/p>\n\n\n\n<h5 class=\"wp-block-heading\"><a href=\"https:\/\/www.vozdeamerica.com\/a\/se-cumplen-25-anios-del-traspaso-del-canal-de-panama-los-panamenios-celebran-y-reafirman-su-soberania\/7918570.html\" target=\"_blank\" rel=\"noreferrer noopener\">Las esclusas de Cocol\u00ed en el Canal de Panam\u00e1 ampliado<\/a><\/h5>\n\n\n\n<p>\u00a0<\/p>\n\n\n\n<ul class=\"wp-block-list\">\n<li><a href=\"https:\/\/facebook.com\/sharer.php?u=https%3a%2f%2fwww.vozdeamerica.com%2fa%2f7918570.html\" target=\"_blank\" rel=\"noreferrer noopener\">Comparta en Facebook<\/a><\/li>\n\n\n\n<li><a href=\"https:\/\/twitter.com\/share?url=https%3a%2f%2fwww.vozdeamerica.com%2fa%2f7918570.html&amp;text=Las+esclusas+de+Cocol%c3%ad+en+el+Canal+de+Panam%c3%a1+ampliado\" target=\"_blank\" rel=\"noreferrer noopener\">Comparta en Twitter<\/a><\/li>\n<\/ul>\n\n\n\n<hr class=\"wp-block-separator has-alpha-channel-opacity\"\/>\n\n\n\n<p><a href=\"https:\/\/www.vozdeamerica.com\/embed\/player\/Article\/7918570.html?type=video&amp;FullScreenMode=True\" target=\"_blank\" rel=\"noreferrer noopener\"><\/a><\/p>\n\n\n\n<p>&nbsp;Descargar&nbsp;<\/p>\n\n\n\n<h3 class=\"wp-block-heading\">La respuesta de Panam\u00e1<\/h3>\n\n\n\n<p>Desde la presidencia del pa\u00eds hasta los paname\u00f1os de a pie, la respuesta ha sido un\u00e1nime y contundente. El presidente Mulino ha reiterado que no hay soldados de China controlando la v\u00eda mar\u00edtima.<\/p>\n\n\n\n<p>\u201cNo hay otras manos en el Canal de Panam\u00e1, solo las paname\u00f1as. As\u00ed se va a quedar para siempre\u201d, reafirm\u00f3 Mulino durante la conmemoraci\u00f3n.<\/p>\n\n\n\n<p>Esta es sola una de varias declaraciones que apuntan a la misma idea de conservar la soberan\u00eda sobre el canal.<\/p>\n\n\n\n<p><video poster=\"https:\/\/gdb.voanews.com\/cf869496-a902-4ca9-bde4-c52d67ad563e_tv_w650_r1.jpg\" src=\"blob:https:\/\/www.vozdeamerica.com\/5f88a229-599e-4f75-949c-8208e4cc51bf\" height=\"381\" width=\"676\"><\/video><\/p>\n\n\n\n<h5 class=\"wp-block-heading\"><a href=\"https:\/\/www.vozdeamerica.com\/a\/se-cumplen-25-anios-del-traspaso-del-canal-de-panama-los-panamenios-celebran-y-reafirman-su-soberania\/7912043.html\" target=\"_blank\" rel=\"noreferrer noopener\">\u00bfQu\u00e9 opinan los paname\u00f1os sobre las afirmaciones de Trump y el Canal de Panam\u00e1?<\/a>x<\/h5>\n\n\n\n<ul class=\"wp-block-list\">\n<li><a href=\"https:\/\/facebook.com\/sharer.php?u=https%3a%2f%2fwww.vozdeamerica.com%2fa%2f7912043.html\" target=\"_blank\" rel=\"noreferrer noopener\">Comparta en Facebook<\/a><\/li>\n\n\n\n<li><a href=\"https:\/\/twitter.com\/share?url=https%3a%2f%2fwww.vozdeamerica.com%2fa%2f7912043.html&amp;text=%c2%bfQu%c3%a9+opinan+los+paname%c3%b1os+sobre+las+afirmaciones+de+Trump+y+el+Canal+de+Panam%c3%a1%3f\" target=\"_blank\" rel=\"noreferrer noopener\">Comparta en Twitter<\/a><\/li>\n<\/ul>\n\n\n\n<hr class=\"wp-block-separator has-alpha-channel-opacity\"\/>\n\n\n\n<p><a href=\"https:\/\/www.vozdeamerica.com\/embed\/player\/Article\/7912043.html?type=video&amp;FullScreenMode=True\" target=\"_blank\" rel=\"noreferrer noopener\"><\/a><\/p>\n\n\n\n<p>&nbsp;Descargar&nbsp;<\/p>\n\n\n\n<p>\u201cCada metro cuadrado del canal y su zona adyacente pertenece a Panam\u00e1 y seguir\u00e1 siendo nuestro\u201d, dijo d\u00edas atr\u00e1s Mulino en respuesta a las declaraciones de Trump.<\/p>\n\n\n\n<p>Paname\u00f1os como Abel Zeballos, un profesor de educaci\u00f3n media, dijo a la<strong>&nbsp;<em>Voz de Am\u00e9rica<\/em><\/strong>: \u201cNos sentimos orgullosos de que nuestro canal sea paname\u00f1o y que est\u00e9 administrado por profesionales de diversas disciplinas\u201d.<\/p>\n\n\n\n<p>Abdul Rodr\u00edguez, tambi\u00e9n paname\u00f1o, dijo a la&nbsp;<em><strong>VOA<\/strong><\/em>&nbsp;que siente \u00aborgullo\u00bb de que el canal est\u00e9 en manos de Panam\u00e1. \u00abNos enorgullece haberlo convertido en una empresa exitosa\u201d, insisti\u00f3.<\/p>\n\n\n\n<p>\u201cEl Canal es un orgullo para cada paname\u00f1o porque representa el esfuerzo de nuestras generaciones pasadas. Que hoy miles de paname\u00f1os trabajen all\u00ed, es profundamente emotivo. El sue\u00f1o de muchas familias\u201d, indic\u00f3 Dalys Lee, administradora de empresas, en referencia al impacto social del canal de Panam\u00e1.<\/p>\n\n\n\n<p><video poster=\"https:\/\/gdb.voanews.com\/19fc6a93-a7f8-48ac-85ea-c2e114ff228c_w650_r1.jpg\" src=\"blob:https:\/\/www.vozdeamerica.com\/dd0dc04d-9fbf-4fd7-9c97-7e87f5730d4b\" height=\"381\" width=\"676\"><\/video><\/p>\n\n\n\n<h5 class=\"wp-block-heading\"><a href=\"https:\/\/www.vozdeamerica.com\/a\/se-cumplen-25-anios-del-traspaso-del-canal-de-panama-los-panamenios-celebran-y-reafirman-su-soberania\/7912044.html\" target=\"_blank\" rel=\"noreferrer noopener\">\u00bfPuede Trump \u00abrecuperar\u00bb el canal de Panam\u00e1?<\/a><\/h5>\n\n\n\n<p>\u00a0<\/p>\n\n\n\n<ul class=\"wp-block-list\">\n<li><a href=\"https:\/\/facebook.com\/sharer.php?u=https%3a%2f%2fwww.vozdeamerica.com%2fa%2f7912044.html\" target=\"_blank\" rel=\"noreferrer noopener\">Comparta en Facebook<\/a><\/li>\n\n\n\n<li><a href=\"https:\/\/twitter.com\/share?url=https%3a%2f%2fwww.vozdeamerica.com%2fa%2f7912044.html&amp;text=%c2%bfPuede+Trump+%22recuperar%22+el+canal+de+Panam%c3%a1%3f\" target=\"_blank\" rel=\"noreferrer noopener\">Comparta en Twitter<\/a><\/li>\n<\/ul>\n\n\n\n<hr class=\"wp-block-separator has-alpha-channel-opacity\"\/>\n\n\n\n<p><a href=\"https:\/\/www.vozdeamerica.com\/embed\/player\/Article\/7912044.html?type=video&amp;FullScreenMode=True\" target=\"_blank\" rel=\"noreferrer noopener\"><\/a><\/p>\n\n\n\n<p>&nbsp;Descargar&nbsp;<\/p>\n\n\n\n<h3 class=\"wp-block-heading\">Los \u00e9xitos y retos actuales del Canal de Panam\u00e1<\/h3>\n\n\n\n<p>Entre los desaf\u00edos recientes, la Autoridad del Canal de Panam\u00e1 est\u00e1 inmersa en generar estrategias que permitan la sostenibilidad y garant\u00edas para los niveles de agua que se han visto impactados en los \u00faltimos tiempo debido a factores como la crisis clim\u00e1tica y la creciente competencia en el comercio internacional.<\/p>\n\n\n\n<p><strong>Vea tambi\u00e9n:&nbsp;<a href=\"https:\/\/www.vozdeamerica.com\/a\/7476778.html\" target=\"_blank\" rel=\"noreferrer noopener\">R\u00edo Indio, la soluci\u00f3n a la crisis h\u00eddrica del Canal de Panam\u00e1<\/a><\/strong><\/p>\n\n\n\n<p>No obstante, la Autoridad del canal de Panam\u00e1 sostiene que en estos 25 a\u00f1os, los logros alcanzados han sido innumerables. Citan, por ejemplo, lo que catalogan como la notable mejora en la eficiencia operativa del canal, donde el tiempo de tr\u00e1nsito de un buque por la ruta se redujo significativamente, pasando de 33 a 23 horas.<\/p>\n\n\n\n<p>La ampliaci\u00f3n del canal en 2016, financiada en su totalidad por Panam\u00e1, de acuerdo con las autoridades ha consolidado su relevancia en el comercio internacional, permitiendo el tr\u00e1nsito de buques neopanamax y conectando 144 rutas mar\u00edtimas y 1.700 puertos en 160 pa\u00edses.<\/p>\n\n\n\n<p>\u201cEl mayor logro es que la fuerza laboral de los 8.500 trabajadores ha cumplido esa meta de ser un Canal 100 % paname\u00f1o, manejado con una tremenda eficiencia\u201d, asegura Illya de Marotta, subadministradora de la ACP.<\/p>\n\n\n\n<p><a href=\"https:\/\/www.vozdeamerica.com\/a\/presidente-panama-niega-haya-soldados-de-china-en-el-canal-en-respuesta-a-trump\/7914670.html\"><\/a><\/p>\n\n\n\n<p><a href=\"https:\/\/www.vozdeamerica.com\/a\/presidente-panama-niega-haya-soldados-de-china-en-el-canal-en-respuesta-a-trump\/7914670.html\">Tambi\u00e9n lea<\/a><\/p>\n\n\n\n<h4 class=\"wp-block-heading\"><a href=\"https:\/\/www.vozdeamerica.com\/a\/presidente-panama-niega-haya-soldados-de-china-en-el-canal-en-respuesta-a-trump\/7914670.html\">Presidente de Panam\u00e1 niega que haya soldados de China en el Canal, en respuesta a Trump<\/a><\/h4>\n\n\n\n<h3 class=\"wp-block-heading\">\u00bfPodr\u00eda el canal volver a estar en control de EEUU?<\/h3>\n\n\n\n<p>Omar Ja\u00e9n Su\u00e1rez, historiador paname\u00f1o que particip\u00f3 en las negociaciones para el traspaso del canal a Panam\u00e1, el \u00e9xito de la administraci\u00f3n es incuestionable y no cree que sea posible una reversi\u00f3n de la medida que sent\u00f3 un hito en 1999. \u201cEstas afirmaciones de Trump solo lograron unir al pueblo paname\u00f1o y reforzaron el respaldo internacional al Tratado de Neutralidad del Canal\u201d.<\/p>\n\n\n\n<p>En alusi\u00f3n a las cr\u00edticas de Trump sobre las actuales tarifas del canal, Su\u00e1rez expres\u00f3 que estos peajes para transitar se fijan en consulta con la comunidad naviera internacional, priorizando el equilibrio y la competitividad.<\/p>\n\n\n\n<p>Los tratados sobre el canal fueron ratificados en 1978. En respuesta a un medio estadounidense, el exjefe del gabinete de Trump en su anterior presidencia, Mick Mulvaney, insinu\u00f3 que las declaraciones de Trump buscaban bajar las tarifas que pagan los buques.<\/p>\n\n\n\n<p>\u201cNo me imagino a los soldados estadounidenses entrando para retomar el canal, pero tienes que pensar que alguien est\u00e1 por ah\u00ed rasc\u00e1ndose la cabeza y pensando: \u2018\u00bfDonald Trump est\u00e1 tan loco como para hacer algo as\u00ed?\u2019\u201d, dijo recientemente Mulvaney en&nbsp;<em>The Hill<\/em>, el programa de<em>&nbsp;NewsNation.<\/em><\/p>\n\n\n\n<p>El canal ha aportado al Estado paname\u00f1o m\u00e1s de 28.000 millones de d\u00f3lares desde el traspaso hace 25 a\u00f1os, por lo que no es solo un pilar de la econom\u00eda, sino tambi\u00e9n un motor para el desarrollo social y log\u00edstico de Panam\u00e1.<\/p>\n\n\n\n<p>Solo este a\u00f1o, la ACP entreg\u00f3 al Estado m\u00e1s de 2.400 millones de d\u00f3lares. Hoy, la v\u00eda interoce\u00e1nica representa el 7,7 % del Producto Interno Bruto de Panam\u00e1.<\/p>\n","protected":false},"excerpt":{"rendered":"<p>ARCHIVO: Imagen de un buque portacontenedores que atraviesa las Esclusas de Cocol\u00ed en el Canal de Panam\u00e1, ampliado en 2016. [Foto: Autoridad del Canal de Panam\u00e1] diciembre 31, 2024 &nbsp;Vea comentarios Este 31 de diciembre se cumplen 25 a\u00f1os del traspaso por parte de EEUU del Canal de Panam\u00e1. Los paname\u00f1os celebran ratificando que no [&hellip;]<\/p>\n","protected":false},"author":2,"featured_media":586450,"comment_status":"closed","ping_status":"closed","sticky":false,"template":"","format":"standard","meta":{"footnotes":""},"categories":[36,26,23,27],"tags":[],"class_list":["post-586448","post","type-post","status-publish","format-standard","has-post-thumbnail","hentry","category-hombresmujeresycosas","category-efemerides","category-internacional","category-portada"],"_links":{"self":[{"href":"https:\/\/diariodominicano.com\/index.php?rest_route=\/wp\/v2\/posts\/586448","targetHints":{"allow":["GET"]}}],"collection":[{"href":"https:\/\/diariodominicano.com\/index.php?rest_route=\/wp\/v2\/posts"}],"about":[{"href":"https:\/\/diariodominicano.com\/index.php?rest_route=\/wp\/v2\/types\/post"}],"author":[{"embeddable":true,"href":"https:\/\/diariodominicano.com\/index.php?rest_route=\/wp\/v2\/users\/2"}],"replies":[{"embeddable":true,"href":"https:\/\/diariodominicano.com\/index.php?rest_route=%2Fwp%2Fv2%2Fcomments&post=586448"}],"version-history":[{"count":2,"href":"https:\/\/diariodominicano.com\/index.php?rest_route=\/wp\/v2\/posts\/586448\/revisions"}],"predecessor-version":[{"id":586453,"href":"https:\/\/diariodominicano.com\/index.php?rest_route=\/wp\/v2\/posts\/586448\/revisions\/586453"}],"wp:featuredmedia":[{"embeddable":true,"href":"https:\/\/diariodominicano.com\/index.php?rest_route=\/wp\/v2\/media\/586450"}],"wp:attachment":[{"href":"https:\/\/diariodominicano.com\/index.php?rest_route=%2Fwp%2Fv2%2Fmedia&parent=586448"}],"wp:term":[{"taxonomy":"category","embeddable":true,"href":"https:\/\/diariodominicano.com\/index.php?rest_route=%2Fwp%2Fv2%2Fcategories&post=586448"},{"taxonomy":"post_tag","embeddable":true,"href":"https:\/\/diariodominicano.com\/index.php?rest_route=%2Fwp%2Fv2%2Ftags&post=586448"}],"curies":[{"name":"wp","href":"https:\/\/api.w.org\/{rel}","templated":true}]}}