{"id":586303,"date":"2024-12-30T14:48:39","date_gmt":"2024-12-30T18:48:39","guid":{"rendered":"https:\/\/diariodominicano.com\/?p=586303"},"modified":"2024-12-30T14:48:43","modified_gmt":"2024-12-30T18:48:43","slug":"guterres-demanda-mayor-compromiso-ante-dramatico-aumento-de-tensiones","status":"publish","type":"post","link":"https:\/\/diariodominicano.com\/?p=586303","title":{"rendered":"Guterres demanda mayor compromiso ante dram\u00e1tico aumento de tensiones"},"content":{"rendered":"\n<p>Naciones Unidas, 30 dic (Prensa Latina) El secretario general de la ONU, Ant\u00f3nio Guterres, demand\u00f3 hoy mayor compromiso con un futuro pac\u00edfico, igualitario, estable y saludable al reconocer la fragmentaci\u00f3n como uno de los principales desaf\u00edos del a\u00f1o que concluye.<\/p>\n\n\n\n<ul class=\"wp-block-list\">\n<li><a href=\"https:\/\/www.prensa-latina.cu\/2024\/12\/30\/\"><time>diciembre 30, 2024 | 10:38<\/time><\/a><\/li>\n<\/ul>\n\n\n\n<ul class=\"wp-block-list\">\n<li><a href=\"https:\/\/www.prensa-latina.cu\/2024\/12\/30\/guterres-demanda-mayor-compromiso-ante-dramatico-aumento-de-tensiones\/#\"><\/a><\/li>\n\n\n\n<li><a href=\"https:\/\/www.prensa-latina.cu\/2024\/12\/30\/guterres-demanda-mayor-compromiso-ante-dramatico-aumento-de-tensiones\/#\"><\/a><\/li>\n\n\n\n<li><a href=\"https:\/\/www.prensa-latina.cu\/2024\/12\/30\/guterres-demanda-mayor-compromiso-ante-dramatico-aumento-de-tensiones\/#\"><\/a><\/li>\n\n\n\n<li><a href=\"https:\/\/www.prensa-latina.cu\/2024\/12\/30\/guterres-demanda-mayor-compromiso-ante-dramatico-aumento-de-tensiones\/#\"><\/a><\/li>\n<\/ul>\n\n\n\n<p>\u00abLas guerras est\u00e1n causando un enorme dolor, sufrimiento y desplazamiento\u00bb, advirti\u00f3 el titular de Naciones Unidas en su tradicional mensaje de fin de a\u00f1o, divulgado este lunes por su portavoz.<\/p>\n\n\n\n<p>El veterano diplom\u00e1tico insisti\u00f3 en la necesidad de una acci\u00f3n concertada mientras \u00ablas desigualdades y las divisiones est\u00e1n muy extendidas, lo que alimenta las tensiones y la desconfianza\u00bb.<\/p>\n\n\n\n<p>A la par, consider\u00f3 alarmante el incremento de las temperaturas en el cierre de los diez a\u00f1os m\u00e1s calurosos registrados, lo que calific\u00f3 como una d\u00e9cada de calor mortal.<\/p>\n\n\n\n<p>\u00abDebemos salir de este camino hacia la ruina, y no tenemos tiempo que perder\u00bb, advirti\u00f3 al demandar una reducci\u00f3n dr\u00e1stica de las emisiones y el apoyo a la transici\u00f3n renovable.<\/p>\n\n\n\n<p>Entre otras se\u00f1ales alentadoras, el m\u00e1ximo responsable de la ONU salud\u00f3 la labor de los activistas que alzan sus voces por el progreso, los trabajadores humanitarios y los pa\u00edses en desarrollo que luchan por la justicia financiera y clim\u00e1tica.<\/p>\n\n\n\n<p>\u00abVeo esperanza en los cient\u00edficos e innovadores que abren nuevos caminos para la humanidad. Y vi esperanza en septiembre, cuando los l\u00edderes mundiales se unieron para adoptar el Pacto para el Futuro\u00bb, agreg\u00f3.<\/p>\n\n\n\n<p>El titular consider\u00f3 ese documento como un nuevo impulso para construir la paz a trav\u00e9s del desarme y la prevenci\u00f3n, reformar el sistema financiero mundial e impulsar m\u00e1s oportunidades para las mujeres y los j\u00f3venes.<\/p>\n\n\n\n<p>A su juicio, el Pacto permite avanzar adem\u00e1s en el establecimiento de barreras de seguridad para que las tecnolog\u00edas pongan a las personas por encima de los beneficios y los derechos por encima de los algoritmos desbocados.<\/p>\n\n\n\n<p>El 2024 estuvo marcado por el curso de varios conflictos en Medio Oriente, Europa y \u00c1frica; un alarmante aumento de las temperaturas y el nivel del mar; un Consejo de Seguridad dividido; junto al desarrollo acelerado de tecnolog\u00edas como la inteligencia artificial.<\/p>\n\n\n\n<p>Para el titular de la ONU, el contexto representa una grave amenaza para el orden mundial mientras las reformas necesarias para la gobernanza parecen no avanzar.<\/p>\n\n\n\n<p>De acuerdo con las Naciones Unidas, la intensidad y duraci\u00f3n de las tensiones globales alcanz\u00f3 este a\u00f1o su nivel m\u00e1s alto desde el fin de la Guerra Fr\u00eda, lo que atenta con los prop\u00f3sitos fundacionales del principal foro de concertaci\u00f3n pol\u00edtica.<\/p>\n\n\n\n<p>Entre otros desaf\u00edos, los expertos advierten una disminuci\u00f3n del respeto del estado de derecho, corrupci\u00f3n, desprecio por el derecho internacional, la delincuencia organizada transnacional, los ataques a los derechos humanos y la reducci\u00f3n del espacio c\u00edvico.<\/p>\n\n\n\n<p>ro\/ebr<\/p>\n\n\n\n<ul class=\"wp-block-list\">\n<li>#<a href=\"https:\/\/www.prensa-latina.cu\/etiqueta\/conflictos\/\">conflictos<\/a>\u00a0#<a href=\"https:\/\/www.prensa-latina.cu\/etiqueta\/onu\/\">ONU<\/a><\/li>\n<\/ul>\n","protected":false},"excerpt":{"rendered":"<p>Naciones Unidas, 30 dic (Prensa Latina) El secretario general de la ONU, Ant\u00f3nio Guterres, demand\u00f3 hoy mayor compromiso con un futuro pac\u00edfico, igualitario, estable y saludable al reconocer la fragmentaci\u00f3n como uno de los principales desaf\u00edos del a\u00f1o que concluye. \u00abLas guerras est\u00e1n causando un enorme dolor, sufrimiento y desplazamiento\u00bb, advirti\u00f3 el titular de Naciones [&hellip;]<\/p>\n","protected":false},"author":28,"featured_media":586304,"comment_status":"closed","ping_status":"closed","sticky":true,"template":"","format":"standard","meta":{"footnotes":""},"categories":[23],"tags":[],"class_list":["post-586303","post","type-post","status-publish","format-standard","has-post-thumbnail","hentry","category-internacional"],"_links":{"self":[{"href":"https:\/\/diariodominicano.com\/index.php?rest_route=\/wp\/v2\/posts\/586303","targetHints":{"allow":["GET"]}}],"collection":[{"href":"https:\/\/diariodominicano.com\/index.php?rest_route=\/wp\/v2\/posts"}],"about":[{"href":"https:\/\/diariodominicano.com\/index.php?rest_route=\/wp\/v2\/types\/post"}],"author":[{"embeddable":true,"href":"https:\/\/diariodominicano.com\/index.php?rest_route=\/wp\/v2\/users\/28"}],"replies":[{"embeddable":true,"href":"https:\/\/diariodominicano.com\/index.php?rest_route=%2Fwp%2Fv2%2Fcomments&post=586303"}],"version-history":[{"count":1,"href":"https:\/\/diariodominicano.com\/index.php?rest_route=\/wp\/v2\/posts\/586303\/revisions"}],"predecessor-version":[{"id":586305,"href":"https:\/\/diariodominicano.com\/index.php?rest_route=\/wp\/v2\/posts\/586303\/revisions\/586305"}],"wp:featuredmedia":[{"embeddable":true,"href":"https:\/\/diariodominicano.com\/index.php?rest_route=\/wp\/v2\/media\/586304"}],"wp:attachment":[{"href":"https:\/\/diariodominicano.com\/index.php?rest_route=%2Fwp%2Fv2%2Fmedia&parent=586303"}],"wp:term":[{"taxonomy":"category","embeddable":true,"href":"https:\/\/diariodominicano.com\/index.php?rest_route=%2Fwp%2Fv2%2Fcategories&post=586303"},{"taxonomy":"post_tag","embeddable":true,"href":"https:\/\/diariodominicano.com\/index.php?rest_route=%2Fwp%2Fv2%2Ftags&post=586303"}],"curies":[{"name":"wp","href":"https:\/\/api.w.org\/{rel}","templated":true}]}}