{"id":586271,"date":"2024-12-30T14:32:34","date_gmt":"2024-12-30T18:32:34","guid":{"rendered":"https:\/\/diariodominicano.com\/?p=586271"},"modified":"2024-12-30T14:32:40","modified_gmt":"2024-12-30T18:32:40","slug":"el-funeral-de-estado-del-expresidente-de-eeuu-jimmy-carter-sera-el-9-de-enero","status":"publish","type":"post","link":"https:\/\/diariodominicano.com\/?p=586271","title":{"rendered":"El funeral de Estado del expresidente de EEUU Jimmy Carter ser\u00e1 el 9 de enero"},"content":{"rendered":"\n<p>Con el Capitolio de EEUU a la distancia, las banderas ondean a media asta en el Monumento a Washington en el National Mall luego de la muerte del expresidente estadounidense Jimmy Carter, en Washington, EEUU, el 30 de diciembre de 2024.<\/p>\n\n\n\n<p>diciembre 30, 2024<\/p>\n\n\n\n<ul class=\"wp-block-list\">\n<li><a href=\"https:\/\/www.vozdeamerica.com\/author\/voz-de-america-redaccion\/p_kym\">Voz de Am\u00e9rica &#8211; Redacci\u00f3n<\/a><\/li>\n<\/ul>\n\n\n\n<ul class=\"wp-block-list\">\n<li><a href=\"https:\/\/facebook.com\/sharer.php?u=https%3a%2f%2fwww.vozdeamerica.com%2fa%2fel-funeral-de-estado-del-expresidente-de-eeuu-jimmy-carter-sera-el-9-de-enero%2f7918363.html\" target=\"_blank\" rel=\"noreferrer noopener\"><\/a><\/li>\n\n\n\n<li><a href=\"https:\/\/twitter.com\/share?url=https%3a%2f%2fwww.vozdeamerica.com%2fa%2fel-funeral-de-estado-del-expresidente-de-eeuu-jimmy-carter-sera-el-9-de-enero%2f7918363.html&amp;text=El+funeral+de+Estado+del+expresidente+de+EEUU+Jimmy+Carter+ser%c3%a1+el+9+de+enero\" target=\"_blank\" rel=\"noreferrer noopener\"><\/a><\/li>\n\n\n\n<li><\/li>\n\n\n\n<li><a href=\"mailto:?body=https%3a%2f%2fwww.vozdeamerica.com%2fa%2fel-funeral-de-estado-del-expresidente-de-eeuu-jimmy-carter-sera-el-9-de-enero%2f7918363.html&amp;subject=El%20funeral%20de%20Estado%20del%20expresidente%20de%20EEUU%20Jimmy%20Carter%20ser%C3%A1%20el%209%20de%20enero\"><\/a><\/li>\n<\/ul>\n\n\n\n<p><a href=\"https:\/\/www.vozdeamerica.com\/a\/el-funeral-de-estado-del-expresidente-de-eeuu-jimmy-carter-sera-el-9-de-enero\/7918363.html#comments\">&nbsp;Vea comentarios<\/a><\/p>\n\n\n\n<p>El presidente estadounidense Joe Biden design\u00f3 como d\u00eda de Duelo Nacional el 9 de enero de 2025, fecha en la que tendr\u00e1 lugar el funeral de Estado del reci\u00e9n fallecido exmandatario y Premio Nobel de la Paz, Jimmy Carter. En EEUU las banderas flotar\u00e1n a media asta por los pr\u00f3ximos 30 d\u00edas.<\/p>\n\n\n\n<p>El funeral de Estado para honrar la vida y obra del&nbsp;<em><strong><a href=\"https:\/\/www.vozdeamerica.com\/a\/jimmy-carter-el-gran-mediador-obituario-muere-a-los-100-anios-\/6898159.html\" target=\"_blank\" rel=\"noreferrer noopener\">reci\u00e9n fallecido expresidente de EEUU, Jimmy Carter<\/a><\/strong><\/em>, ser\u00e1 celebrado el pr\u00f3ximo 9 de enero, jornada en la que tambi\u00e9n se guardar\u00e1 duelo nacional, anunci\u00f3 el actual mandatario estadounidense Joe Biden.<\/p>\n\n\n\n<p>\u00abDesigno el 9 de enero de 2025 como D\u00eda Nacional de Luto en todo Estados Unidos. Invito al pueblo estadounidense a reunirse ese d\u00eda en sus respectivos lugares de culto para rendir homenaje a la memoria del presidente James Earl Carter, Jr. Invito a los pueblos del mundo que comparten nuestro dolor a unirse a nosotros en esta solemne celebraci\u00f3n\u00bb, inform\u00f3 Biden en un comunicado publicado el domingo.<\/p>\n\n\n\n<p>Biden tambi\u00e9n orden\u00f3 que por los pr\u00f3ximos treinta d\u00edas, la bandera de las barras y las estrellas flote a media asta en el pa\u00eds, sus territorios, instalaciones militares y misiones diplom\u00e1ticas en el extranjero \u00abcomo expresi\u00f3n de pesar p\u00fablico\u00bb por la muerte del exmandatario dem\u00f3crata y Premio Nobel de la Paz.<\/p>\n\n\n\n<p><a href=\"https:\/\/www.vozdeamerica.com\/a\/momentos-importantes-en-la-vida-y-carrera-de-jimmy-carter\/7918249.html\"><\/a><\/p>\n\n\n\n<p><a href=\"https:\/\/www.vozdeamerica.com\/a\/momentos-importantes-en-la-vida-y-carrera-de-jimmy-carter\/7918249.html\">Tambi\u00e9n lea<\/a><\/p>\n\n\n\n<h4 class=\"wp-block-heading\"><a href=\"https:\/\/www.vozdeamerica.com\/a\/momentos-importantes-en-la-vida-y-carrera-de-jimmy-carter\/7918249.html\">Momentos importantes en la vida y carrera de Jimmy Carter<\/a><\/h4>\n\n\n\n<p>Al funeral p\u00fablico en Washington y ceremonias en Atlanta, en su estado natal de Georgia, le seguir\u00e1 un entierro privado en Plains, lugar donde naci\u00f3 y vivi\u00f3 el expresidente, seg\u00fan inform\u00f3 el Centro Carter.<\/p>\n\n\n\n<p>En marzo de 2023, Biden, veterano legislador de 82 a\u00f1os, anunci\u00f3 que Carter le pidi\u00f3 que pronunciara un discurso tras su muerte.<\/p>\n\n\n\n<p>\u00abMe pidi\u00f3 que pronunciara su paneg\u00edrico\u00bb, dijo entonces el actual mandatario, quien ahora en sus palabras tras conocerse la noticia de la muerte del expresidente record\u00f3 su \u00abextraordinario liderazgo moral\u00bb y su \u00abvida noble, llena de significado y prop\u00f3sito\u00bb.<\/p>\n\n\n\n<p>\u00abOjal\u00e1 que el recuerdo del presidente Carter siga siendo una luz que nos gu\u00ede hacia el futuro. Que su esp\u00edritu siga gui\u00e1ndonos en nuestra naci\u00f3n y en nuestro mundo\u00bb, indic\u00f3 Biden.<\/p>\n\n\n\n<p><a href=\"https:\/\/www.vozdeamerica.com\/a\/lideres-de-eeuu-y-el-mundo-reaccionan-tras-la-muerte-de-jimmy-carter\/7917844.html\"><\/a><\/p>\n\n\n\n<p><a href=\"https:\/\/www.vozdeamerica.com\/a\/lideres-de-eeuu-y-el-mundo-reaccionan-tras-la-muerte-de-jimmy-carter\/7917844.html\">Tambi\u00e9n lea<\/a><\/p>\n\n\n\n<h4 class=\"wp-block-heading\"><a href=\"https:\/\/www.vozdeamerica.com\/a\/lideres-de-eeuu-y-el-mundo-reaccionan-tras-la-muerte-de-jimmy-carter\/7917844.html\">L\u00edderes de EEUU y el mundo reaccionan tras la muerte de Jimmy Carter<\/a><\/h4>\n\n\n\n<p>Jimmy Carter lider\u00f3 EEUU entre enero de 1977 y enero de 1981 como el 39 presidente del pa\u00eds. Tras vivir una larga vida, la mayor\u00eda junto a su esposa, la exprimera dama Rosalynn Carter; pas\u00f3 sus \u00faltimos meses en cuidados paliativos por su deteriorada salud tras sobrevivir a un c\u00e1ncer.<\/p>\n\n\n\n<p>Durante su carrera dentro y fuera de la Casa Blanca, Carter puso \u00e9nfasis en la lucha por los derechos humanos, los valores democr\u00e1ticos, la proliferaci\u00f3n nuclear y la pobreza global. Al momento de su muerte, a los 100 a\u00f1os, manten\u00eda el r\u00e9cord del expresidente m\u00e1s longevo de la historia de Estados Unidos.<\/p>\n\n\n\n<p>Tras el anuncio de su deceso, varios l\u00edderes estadounidenses y mundiales reaccionaron enviando mensajes de condolencias y homenaje a la vida y obra del exmandatario.<\/p>\n","protected":false},"excerpt":{"rendered":"<p>Con el Capitolio de EEUU a la distancia, las banderas ondean a media asta en el Monumento a Washington en el National Mall luego de la muerte del expresidente estadounidense Jimmy Carter, en Washington, EEUU, el 30 de diciembre de 2024. diciembre 30, 2024 &nbsp;Vea comentarios El presidente estadounidense Joe Biden design\u00f3 como d\u00eda de [&hellip;]<\/p>\n","protected":false},"author":28,"featured_media":586293,"comment_status":"closed","ping_status":"closed","sticky":true,"template":"","format":"standard","meta":{"footnotes":""},"categories":[36,26,23],"tags":[],"class_list":["post-586271","post","type-post","status-publish","format-standard","has-post-thumbnail","hentry","category-hombresmujeresycosas","category-efemerides","category-internacional"],"_links":{"self":[{"href":"https:\/\/diariodominicano.com\/index.php?rest_route=\/wp\/v2\/posts\/586271","targetHints":{"allow":["GET"]}}],"collection":[{"href":"https:\/\/diariodominicano.com\/index.php?rest_route=\/wp\/v2\/posts"}],"about":[{"href":"https:\/\/diariodominicano.com\/index.php?rest_route=\/wp\/v2\/types\/post"}],"author":[{"embeddable":true,"href":"https:\/\/diariodominicano.com\/index.php?rest_route=\/wp\/v2\/users\/28"}],"replies":[{"embeddable":true,"href":"https:\/\/diariodominicano.com\/index.php?rest_route=%2Fwp%2Fv2%2Fcomments&post=586271"}],"version-history":[{"count":1,"href":"https:\/\/diariodominicano.com\/index.php?rest_route=\/wp\/v2\/posts\/586271\/revisions"}],"predecessor-version":[{"id":586294,"href":"https:\/\/diariodominicano.com\/index.php?rest_route=\/wp\/v2\/posts\/586271\/revisions\/586294"}],"wp:featuredmedia":[{"embeddable":true,"href":"https:\/\/diariodominicano.com\/index.php?rest_route=\/wp\/v2\/media\/586293"}],"wp:attachment":[{"href":"https:\/\/diariodominicano.com\/index.php?rest_route=%2Fwp%2Fv2%2Fmedia&parent=586271"}],"wp:term":[{"taxonomy":"category","embeddable":true,"href":"https:\/\/diariodominicano.com\/index.php?rest_route=%2Fwp%2Fv2%2Fcategories&post=586271"},{"taxonomy":"post_tag","embeddable":true,"href":"https:\/\/diariodominicano.com\/index.php?rest_route=%2Fwp%2Fv2%2Ftags&post=586271"}],"curies":[{"name":"wp","href":"https:\/\/api.w.org\/{rel}","templated":true}]}}