{"id":586263,"date":"2024-12-30T14:21:51","date_gmt":"2024-12-30T18:21:51","guid":{"rendered":"https:\/\/diariodominicano.com\/?p=586263"},"modified":"2024-12-30T14:21:57","modified_gmt":"2024-12-30T18:21:57","slug":"momentos-importantes-en-la-vida-y-carrera-de-jimmy-carter","status":"publish","type":"post","link":"https:\/\/diariodominicano.com\/?p=586263","title":{"rendered":"Momentos importantes en la vida y carrera de Jimmy Carter"},"content":{"rendered":"\n<p>ARCHIVO &#8211; El expresidente de EEUU Jimmy Carter y su esposa Rosalynn, derecha, observan mientras trabajadores electorales preparan boletas en un centro de votaci\u00f3n en Managua, Nicaragua, el 25 de febrero de 1990. Los Carter fueron a Nicaragua como observadores electorales.<\/p>\n\n\n\n<p>diciembre 30, 2024<\/p>\n\n\n\n<ul class=\"wp-block-list\">\n<li><a href=\"https:\/\/www.vozdeamerica.com\/author\/associated-press\/v_kyr\">Associated Press<\/a><\/li>\n<\/ul>\n\n\n\n<ul class=\"wp-block-list\">\n<li><a href=\"https:\/\/facebook.com\/sharer.php?u=https%3a%2f%2fwww.vozdeamerica.com%2fa%2fmomentos-importantes-en-la-vida-y-carrera-de-jimmy-carter%2f7918249.html\" target=\"_blank\" rel=\"noreferrer noopener\"><\/a><\/li>\n\n\n\n<li><a href=\"https:\/\/twitter.com\/share?url=https%3a%2f%2fwww.vozdeamerica.com%2fa%2fmomentos-importantes-en-la-vida-y-carrera-de-jimmy-carter%2f7918249.html&amp;text=Momentos+importantes+en+la+vida+y+carrera+de+Jimmy+Carter\" target=\"_blank\" rel=\"noreferrer noopener\"><\/a><\/li>\n\n\n\n<li><\/li>\n\n\n\n<li><a href=\"mailto:?body=https%3a%2f%2fwww.vozdeamerica.com%2fa%2fmomentos-importantes-en-la-vida-y-carrera-de-jimmy-carter%2f7918249.html&amp;subject=Momentos%20importantes%20en%20la%20vida%20y%20carrera%20de%20Jimmy%20Carter\"><\/a><\/li>\n<\/ul>\n\n\n\n<p><a href=\"https:\/\/www.vozdeamerica.com\/a\/momentos-importantes-en-la-vida-y-carrera-de-jimmy-carter\/7918249.html#comments\">&nbsp;Vea comentarios<\/a><\/p>\n\n\n\n<p>El expresidente de EEUU, Jimmy Carter, muri\u00f3 el domingo 29 de diciembre a los 100 a\u00f1os. Su larga vida personal y profesional estuvo llena de momentos que lo colocan entre las figuras hist\u00f3ricas m\u00e1s influyentes de nuestra \u00e9poca.<\/p>\n\n\n\n<p>El reci\u00e9n fallecido expresidente de EEUU, Jimmy Carter, vivi\u00f3 a lo largo de un siglo lleno de momentos hist\u00f3ricos. Aqu\u00ed le presentamos varios hitos en la larga vida personal y profesional del Premio Nobel de la Paz.<\/p>\n\n\n\n<p>\u20141 de octubre de 1924: Nace James Earl Carter Jr. en Plains, Georgia, hijo de James Sr. y Lillian Gordy Carter.<\/p>\n\n\n\n<p>\u2014Junio de 1946: Se grad\u00faa de la Academia Naval de Estados Unidos.<\/p>\n\n\n\n<p>\u2014Julio de 1946: Se casa con Rosalynn Smith, en Plains. Tienen cuatro hijos: John William (\u201cJack\u201d), nacido en 1947; James Earl 3rd (\u201cChip\u201d), 1950; Donnel Jeffrey, 1952; y Amy Lynn, 1967.<\/p>\n\n\n\n<p>\u20141946-1953: Se enlista en la Marina, alcanza el grado de teniente de nav\u00edo. Trabaja en el programa de submarinos nucleares.<\/p>\n\n\n\n<p><a href=\"https:\/\/www.vozdeamerica.com\/a\/jimmy-carter-el-gran-mediador-obituario-muere-a-los-100-anios-\/6898159.html\"><\/a><\/p>\n\n\n\n<p><a href=\"https:\/\/www.vozdeamerica.com\/a\/jimmy-carter-el-gran-mediador-obituario-muere-a-los-100-anios-\/6898159.html\">Tambi\u00e9n lea<\/a><\/p>\n\n\n\n<h4 class=\"wp-block-heading\"><a href=\"https:\/\/www.vozdeamerica.com\/a\/jimmy-carter-el-gran-mediador-obituario-muere-a-los-100-anios-\/6898159.html\">Jimmy Carter, expresidente estadounidense y Premio Nobel de la Paz, muere a los 100 a\u00f1os<\/a><\/h4>\n\n\n\n<p>\u2014Verano de 1953: Renuncia a la Marina; regresa a Plains tras muerte de su padre.<\/p>\n\n\n\n<p>\u20141953-1971: Dirige la plantaci\u00f3n de man\u00ed y el negocio de almacenes de la familia.<\/p>\n\n\n\n<p>\u20141963-1966: Senador estatal en Georgia.<\/p>\n\n\n\n<p>\u20141966: Intenta sin \u00e9xito obtener la candidatura dem\u00f3crata a gobernador de Georgia.<\/p>\n\n\n\n<p>\u2014Noviembre de 1970: Elegido gobernador de Georgia, ejerce 1971-1975.<\/p>\n\n\n\n<p>\u201412 de diciembre de 1974: Anuncia su precandidatura presidencial.<\/p>\n\n\n\n<p>\u2014Julio de 1976: Proclamado candidato presidencial por la convenci\u00f3n dem\u00f3crata, anuncia que su compa\u00f1ero de f\u00f3rmula es el senador Walter Mondale de Minnesota.<\/p>\n\n\n\n<p>\u2014Noviembre de 1976: Derrota al presidente Gerald R. Ford con el 51 % del voto popular y 297 votos en el Colegio Electoral, contra 240 de Ford.<\/p>\n\n\n\n<p>\u2014Enero de 1977: Presta juramento como 39no presidente de Estados Unidos. En su primer d\u00eda completo en la Casa Blanca, indulta a la mayor\u00eda de los que evadieron el servicio militar durante la guerra de Vietnam.<\/p>\n\n\n\n<figure class=\"wp-block-image\"><a href=\"https:\/\/www.vozdeamerica.com\/a\/en-sus-propias-palabras-las-ideas-que-defendio-jimmy-carter\/7917853.html\"><img decoding=\"async\" src=\"https:\/\/gdb.voanews.com\/3c7b161a-1857-4020-822f-8340a302b640_w650_r1_s.jpg\" alt=\"En sus propias palabras: Las ideas que defendi\u00f3 Jimmy Carter\"\/><\/a><figcaption class=\"wp-element-caption\">Galer\u00eda de fotosEn sus propias palabras: Las ideas que defendi\u00f3 Jimmy Carter<\/figcaption><\/figure>\n\n\n\n<p>\u2014Septiembre de 1977: Estados Unidos y Panam\u00e1 firman los tratados que entregan el Canal de Panam\u00e1 a la naci\u00f3n centroamericana en 1999. El Senado ratifica el tratado por estrecho margen en 1978.<\/p>\n\n\n\n<p>\u2014Septiembre de 1978: El presidente egipcio Anwar Sadat y el primer ministro israel\u00ed Menajem Begin firman los acuerdos de Camp David, que conducen a un tratado de paz entre Egipto e Israel al a\u00f1o siguiente.<\/p>\n\n\n\n<p>\u201415-18 de junio de 1979: Cumbre con el presidente sovi\u00e9tico Leonid Brejnev en Viena, que conduce a la firma del tratado de limitaci\u00f3n de armas nucleares SALT II.<\/p>\n\n\n\n<p>\u2014Noviembre de 1979: Combatientes iran\u00edes irrumpen en la embajada estadounidense en Teher\u00e1n y toman rehenes. La mayor\u00eda permanecen en cautiverio hasta enero de 1981, minutos despu\u00e9s que Carter deja la presidencia.<\/p>\n\n\n\n<p>\u2014Abril de 1980: Comienzo de la gran migraci\u00f3n de decenas de miles de cubanos a Estados Unidos desde el puerto de Mariel. Fue una gran crisis de pol\u00edtica exterior para Carter, en parte porque muchos de los cubanos eran delincuentes o enfermos mentales liberados por Fidel Castro.<\/p>\n\n\n\n<p>\u2014Abril de 1980: Estados Unidos intenta liberar a los rehenes en Ir\u00e1n; mueren ocho soldados cuando su helic\u00f3ptero choca con un avi\u00f3n de transporte sobre territorio iran\u00ed.<\/p>\n\n\n\n<p>\u2014Noviembre de 1980: Es derrotado en su intento de reelecci\u00f3n por Ronald Reagan, quien obtiene 51,6 % del voto popular contra 41,7 % para Carter y 6,7 % para el independiente John Anderson.<\/p>\n\n\n\n<p>\u20141982: Jimmy y Rosalynn Carter fundan el Centro Carter en Atlanta, cuya misi\u00f3n es resolver conflictos, proteger los derechos humanos y prevenir enfermedades en todo el mundo.<\/p>\n\n\n\n<p><a href=\"https:\/\/www.vozdeamerica.com\/a\/lideres-de-eeuu-y-el-mundo-reaccionan-tras-la-muerte-de-jimmy-carter\/7917844.html\"><\/a><\/p>\n\n\n\n<p><a href=\"https:\/\/www.vozdeamerica.com\/a\/lideres-de-eeuu-y-el-mundo-reaccionan-tras-la-muerte-de-jimmy-carter\/7917844.html\">Tambi\u00e9n lea<\/a><\/p>\n\n\n\n<h4 class=\"wp-block-heading\"><a href=\"https:\/\/www.vozdeamerica.com\/a\/lideres-de-eeuu-y-el-mundo-reaccionan-tras-la-muerte-de-jimmy-carter\/7917844.html\">L\u00edderes de EEUU y el mundo reaccionan tras la muerte de Jimmy Carter<\/a><\/h4>\n\n\n\n<p>\u2014Septiembre de 1984: Los Carter pasan una semana construyendo casas de H\u00e1bitat para la Humanidad, lanzando lo que se convierte en el Proyecto de Trabajo Carter anual.<\/p>\n\n\n\n<p>\u2014Octubre de 1986: Inauguraci\u00f3n del Centro Carter en Atlanta.<\/p>\n\n\n\n<p>\u2014Mayo de 1992: Se re\u00fane con Mija\u00edl y Raisa Gorbachov en el Centro Carter para conversar sobre la creaci\u00f3n del Centro Gorbachov.<\/p>\n\n\n\n<p>\u2014Junio de 1994: Cumple un papel crucial en conversaciones sobre desarme nuclear con Corea del Norte.<\/p>\n\n\n\n<p>\u2014Septiembre de 1994: Encabeza una delegaci\u00f3n a Hait\u00ed que acuerda las condiciones para evitar una invasi\u00f3n estadounidense y regresar al presidente Jean-Bertrand Aristide a la presidencia.<\/p>\n\n\n\n<p>\u2014Diciembre de 1994: Negocia un cese de fuego tentativo en Bosnia.<\/p>\n\n\n\n<p>\u2014Marzo de 1995: Media para lograr un cese al fuego en la guerra de Sud\u00e1n con rebeldes del sur.<\/p>\n\n\n\n<p>\u2014Diciembre de 1998: Recibe un premio de derechos humanos de la ONU en el 50mo aniversario de la Declaraci\u00f3n Universal de los Derechos Humanos.<\/p>\n\n\n\n<p>\u2014Agosto de 1999: Recibe la Medalla Presidencial de la Libertad, la mayor condecoraci\u00f3n civil de Estados Unidos, de manos del presidente Bill Clinton; Rosalynn Carter recibe el mismo galard\u00f3n.<\/p>\n\n\n\n<p><a href=\"https:\/\/www.vozdeamerica.com\/a\/a-sus-100-anos-el-legado-del-expresidente-jimmy-carter-es-reevaluado\/7804729.html\"><\/a><\/p>\n\n\n\n<p><a href=\"https:\/\/www.vozdeamerica.com\/a\/a-sus-100-anos-el-legado-del-expresidente-jimmy-carter-es-reevaluado\/7804729.html\">Tambi\u00e9n lea<\/a><\/p>\n\n\n\n<h4 class=\"wp-block-heading\"><a href=\"https:\/\/www.vozdeamerica.com\/a\/a-sus-100-anos-el-legado-del-expresidente-jimmy-carter-es-reevaluado\/7804729.html\">A sus 100 a\u00f1os, el legado del expresidente Jimmy Carter es reevaluado<\/a><\/h4>\n\n\n\n<p>\u2014Mayo de 2002: Visita Cuba y habla a la naci\u00f3n comunista por televisi\u00f3n. Es el estadounidense de mayor jerarqu\u00eda que visita la isla en varias d\u00e9cadas.<\/p>\n\n\n\n<p>\u2014Octubre de 2002: Recibe el Premio Nobel de la Paz por su \u201cincansable empe\u00f1o en hallar soluciones pac\u00edficas a conflictos internacionales, promover la democracia y los derechos humanos, y promover el desarrollo econ\u00f3mico y social\u201d.<\/p>\n\n\n\n<p>\u2014Julio de 2007: Se suma a Los Ancianos (The Elders), un grupo de l\u00edderes internacionales que analiza problemas globales y que fue creado por Nelson Mandela.<\/p>\n\n\n\n<p>\u2014Abril de 2008: Genera pol\u00e9mica al reunirse con la milicia isl\u00e1mica Ham\u00e1s durante un viaje al Oriente Medio.<\/p>\n\n\n\n<p>\u2014Agosto de 2010: Viaja a Corea del Norte con una delegaci\u00f3n del Centro Carter, negocia la libertad de un docente estadounidense encarcelado.<\/p>\n\n\n\n<p>\u2014Agosto de 2013 \u2014 Con el presidente Barack Obama y el expresidente Bill Clinton asiste a la conmemoraci\u00f3n del 50 aniversario del discurso de Martin Luther King, \u201cYo tengo un sue\u00f1o\u201d, y la Marcha sobre Washington, un hito en la lucha por los derechos civiles.<\/p>\n\n\n\n<p>\u2014 1 de octubre de 2014: Cumple 90 a\u00f1os.<\/p>\n\n\n\n<p><a href=\"https:\/\/www.vozdeamerica.com\/a\/un-anio-despues-jimmy-carter-cuidados-paliativos-defensores-esperan-mayor-conciencia\/7492564.html\"><\/a><\/p>\n\n\n\n<p><a href=\"https:\/\/www.vozdeamerica.com\/a\/un-anio-despues-jimmy-carter-cuidados-paliativos-defensores-esperan-mayor-conciencia\/7492564.html\">Tambi\u00e9n lea<\/a><\/p>\n\n\n\n<h4 class=\"wp-block-heading\"><a href=\"https:\/\/www.vozdeamerica.com\/a\/un-anio-despues-jimmy-carter-cuidados-paliativos-defensores-esperan-mayor-conciencia\/7492564.html\">Un a\u00f1o despu\u00e9s que Jimmy Carter ingres\u00f3 a cuidados paliativos, defensores esperan mayor conciencia<\/a><\/h4>\n\n\n\n<p>\u2014 Diciembre de 2014: Es nominado a un Grammy en la categor\u00eda de \u00e1lbum de palabra hablada por su libro \u201cA Call To Action\u201d.<\/p>\n\n\n\n<p>\u2014 Mayo de 2015: Regresa anticipadamente de Guyana, adonde acudi\u00f3 como observador de las elecciones, al sentir un malestar.<\/p>\n\n\n\n<p>\u2014Agosto de 2015: Le extirpan un peque\u00f1o tumor del h\u00edgado.<\/p>\n\n\n\n<p>\u2014Agosto de 2015: Le diagnostican c\u00e1ncer e inicia tratamiento en Emory Healthcare en Atlanta.<\/p>\n\n\n\n<p>\u201422 de marzo de 2019: Carter se convierte en el presidente de Estados Unidos m\u00e1s longevo, superando al presidente George H. W. Bush, quien muri\u00f3 en 2018.<\/p>\n\n\n\n<p>\u2014 19 de febrero de 2023: Empieza a recibir cuidados paliativos a domicilio tras una serie de breves estancias en el hospital.<\/p>\n\n\n\n<p>\u201419 de noviembre de 2023: Rosalynn Carter fallece en su casa, dos d\u00edas despu\u00e9s de que la familia anunciara que se hab\u00eda unido al expresidente para recibir cuidados paliativos.<\/p>\n\n\n\n<p>\u20141 de octubre de 2024: Carter se convierte en el primer expresidente de Estados Unidos en alcanzar los 100 a\u00f1os de edad, celebr\u00e1ndolo en casa con su familia y amigos m\u00e1s cercanos.<\/p>\n\n\n\n<p>\u201429 de diciembre de 2024: Carter muere en su casa.<\/p>\n","protected":false},"excerpt":{"rendered":"<p>ARCHIVO &#8211; El expresidente de EEUU Jimmy Carter y su esposa Rosalynn, derecha, observan mientras trabajadores electorales preparan boletas en un centro de votaci\u00f3n en Managua, Nicaragua, el 25 de febrero de 1990. Los Carter fueron a Nicaragua como observadores electorales. diciembre 30, 2024 &nbsp;Vea comentarios El expresidente de EEUU, Jimmy Carter, muri\u00f3 el domingo [&hellip;]<\/p>\n","protected":false},"author":28,"featured_media":586264,"comment_status":"closed","ping_status":"closed","sticky":true,"template":"","format":"standard","meta":{"footnotes":""},"categories":[36,26,23],"tags":[],"class_list":["post-586263","post","type-post","status-publish","format-standard","has-post-thumbnail","hentry","category-hombresmujeresycosas","category-efemerides","category-internacional"],"_links":{"self":[{"href":"https:\/\/diariodominicano.com\/index.php?rest_route=\/wp\/v2\/posts\/586263","targetHints":{"allow":["GET"]}}],"collection":[{"href":"https:\/\/diariodominicano.com\/index.php?rest_route=\/wp\/v2\/posts"}],"about":[{"href":"https:\/\/diariodominicano.com\/index.php?rest_route=\/wp\/v2\/types\/post"}],"author":[{"embeddable":true,"href":"https:\/\/diariodominicano.com\/index.php?rest_route=\/wp\/v2\/users\/28"}],"replies":[{"embeddable":true,"href":"https:\/\/diariodominicano.com\/index.php?rest_route=%2Fwp%2Fv2%2Fcomments&post=586263"}],"version-history":[{"count":1,"href":"https:\/\/diariodominicano.com\/index.php?rest_route=\/wp\/v2\/posts\/586263\/revisions"}],"predecessor-version":[{"id":586265,"href":"https:\/\/diariodominicano.com\/index.php?rest_route=\/wp\/v2\/posts\/586263\/revisions\/586265"}],"wp:featuredmedia":[{"embeddable":true,"href":"https:\/\/diariodominicano.com\/index.php?rest_route=\/wp\/v2\/media\/586264"}],"wp:attachment":[{"href":"https:\/\/diariodominicano.com\/index.php?rest_route=%2Fwp%2Fv2%2Fmedia&parent=586263"}],"wp:term":[{"taxonomy":"category","embeddable":true,"href":"https:\/\/diariodominicano.com\/index.php?rest_route=%2Fwp%2Fv2%2Fcategories&post=586263"},{"taxonomy":"post_tag","embeddable":true,"href":"https:\/\/diariodominicano.com\/index.php?rest_route=%2Fwp%2Fv2%2Ftags&post=586263"}],"curies":[{"name":"wp","href":"https:\/\/api.w.org\/{rel}","templated":true}]}}