{"id":586259,"date":"2024-12-30T14:18:34","date_gmt":"2024-12-30T18:18:34","guid":{"rendered":"https:\/\/diariodominicano.com\/?p=586259"},"modified":"2024-12-30T14:18:43","modified_gmt":"2024-12-30T18:18:43","slug":"presidente-biden-anuncia-2-500-millones-de-dolares-en-ayuda-militar-de-eeuu-a-ucrania","status":"publish","type":"post","link":"https:\/\/diariodominicano.com\/?p=586259","title":{"rendered":"Presidente Biden anuncia 2.500 millones de d\u00f3lares en ayuda militar de EEUU a Ucrania"},"content":{"rendered":"\n<p>ARCHIVO &#8211; El presidente Joe Biden estrecha la mano del presidente ucraniano Volodymyr Zelenskyy mientras se re\u00fanen en la Oficina Oval de la Casa Blanca, el martes 12 de diciembre de 2023, en Washington.<\/p>\n\n\n\n<p>diciembre 30, 2024<\/p>\n\n\n\n<ul class=\"wp-block-list\">\n<li><a href=\"https:\/\/www.vozdeamerica.com\/author\/voz-de-america-redaccion\/p_kym\">Voz de Am\u00e9rica &#8211; Redacci\u00f3n<\/a><\/li>\n<\/ul>\n\n\n\n<ul class=\"wp-block-list\">\n<li><a href=\"https:\/\/facebook.com\/sharer.php?u=https%3a%2f%2fwww.vozdeamerica.com%2fa%2fpresidente-biden-anuncia-2500-millones-dolares-ayuda-militar-eeuu-ucrania%2f7918271.html\" target=\"_blank\" rel=\"noreferrer noopener\"><\/a><\/li>\n\n\n\n<li><a href=\"https:\/\/twitter.com\/share?url=https%3a%2f%2fwww.vozdeamerica.com%2fa%2fpresidente-biden-anuncia-2500-millones-dolares-ayuda-militar-eeuu-ucrania%2f7918271.html&amp;text=Presidente+Biden+anuncia+2.500+millones+de+d%c3%b3lares+en+ayuda+militar+de+EEUU+a+Ucrania\" target=\"_blank\" rel=\"noreferrer noopener\"><\/a><\/li>\n\n\n\n<li><\/li>\n\n\n\n<li><a href=\"mailto:?body=https%3a%2f%2fwww.vozdeamerica.com%2fa%2fpresidente-biden-anuncia-2500-millones-dolares-ayuda-militar-eeuu-ucrania%2f7918271.html&amp;subject=Presidente%20Biden%20anuncia%202.500%20millones%20de%20d%C3%B3lares%20en%20ayuda%20militar%20de%20EEUU%20a%20Ucrania\"><\/a><\/li>\n<\/ul>\n\n\n\n<p><a href=\"https:\/\/www.vozdeamerica.com\/a\/presidente-biden-anuncia-2500-millones-dolares-ayuda-militar-eeuu-ucrania\/7918271.html#comments\">&nbsp;Vea comentarios<\/a><\/p>\n\n\n\n<p>A semanas de su salida de la Casa Blanca el presidente Joe Biden anuncia un nuevo paquete de 2.500 millones de d\u00f3lares en ayuda militar de EEUU a Ucrania.<\/p>\n\n\n\n<p>El presidente de Estados Unidos, Joe Biden, anunci\u00f3 el lunes un nuevo paquete de 2.500 millones de d\u00f3lares en asistencia de seguridad adicional para Ucrania, como una de sus \u00faltimas acciones para aumentar la ayuda militar a Kiev antes de entregar el poder en enero pr\u00f3ximo al mandatario electo Donald Trump.<\/p>\n\n\n\n<p>\u00abBajo mi direcci\u00f3n, Estados Unidos seguir\u00e1 trabajando sin descanso para fortalecer la posici\u00f3n de Ucrania en esta guerra durante el resto de mi tiempo en el cargo\u00bb, dijo Biden en un comunicado.<\/p>\n\n\n\n<p>La nueva asistencia proporcionar\u00e1 a Ucrania \u00abuna afluencia inmediata de capacidades que contin\u00faa utilizando con gran efecto en el campo de batalla y suministros a largo plazo de defensa a\u00e9rea, artiller\u00eda y otros sistemas de armas cr\u00edticos\u00bb, indic\u00f3 el presidente.<\/p>\n\n\n\n<p>El anuncio del mandatario dem\u00f3crata incluye 1.250 millones de d\u00f3lares en ayuda militar como parte de las reservas estadounidenses, junto a un paquete de la Iniciativa de Asistencia para la Seguridad de Ucrania (USAI en ingl\u00e9s) de 1.220 millones de d\u00f3lares.<\/p>\n\n\n\n<p><a href=\"https:\/\/www.vozdeamerica.com\/a\/biden-reafirma-su-apoyo-al-envio-de-armas-a-ucrania-tras-ataque-ruso-de-navidad\/7914493.html\"><\/a><\/p>\n\n\n\n<p><a href=\"https:\/\/www.vozdeamerica.com\/a\/biden-reafirma-su-apoyo-al-envio-de-armas-a-ucrania-tras-ataque-ruso-de-navidad\/7914493.html\">Tambi\u00e9n lea<\/a><\/p>\n\n\n\n<h4 class=\"wp-block-heading\"><a href=\"https:\/\/www.vozdeamerica.com\/a\/biden-reafirma-su-apoyo-al-envio-de-armas-a-ucrania-tras-ataque-ruso-de-navidad\/7914493.html\">Biden reafirma su apoyo al env\u00edo de armas a Ucrania tras ataque ruso de Navidad<\/a><\/h4>\n\n\n\n<p>En el marco de la USAI, el equipo militar se adquiere de la industria de defensa o de aliados de EEUU, en lugar de extraerse de las reservas estadounidenses, lo que significa que puede ls equipos pueden tardar meses o a\u00f1os en llegar al campo de batalla.<\/p>\n\n\n\n<p>Biden tambi\u00e9n dijo que el Departamento de Defensa est\u00e1 en proceso de entregar cientos de miles de proyectiles de artiller\u00eda, miles de cohetes y cientos de veh\u00edculos blindados \u00abque fortalecer\u00e1n la posici\u00f3n de Ucrania de cara al invierno\u00bb.<\/p>\n\n\n\n<p>La invasi\u00f3n rusa de Ucrania se acerca a su tercer a\u00f1o y recientemente&nbsp;<em><strong><a href=\"https:\/\/www.vozdeamerica.com\/a\/corea-del-sur-corea-del-norte-se-prepara-para-enviar-mas-tropas-y-armas-a-rusia\/7910933.html\" target=\"_blank\" rel=\"noreferrer noopener\">los rusos han utilizado tropas de Corea del Norte<\/a><\/strong><\/em>&nbsp;para reforzar su posici\u00f3n de combate.<\/p>\n\n\n\n<p>Las&nbsp;<em><strong><a href=\"https:\/\/www.vozdeamerica.com\/a\/informes-norcorea-sufre-cuantiosas-bajas-combates-ucrania-\/7914968.html\" target=\"_blank\" rel=\"noreferrer noopener\">fuerzas norcoreanas est\u00e1n sufriendo bajas masivas<\/a><\/strong><\/em>&nbsp;en las l\u00edneas del frente de la guerra de Rusia contra Ucrania, con 1.000 de sus tropas muertas o heridas solo en la \u00faltima semana en la regi\u00f3n rusa de Kursk, dijo el portavoz de la Casa Blanca, John Kirby, a los periodistas el viernes.<\/p>\n\n\n\n<figure class=\"wp-block-image\"><img decoding=\"async\" src=\"https:\/\/gdb.voanews.com\/5adcd5d5-b13f-4434-9a5a-1edbc385b8f2_tv_w650_r1.jpg\" alt=\"Diez momentos que fueron noticia en 2024\" title=\"Diez momentos que fueron noticia en 2024\"\/><\/figure>\n\n\n\n<p><video poster=\"https:\/\/gdb.voanews.com\/5adcd5d5-b13f-4434-9a5a-1edbc385b8f2_tv_w650_r1.jpg\" src=\"blob:https:\/\/www.vozdeamerica.com\/0beeaeeb-6f51-4c46-8a20-506e471b4f24\" height=\"381\" width=\"676\"><\/video><\/p>\n\n\n\n<p>&nbsp;Insertar&nbsp;share<\/p>\n\n\n\n<h5 class=\"wp-block-heading\"><a href=\"https:\/\/www.vozdeamerica.com\/a\/presidente-biden-anuncia-2500-millones-dolares-ayuda-militar-eeuu-ucrania\/7916245.html\" target=\"_blank\" rel=\"noreferrer noopener\">Diez momentos que fueron noticia en 2024<\/a><\/h5>\n\n\n\n<p>&nbsp;Insertar&nbsp;share<\/p>\n\n\n\n<p>El c\u00f3digo se ha copiado en su portapapeles.<\/p>\n\n\n\n<hr class=\"wp-block-separator has-alpha-channel-opacity\"\/>\n\n\n\n<p>Ancho&nbsp;&nbsp;pxAltura&nbsp;&nbsp;px<\/p>\n\n\n\n<ul class=\"wp-block-list\">\n<li><a href=\"https:\/\/facebook.com\/sharer.php?u=https%3a%2f%2fwww.vozdeamerica.com%2fa%2f7916245.html\" target=\"_blank\" rel=\"noreferrer noopener\">Comparta en Facebook<\/a><\/li>\n\n\n\n<li><a href=\"https:\/\/twitter.com\/share?url=https%3a%2f%2fwww.vozdeamerica.com%2fa%2f7916245.html&amp;text=Diez+momentos+que+fueron+noticia+en+2024\" target=\"_blank\" rel=\"noreferrer noopener\">Comparta en Twitter<\/a><\/li>\n<\/ul>\n\n\n\n<hr class=\"wp-block-separator has-alpha-channel-opacity\"\/>\n\n\n\n<p>The URL has been copied to your clipboard<\/p>\n\n\n\n<ul class=\"wp-block-list\">\n<li>Auto<\/li>\n\n\n\n<li>240p<\/li>\n\n\n\n<li>360p<\/li>\n\n\n\n<li>480p<\/li>\n\n\n\n<li>720p<\/li>\n\n\n\n<li>1080p<\/li>\n<\/ul>\n\n\n\n<p>No media source currently available<\/p>\n\n\n\n<p>0:003:410:00<\/p>\n\n\n\n<ul class=\"wp-block-list\">\n<li><\/li>\n\n\n\n<li><\/li>\n\n\n\n<li><\/li>\n\n\n\n<li><\/li>\n\n\n\n<li><\/li>\n\n\n\n<li><\/li>\n<\/ul>\n\n\n\n<p><a href=\"https:\/\/www.vozdeamerica.com\/embed\/player\/Article\/7916245.html?type=video&amp;FullScreenMode=True\" target=\"_blank\" rel=\"noreferrer noopener\"><\/a><\/p>\n\n\n\n<p>&nbsp;Descargar&nbsp;<\/p>\n\n\n\n<p>Casi tres a\u00f1os despu\u00e9s del inicio de la guerra, Washington ha comprometido 175.000 millones de d\u00f3lares en ayuda total para Ucrania, pero no est\u00e1 claro si la ayuda continuar\u00e1 a ese ritmo bajo el mando de Trump, que reemplaza a Biden el 20 de enero. Trump ha dicho que quiere poner fin a la guerra entre Kiev y Mosc\u00fa r\u00e1pidamente.<\/p>\n\n\n\n<p>Durante la campa\u00f1a electoral presidencial, Trump cuestion\u00f3 el nivel de participaci\u00f3n de Estados Unidos en el conflicto, sugiriendo que los aliados europeos deber\u00edan asumir una mayor parte de la carga financiera, una posici\u00f3n que comparten varios de sus aliados republicanos en el Congreso.<\/p>\n\n\n\n<p><em>[Con informaci\u00f3n de Reuters]<\/em><\/p>\n","protected":false},"excerpt":{"rendered":"<p>ARCHIVO &#8211; El presidente Joe Biden estrecha la mano del presidente ucraniano Volodymyr Zelenskyy mientras se re\u00fanen en la Oficina Oval de la Casa Blanca, el martes 12 de diciembre de 2023, en Washington. diciembre 30, 2024 &nbsp;Vea comentarios A semanas de su salida de la Casa Blanca el presidente Joe Biden anuncia un nuevo [&hellip;]<\/p>\n","protected":false},"author":28,"featured_media":586261,"comment_status":"closed","ping_status":"closed","sticky":true,"template":"","format":"standard","meta":{"footnotes":""},"categories":[23,27],"tags":[],"class_list":["post-586259","post","type-post","status-publish","format-standard","has-post-thumbnail","hentry","category-internacional","category-portada"],"_links":{"self":[{"href":"https:\/\/diariodominicano.com\/index.php?rest_route=\/wp\/v2\/posts\/586259","targetHints":{"allow":["GET"]}}],"collection":[{"href":"https:\/\/diariodominicano.com\/index.php?rest_route=\/wp\/v2\/posts"}],"about":[{"href":"https:\/\/diariodominicano.com\/index.php?rest_route=\/wp\/v2\/types\/post"}],"author":[{"embeddable":true,"href":"https:\/\/diariodominicano.com\/index.php?rest_route=\/wp\/v2\/users\/28"}],"replies":[{"embeddable":true,"href":"https:\/\/diariodominicano.com\/index.php?rest_route=%2Fwp%2Fv2%2Fcomments&post=586259"}],"version-history":[{"count":1,"href":"https:\/\/diariodominicano.com\/index.php?rest_route=\/wp\/v2\/posts\/586259\/revisions"}],"predecessor-version":[{"id":586262,"href":"https:\/\/diariodominicano.com\/index.php?rest_route=\/wp\/v2\/posts\/586259\/revisions\/586262"}],"wp:featuredmedia":[{"embeddable":true,"href":"https:\/\/diariodominicano.com\/index.php?rest_route=\/wp\/v2\/media\/586261"}],"wp:attachment":[{"href":"https:\/\/diariodominicano.com\/index.php?rest_route=%2Fwp%2Fv2%2Fmedia&parent=586259"}],"wp:term":[{"taxonomy":"category","embeddable":true,"href":"https:\/\/diariodominicano.com\/index.php?rest_route=%2Fwp%2Fv2%2Fcategories&post=586259"},{"taxonomy":"post_tag","embeddable":true,"href":"https:\/\/diariodominicano.com\/index.php?rest_route=%2Fwp%2Fv2%2Ftags&post=586259"}],"curies":[{"name":"wp","href":"https:\/\/api.w.org\/{rel}","templated":true}]}}