{"id":586221,"date":"2024-12-30T12:12:27","date_gmt":"2024-12-30T16:12:27","guid":{"rendered":"https:\/\/diariodominicano.com\/?p=586221"},"modified":"2024-12-30T12:12:35","modified_gmt":"2024-12-30T16:12:35","slug":"declaran-estado-de-emergencia-en-trinidad-y-tobago-debido-a-incremento-en-actividad-criminal","status":"publish","type":"post","link":"https:\/\/diariodominicano.com\/?p=586221","title":{"rendered":"Declaran estado de emergencia en Trinidad y Tobago debido a incremento en actividad criminal"},"content":{"rendered":"\n<p>diariodominicano.com<\/p>\n\n\n\n<p>M\u00c9XICO, 30 dic (Xinhua) &#8212; El Gobierno de Trinidad y Tobago anunci\u00f3 hoy lunes que el pa\u00eds ha sido declarado en estado de emergencia debido al incremento en la actividad criminal. La declaraci\u00f3n fue hecha por la presidenta Christine Kangaloo por consejo del primer ministro Keith Rowley, en respuesta a la intensificaci\u00f3n de la actividad criminal que representa una grave amenaza para la seguridad p\u00fablica, y de conformidad con la Constituci\u00f3n del pa\u00eds. El pa\u00eds ha registrado recientemente un aumento en la violencia relacionada con pandillas. En un caso, cinco personas fueron asesinadas en un ataque en Laventille, un suburbio de la capital trinitense de Puerto Espa\u00f1a, informaron medios locales.<\/p>\n","protected":false},"excerpt":{"rendered":"<p>diariodominicano.com M\u00c9XICO, 30 dic (Xinhua) &#8212; El Gobierno de Trinidad y Tobago anunci\u00f3 hoy lunes que el pa\u00eds ha sido declarado en estado de emergencia debido al incremento en la actividad criminal. La declaraci\u00f3n fue hecha por la presidenta Christine Kangaloo por consejo del primer ministro Keith Rowley, en respuesta a la intensificaci\u00f3n de la [&hellip;]<\/p>\n","protected":false},"author":5,"featured_media":586222,"comment_status":"closed","ping_status":"closed","sticky":true,"template":"","format":"standard","meta":{"footnotes":""},"categories":[23,27],"tags":[],"class_list":["post-586221","post","type-post","status-publish","format-standard","has-post-thumbnail","hentry","category-internacional","category-portada"],"_links":{"self":[{"href":"https:\/\/diariodominicano.com\/index.php?rest_route=\/wp\/v2\/posts\/586221","targetHints":{"allow":["GET"]}}],"collection":[{"href":"https:\/\/diariodominicano.com\/index.php?rest_route=\/wp\/v2\/posts"}],"about":[{"href":"https:\/\/diariodominicano.com\/index.php?rest_route=\/wp\/v2\/types\/post"}],"author":[{"embeddable":true,"href":"https:\/\/diariodominicano.com\/index.php?rest_route=\/wp\/v2\/users\/5"}],"replies":[{"embeddable":true,"href":"https:\/\/diariodominicano.com\/index.php?rest_route=%2Fwp%2Fv2%2Fcomments&post=586221"}],"version-history":[{"count":1,"href":"https:\/\/diariodominicano.com\/index.php?rest_route=\/wp\/v2\/posts\/586221\/revisions"}],"predecessor-version":[{"id":586223,"href":"https:\/\/diariodominicano.com\/index.php?rest_route=\/wp\/v2\/posts\/586221\/revisions\/586223"}],"wp:featuredmedia":[{"embeddable":true,"href":"https:\/\/diariodominicano.com\/index.php?rest_route=\/wp\/v2\/media\/586222"}],"wp:attachment":[{"href":"https:\/\/diariodominicano.com\/index.php?rest_route=%2Fwp%2Fv2%2Fmedia&parent=586221"}],"wp:term":[{"taxonomy":"category","embeddable":true,"href":"https:\/\/diariodominicano.com\/index.php?rest_route=%2Fwp%2Fv2%2Fcategories&post=586221"},{"taxonomy":"post_tag","embeddable":true,"href":"https:\/\/diariodominicano.com\/index.php?rest_route=%2Fwp%2Fv2%2Ftags&post=586221"}],"curies":[{"name":"wp","href":"https:\/\/api.w.org\/{rel}","templated":true}]}}