{"id":586198,"date":"2024-12-30T10:06:27","date_gmt":"2024-12-30T14:06:27","guid":{"rendered":"https:\/\/diariodominicano.com\/?p=586198"},"modified":"2024-12-30T10:06:36","modified_gmt":"2024-12-30T14:06:36","slug":"republica-de-corea-inspeccionara-todos-los-boeing-737-800-tras-accidente-de-un-avion-de-pasajeros","status":"publish","type":"post","link":"https:\/\/diariodominicano.com\/?p=586198","title":{"rendered":"Rep\u00fablica de Corea inspeccionar\u00e1 todos los Boeing 737-800 tras accidente de un avi\u00f3n de pasajeros"},"content":{"rendered":"\n<p>diariodominicano.com<\/p>\n\n\n\n<p>SE\u00daL, 30 dic (Xinhua) &#8212; El Ministerio de Tierra, Infraestructura y Transporte surcoreano inform\u00f3 hoy lunes que inspeccionar\u00e1 todos los aviones Boeing 737-800 del pa\u00eds, un d\u00eda despu\u00e9s de que se estrellara un avi\u00f3n de pasajeros del mismo modelo de Jeju Air . La cartera de Transporte planea llevar a cabo la inspecci\u00f3n especial de todos los B737-800, operada en su mayor\u00eda por aerol\u00edneas nacionales de bajo costo, siendo Jeju Air la que m\u00e1s aviones B737-800 puso en vuelo, con 39. Le siguen T&#8217; way Air con 27, Jin Air con 19, Eastar Jet con 10, Air Incheon con cuatro y Korean Air con dos. El B737-800 de Jeju Air se estrell\u00f3 el domingo al intentar aterrizar en el aeropuerto internacional de Muan, a unos 290 kil\u00f3metros al suroeste de Se\u00fal. Debido a la presunta falla del tren de aterrizaje, el avi\u00f3n aterriz\u00f3 sin ruedas, se desliz\u00f3 fuera de la pista y choc\u00f3 contra el muro exterior de la misma, con el fuselaje partido y envuelto en llamas.<\/p>\n","protected":false},"excerpt":{"rendered":"<p>diariodominicano.com SE\u00daL, 30 dic (Xinhua) &#8212; El Ministerio de Tierra, Infraestructura y Transporte surcoreano inform\u00f3 hoy lunes que inspeccionar\u00e1 todos los aviones Boeing 737-800 del pa\u00eds, un d\u00eda despu\u00e9s de que se estrellara un avi\u00f3n de pasajeros del mismo modelo de Jeju Air . La cartera de Transporte planea llevar a cabo la inspecci\u00f3n especial [&hellip;]<\/p>\n","protected":false},"author":5,"featured_media":586199,"comment_status":"closed","ping_status":"closed","sticky":true,"template":"","format":"standard","meta":{"footnotes":""},"categories":[23,27],"tags":[],"class_list":["post-586198","post","type-post","status-publish","format-standard","has-post-thumbnail","hentry","category-internacional","category-portada"],"_links":{"self":[{"href":"https:\/\/diariodominicano.com\/index.php?rest_route=\/wp\/v2\/posts\/586198","targetHints":{"allow":["GET"]}}],"collection":[{"href":"https:\/\/diariodominicano.com\/index.php?rest_route=\/wp\/v2\/posts"}],"about":[{"href":"https:\/\/diariodominicano.com\/index.php?rest_route=\/wp\/v2\/types\/post"}],"author":[{"embeddable":true,"href":"https:\/\/diariodominicano.com\/index.php?rest_route=\/wp\/v2\/users\/5"}],"replies":[{"embeddable":true,"href":"https:\/\/diariodominicano.com\/index.php?rest_route=%2Fwp%2Fv2%2Fcomments&post=586198"}],"version-history":[{"count":1,"href":"https:\/\/diariodominicano.com\/index.php?rest_route=\/wp\/v2\/posts\/586198\/revisions"}],"predecessor-version":[{"id":586200,"href":"https:\/\/diariodominicano.com\/index.php?rest_route=\/wp\/v2\/posts\/586198\/revisions\/586200"}],"wp:featuredmedia":[{"embeddable":true,"href":"https:\/\/diariodominicano.com\/index.php?rest_route=\/wp\/v2\/media\/586199"}],"wp:attachment":[{"href":"https:\/\/diariodominicano.com\/index.php?rest_route=%2Fwp%2Fv2%2Fmedia&parent=586198"}],"wp:term":[{"taxonomy":"category","embeddable":true,"href":"https:\/\/diariodominicano.com\/index.php?rest_route=%2Fwp%2Fv2%2Fcategories&post=586198"},{"taxonomy":"post_tag","embeddable":true,"href":"https:\/\/diariodominicano.com\/index.php?rest_route=%2Fwp%2Fv2%2Ftags&post=586198"}],"curies":[{"name":"wp","href":"https:\/\/api.w.org\/{rel}","templated":true}]}}