{"id":586151,"date":"2024-12-29T21:10:48","date_gmt":"2024-12-30T01:10:48","guid":{"rendered":"https:\/\/diariodominicano.com\/?p=586151"},"modified":"2024-12-29T21:29:14","modified_gmt":"2024-12-30T01:29:14","slug":"en-sus-propias-palabras-las-ideas-que-defendio-jimmy-carter","status":"publish","type":"post","link":"https:\/\/diariodominicano.com\/?p=586151","title":{"rendered":"En sus propias palabras: Las ideas que defendi\u00f3 Jimmy Carter"},"content":{"rendered":"\n<p><\/p>\n\n\n\n<p>diciembre 29, 2024<\/p>\n\n\n\n<ul class=\"wp-block-list\">\n<li><a href=\"https:\/\/www.vozdeamerica.com\/author\/voz-de-america-redaccion\/p_kym\">Voz de Am\u00e9rica &#8211; Redacci\u00f3n<\/a><\/li>\n<\/ul>\n\n\n\n<p>El expresidente de Estados Unidos James Earl \u00abJimmy\u00bb Carter, quien puso \u00e9nfasis en los derechos humanos, los valores democr\u00e1ticos, la proliferaci\u00f3n nuclear y la pobreza global, muri\u00f3 el domingo a los 100 a\u00f1os. Aqu\u00ed recordamos citas pronunciadas en su carrera pol\u00edtica.<\/p>\n\n\n\n<figure class=\"wp-block-image\"><img decoding=\"async\" src=\"https:\/\/gdb.voanews.com\/e2e7d9e2-bdf4-4593-be86-1bf99127b2ec_w650_s.jpg\" alt=\"\"\/><figcaption class=\"wp-element-caption\">1<\/figcaption><\/figure>\n\n\n\n<figure class=\"wp-block-image\"><img decoding=\"async\" src=\"https:\/\/gdb.voanews.com\/2b2ddf2d-01b9-4d4e-97db-a7d5af8238d5_w650_s.jpg\" alt=\"\"\/><figcaption class=\"wp-element-caption\">2<\/figcaption><\/figure>\n\n\n\n<figure class=\"wp-block-image\"><img decoding=\"async\" src=\"https:\/\/gdb.voanews.com\/79f56976-db34-43c5-b048-4898ca405212_w650_s.jpg\" alt=\"\"\/><figcaption class=\"wp-element-caption\">3<\/figcaption><\/figure>\n\n\n\n<figure class=\"wp-block-image\"><img decoding=\"async\" src=\"https:\/\/gdb.voanews.com\/7f3bf392-d5f8-4d0a-8202-686ba9f206f8_w650_s.jpg\" alt=\"\"\/><figcaption class=\"wp-element-caption\">4<\/figcaption><\/figure>\n\n\n\n<figure class=\"wp-block-image\"><img decoding=\"async\" src=\"https:\/\/gdb.voanews.com\/bd0ae58c-185a-4f90-96a6-82e7e75c478a_w650_s.jpg\" alt=\"\"\/><\/figure>\n\n\n\n<figure class=\"wp-block-embed is-type-wp-embed is-provider-diario-dominicano wp-block-embed-diario-dominicano\"><div class=\"wp-block-embed__wrapper\">\n<blockquote class=\"wp-embedded-content\" data-secret=\"Sm5hb3MpLu\"><a href=\"https:\/\/diariodominicano.com\/?p=586132\">OBITUARIO- Jimmy Carter, expresidente estadounidense y Premio Nobel de la Paz, muere a los 100 a\u00f1os<\/a><\/blockquote><iframe loading=\"lazy\" class=\"wp-embedded-content\" sandbox=\"allow-scripts\" security=\"restricted\" style=\"position: absolute; visibility: hidden;\" title=\"\u00abOBITUARIO- Jimmy Carter, expresidente estadounidense y Premio Nobel de la Paz, muere a los 100 a\u00f1os\u00bb \u2014 Diario Dominicano\" src=\"https:\/\/diariodominicano.com\/?p=586132&#038;embed=true#?secret=BmIEebfL54#?secret=Sm5hb3MpLu\" data-secret=\"Sm5hb3MpLu\" width=\"600\" height=\"338\" frameborder=\"0\" marginwidth=\"0\" marginheight=\"0\" scrolling=\"no\"><\/iframe>\n<\/div><\/figure>\n","protected":false},"excerpt":{"rendered":"<p>diciembre 29, 2024 El expresidente de Estados Unidos James Earl \u00abJimmy\u00bb Carter, quien puso \u00e9nfasis en los derechos humanos, los valores democr\u00e1ticos, la proliferaci\u00f3n nuclear y la pobreza global, muri\u00f3 el domingo a los 100 a\u00f1os. Aqu\u00ed recordamos citas pronunciadas en su carrera pol\u00edtica.<\/p>\n","protected":false},"author":28,"featured_media":586160,"comment_status":"closed","ping_status":"closed","sticky":true,"template":"","format":"standard","meta":{"footnotes":""},"categories":[36,26,22,27],"tags":[],"class_list":["post-586151","post","type-post","status-publish","format-standard","has-post-thumbnail","hentry","category-hombresmujeresycosas","category-efemerides","category-politica","category-portada"],"_links":{"self":[{"href":"https:\/\/diariodominicano.com\/index.php?rest_route=\/wp\/v2\/posts\/586151","targetHints":{"allow":["GET"]}}],"collection":[{"href":"https:\/\/diariodominicano.com\/index.php?rest_route=\/wp\/v2\/posts"}],"about":[{"href":"https:\/\/diariodominicano.com\/index.php?rest_route=\/wp\/v2\/types\/post"}],"author":[{"embeddable":true,"href":"https:\/\/diariodominicano.com\/index.php?rest_route=\/wp\/v2\/users\/28"}],"replies":[{"embeddable":true,"href":"https:\/\/diariodominicano.com\/index.php?rest_route=%2Fwp%2Fv2%2Fcomments&post=586151"}],"version-history":[{"count":5,"href":"https:\/\/diariodominicano.com\/index.php?rest_route=\/wp\/v2\/posts\/586151\/revisions"}],"predecessor-version":[{"id":586196,"href":"https:\/\/diariodominicano.com\/index.php?rest_route=\/wp\/v2\/posts\/586151\/revisions\/586196"}],"wp:featuredmedia":[{"embeddable":true,"href":"https:\/\/diariodominicano.com\/index.php?rest_route=\/wp\/v2\/media\/586160"}],"wp:attachment":[{"href":"https:\/\/diariodominicano.com\/index.php?rest_route=%2Fwp%2Fv2%2Fmedia&parent=586151"}],"wp:term":[{"taxonomy":"category","embeddable":true,"href":"https:\/\/diariodominicano.com\/index.php?rest_route=%2Fwp%2Fv2%2Fcategories&post=586151"},{"taxonomy":"post_tag","embeddable":true,"href":"https:\/\/diariodominicano.com\/index.php?rest_route=%2Fwp%2Fv2%2Ftags&post=586151"}],"curies":[{"name":"wp","href":"https:\/\/api.w.org\/{rel}","templated":true}]}}