{"id":586150,"date":"2024-12-29T21:27:58","date_gmt":"2024-12-30T01:27:58","guid":{"rendered":"https:\/\/diariodominicano.com\/?p=586150"},"modified":"2024-12-30T01:48:56","modified_gmt":"2024-12-30T05:48:56","slug":"departamento-de-estado-de-los-estados-unidos-emite-nota-de-prensa-destacando-virtudes-de-jimmy-carter-premio-nobel-de-la-paz","status":"publish","type":"post","link":"https:\/\/diariodominicano.com\/?p=586150","title":{"rendered":"Departamento de Estado de los Estados Unidos emite nota de prensa destacando virtudes de Jimmy Carter, Premio Nobel de la Paz"},"content":{"rendered":"\n<p>diariodominicano.com<\/p>\n\n\n\n<p>Washington, D. C., 29 de diciembre, 2024.-\u2002El Secretario de Estado de los Estados Unidos,\u2002Antony J. Blinken, destaca las virtudes de Jimmy Carter, expresidente de los Estados Unidos, fallecido este domingo en un comunicado de prensa del Departamento de Estado de los Estados Unidos.  <\/p>\n\n\n\n<p>Jimmy Carter fue un presidente de los Estados Unidos, un veterano de la Marina de Estados Unidos, un premio Nobel de la Paz y un humanitario que dedic\u00f3 su vida a promover la paz, la democracia y los derechos humanos.<\/p>\n\n\n\n<p>A lo largo de d\u00e9cadas de servicio p\u00fablico, el presidente Carter encarn\u00f3 la integridad,&nbsp;&nbsp;la compasi\u00f3n y el compromiso de promover la libertad,&nbsp;&nbsp;la seguridad y el bienestar de los dem\u00e1s. Canaliz\u00f3 ese esp\u00edritu en su pol\u00edtica exterior, desde la negociaci\u00f3n de la devoluci\u00f3n del Canal de Panam\u00e1 a su pa\u00eds anfitri\u00f3n hasta el desarrollo de acuerdos de control de armamentos con la Uni\u00f3n Sovi\u00e9tica. Y lo llev\u00f3 a todos sus intercambios y conversaciones, desde jefes de Estado hasta ciudadanos comunes.<\/p>\n\n\n\n<p>Comprendi\u00f3 que el destino de los estadounidenses estaba ligado al de la gente de otros pa\u00edses, por lo que reconoci\u00f3 r\u00e1pidamente que proteger nuestro planeta compartido y promover la salud p\u00fablica mundial eran intereses vitales de seguridad nacional.<\/p>\n\n\n\n<p>El presidente Carter tambi\u00e9n nos mostr\u00f3 lo que se puede lograr mediante una diplomacia incansable y basada en principios, al mediar un acuerdo hist\u00f3rico con Israel y Egipto que ayud\u00f3 a forjar la paz entre dos naciones que hab\u00edan pasado d\u00e9cadas en guerra. Sus esfuerzos son un importante recordatorio de lo que es posible, especialmente en medio de un conflicto y un sufrimiento renovados en la regi\u00f3n.<\/p>\n\n\n\n<p>Incluso despu\u00e9s de dejar el cargo, el presidente Carter nunca dej\u00f3 de luchar por la paz y promover los derechos humanos, de formas grandes y peque\u00f1as, a menudo con su esposa y compa\u00f1era de 77 a\u00f1os, Rosalynn, quien falleci\u00f3 el a\u00f1o pasado. Durante d\u00e9cadas, trabajaron codo a codo, ya fuera levantando martillos para ayudar a construir viviendas para familias necesitadas o liderando esfuerzos a trav\u00e9s del Centro Carter para erradicar enfermedades, resolver conflictos armados,&nbsp;&nbsp;supervisar elecciones y promover la democracia.<\/p>\n\n\n\n<p>El presidente Carter, un hombre de fe, dijo una vez que \u201cnuestras mayores bendiciones llegan cuando somos capaces de mejorar la vida de los dem\u00e1s\u201d. En base a esa medida y a tantas otras, el presidente Carter vivi\u00f3 una vida bendecida.<\/p>\n\n\n\n<p><strong>U.S. Department of State<\/strong>\u00a0<\/p>\n\n\n\n<figure class=\"wp-block-embed is-type-wp-embed is-provider-diario-dominicano wp-block-embed-diario-dominicano\"><div class=\"wp-block-embed__wrapper\">\n<blockquote class=\"wp-embedded-content\" data-secret=\"msITDtxXuG\"><a href=\"https:\/\/diariodominicano.com\/?p=586151\">En sus propias palabras: Las ideas que defendi\u00f3 Jimmy Carter<\/a><\/blockquote><iframe loading=\"lazy\" class=\"wp-embedded-content\" sandbox=\"allow-scripts\" security=\"restricted\" style=\"position: absolute; visibility: hidden;\" title=\"\u00abEn sus propias palabras: Las ideas que defendi\u00f3 Jimmy Carter\u00bb \u2014 Diario Dominicano\" src=\"https:\/\/diariodominicano.com\/?p=586151&#038;embed=true#?secret=J41vmoiQos#?secret=msITDtxXuG\" data-secret=\"msITDtxXuG\" width=\"600\" height=\"338\" frameborder=\"0\" marginwidth=\"0\" marginheight=\"0\" scrolling=\"no\"><\/iframe>\n<\/div><\/figure>\n\n\n\n<figure class=\"wp-block-embed is-type-wp-embed is-provider-diario-dominicano wp-block-embed-diario-dominicano\"><div class=\"wp-block-embed__wrapper\">\n<blockquote class=\"wp-embedded-content\" data-secret=\"hoeSMPtqq4\"><a href=\"https:\/\/diariodominicano.com\/?p=586132\">OBITUARIO- Jimmy Carter, expresidente estadounidense y Premio Nobel de la Paz, muere a los 100 a\u00f1os<\/a><\/blockquote><iframe loading=\"lazy\" class=\"wp-embedded-content\" sandbox=\"allow-scripts\" security=\"restricted\" style=\"position: absolute; visibility: hidden;\" title=\"\u00abOBITUARIO- Jimmy Carter, expresidente estadounidense y Premio Nobel de la Paz, muere a los 100 a\u00f1os\u00bb \u2014 Diario Dominicano\" src=\"https:\/\/diariodominicano.com\/?p=586132&#038;embed=true#?secret=idgCeFmquv#?secret=hoeSMPtqq4\" data-secret=\"hoeSMPtqq4\" width=\"600\" height=\"338\" frameborder=\"0\" marginwidth=\"0\" marginheight=\"0\" scrolling=\"no\"><\/iframe>\n<\/div><\/figure>\n","protected":false},"excerpt":{"rendered":"<p>diariodominicano.com Washington, D. C., 29 de diciembre, 2024.-\u2002El Secretario de Estado de los Estados Unidos,\u2002Antony J. Blinken, destaca las virtudes de Jimmy Carter, expresidente de los Estados Unidos, fallecido este domingo en un comunicado de prensa del Departamento de Estado de los Estados Unidos. Jimmy Carter fue un presidente de los Estados Unidos, un veterano [&hellip;]<\/p>\n","protected":false},"author":5,"featured_media":586158,"comment_status":"closed","ping_status":"closed","sticky":true,"template":"","format":"standard","meta":{"footnotes":""},"categories":[23,27],"tags":[],"class_list":["post-586150","post","type-post","status-publish","format-standard","has-post-thumbnail","hentry","category-internacional","category-portada"],"_links":{"self":[{"href":"https:\/\/diariodominicano.com\/index.php?rest_route=\/wp\/v2\/posts\/586150","targetHints":{"allow":["GET"]}}],"collection":[{"href":"https:\/\/diariodominicano.com\/index.php?rest_route=\/wp\/v2\/posts"}],"about":[{"href":"https:\/\/diariodominicano.com\/index.php?rest_route=\/wp\/v2\/types\/post"}],"author":[{"embeddable":true,"href":"https:\/\/diariodominicano.com\/index.php?rest_route=\/wp\/v2\/users\/5"}],"replies":[{"embeddable":true,"href":"https:\/\/diariodominicano.com\/index.php?rest_route=%2Fwp%2Fv2%2Fcomments&post=586150"}],"version-history":[{"count":4,"href":"https:\/\/diariodominicano.com\/index.php?rest_route=\/wp\/v2\/posts\/586150\/revisions"}],"predecessor-version":[{"id":586197,"href":"https:\/\/diariodominicano.com\/index.php?rest_route=\/wp\/v2\/posts\/586150\/revisions\/586197"}],"wp:featuredmedia":[{"embeddable":true,"href":"https:\/\/diariodominicano.com\/index.php?rest_route=\/wp\/v2\/media\/586158"}],"wp:attachment":[{"href":"https:\/\/diariodominicano.com\/index.php?rest_route=%2Fwp%2Fv2%2Fmedia&parent=586150"}],"wp:term":[{"taxonomy":"category","embeddable":true,"href":"https:\/\/diariodominicano.com\/index.php?rest_route=%2Fwp%2Fv2%2Fcategories&post=586150"},{"taxonomy":"post_tag","embeddable":true,"href":"https:\/\/diariodominicano.com\/index.php?rest_route=%2Fwp%2Fv2%2Ftags&post=586150"}],"curies":[{"name":"wp","href":"https:\/\/api.w.org\/{rel}","templated":true}]}}