{"id":586136,"date":"2024-12-29T20:50:53","date_gmt":"2024-12-30T00:50:53","guid":{"rendered":"https:\/\/diariodominicano.com\/?p=586136"},"modified":"2024-12-29T20:55:16","modified_gmt":"2024-12-30T00:55:16","slug":"el-pld-muestra-su-pesar-por-el-fallecimiento-de-anselmo-muniz-cercano-colaborador-del-profesor-juan-bosch","status":"publish","type":"post","link":"https:\/\/diariodominicano.com\/?p=586136","title":{"rendered":"El PLD muestra su pesar por el fallecimiento de Anselmo Mu\u00f1iz, cercano colaborador del Profesor Juan Bosch"},"content":{"rendered":"\n<p>El Partido de la Liberaci\u00f3n Dominicana (PLD) lament\u00f3 el fallecimiento de Anselmo Mu\u00f1iz Arias, reconocido&nbsp;&nbsp;por su cercan\u00eda y lealtad al fundador del PLD, el Profesor Juan Bosch.<\/p>\n\n\n\n<p>Un reconocido artista pl\u00e1stico&nbsp;&nbsp;con paisajes y retratos&nbsp;&nbsp;llenos&nbsp;&nbsp;de vida y simbolog\u00eda que describen&nbsp; su vinculaci\u00f3n progresista.<\/p>\n\n\n\n<p>Mu\u00f1iz falleci\u00f3 luego de una prolongada enfermedad que lo mantuvo recluido en su hogar hasta su fallecimiento al finalizar la semana pasada.<\/p>\n\n\n\n<p>Su velatorio se produjo en intimidad, cumpliendo su voluntad y su cuerpo fue cremado el&nbsp;&nbsp;pasado s\u00e1bado.<\/p>\n\n\n\n<p>En su transitar como artista y hombre p\u00fablico Anselmo Mu\u00f1iz forj\u00f3 amistad con muchos militantes revolucionarios y durante toda su vida mantuvo una cercan\u00eda con el Profesor Juan Bosch, de quien en alg\u00fan momento fue&nbsp;&nbsp;su asistente.<\/p>\n\n\n\n<p>En el cuadro de los miembros honor\u00edficos y vitalicios&nbsp;&nbsp;de la Fundaci\u00f3n Juan Bosch, Anselmo Mu\u00f1iz estaba en primer plano.<\/p>\n\n\n\n<p>S<strong>ECRETARIA COMUNICACIONES<\/strong><\/p>\n\n\n\n<p><strong>29 DICIEMBRE 2024 \u00a0<\/strong><\/p>\n\n\n\n<p>#Anselmo Mu\u00f1iz\u2003\u2003\u2003\u2003\u2002#Juan Bosch\u2003\u2003\u2003\u2002<\/p>\n","protected":false},"excerpt":{"rendered":"<p>El Partido de la Liberaci\u00f3n Dominicana (PLD) lament\u00f3 el fallecimiento de Anselmo Mu\u00f1iz Arias, reconocido&nbsp;&nbsp;por su cercan\u00eda y lealtad al fundador del PLD, el Profesor Juan Bosch. Un reconocido artista pl\u00e1stico&nbsp;&nbsp;con paisajes y retratos&nbsp;&nbsp;llenos&nbsp;&nbsp;de vida y simbolog\u00eda que describen&nbsp; su vinculaci\u00f3n progresista. Mu\u00f1iz falleci\u00f3 luego de una prolongada enfermedad que lo mantuvo recluido en su [&hellip;]<\/p>\n","protected":false},"author":28,"featured_media":586137,"comment_status":"closed","ping_status":"closed","sticky":true,"template":"","format":"standard","meta":{"footnotes":""},"categories":[26,22,27],"tags":[],"class_list":["post-586136","post","type-post","status-publish","format-standard","has-post-thumbnail","hentry","category-efemerides","category-politica","category-portada"],"_links":{"self":[{"href":"https:\/\/diariodominicano.com\/index.php?rest_route=\/wp\/v2\/posts\/586136","targetHints":{"allow":["GET"]}}],"collection":[{"href":"https:\/\/diariodominicano.com\/index.php?rest_route=\/wp\/v2\/posts"}],"about":[{"href":"https:\/\/diariodominicano.com\/index.php?rest_route=\/wp\/v2\/types\/post"}],"author":[{"embeddable":true,"href":"https:\/\/diariodominicano.com\/index.php?rest_route=\/wp\/v2\/users\/28"}],"replies":[{"embeddable":true,"href":"https:\/\/diariodominicano.com\/index.php?rest_route=%2Fwp%2Fv2%2Fcomments&post=586136"}],"version-history":[{"count":3,"href":"https:\/\/diariodominicano.com\/index.php?rest_route=\/wp\/v2\/posts\/586136\/revisions"}],"predecessor-version":[{"id":586142,"href":"https:\/\/diariodominicano.com\/index.php?rest_route=\/wp\/v2\/posts\/586136\/revisions\/586142"}],"wp:featuredmedia":[{"embeddable":true,"href":"https:\/\/diariodominicano.com\/index.php?rest_route=\/wp\/v2\/media\/586137"}],"wp:attachment":[{"href":"https:\/\/diariodominicano.com\/index.php?rest_route=%2Fwp%2Fv2%2Fmedia&parent=586136"}],"wp:term":[{"taxonomy":"category","embeddable":true,"href":"https:\/\/diariodominicano.com\/index.php?rest_route=%2Fwp%2Fv2%2Fcategories&post=586136"},{"taxonomy":"post_tag","embeddable":true,"href":"https:\/\/diariodominicano.com\/index.php?rest_route=%2Fwp%2Fv2%2Ftags&post=586136"}],"curies":[{"name":"wp","href":"https:\/\/api.w.org\/{rel}","templated":true}]}}