{"id":586132,"date":"2024-12-29T20:33:18","date_gmt":"2024-12-30T00:33:18","guid":{"rendered":"https:\/\/diariodominicano.com\/?p=586132"},"modified":"2024-12-29T21:17:43","modified_gmt":"2024-12-30T01:17:43","slug":"fallece-expresidente-de-eeuu-jimmy-carter-a-los-100-anos","status":"publish","type":"post","link":"https:\/\/diariodominicano.com\/?p=586132","title":{"rendered":"OBITUARIO- Jimmy Carter, expresidente estadounidense y Premio Nobel de la Paz, muere a los 100 a\u00f1os"},"content":{"rendered":"\n<p>El expresidente Jimmy Carter en un evento en Londres, en febrero de 2016.<\/p>\n\n\n\n<p>diciembre 29, 2024<\/p>\n\n\n\n<ul class=\"wp-block-list\">\n<li><a href=\"https:\/\/www.vozdeamerica.com\/author\/alex-segura\/v-ivy\">Alex Segura<\/a><\/li>\n<\/ul>\n\n\n\n<ul class=\"wp-block-list\">\n<li><a href=\"https:\/\/facebook.com\/sharer.php?u=https%3a%2f%2fwww.vozdeamerica.com%2fa%2fjimmy-carter-el-gran-mediador-obituario-muere-a-los-100-anios-%2f6898159.html\" target=\"_blank\" rel=\"noreferrer noopener\"><\/a><\/li>\n\n\n\n<li><a href=\"https:\/\/twitter.com\/share?url=https%3a%2f%2fwww.vozdeamerica.com%2fa%2fjimmy-carter-el-gran-mediador-obituario-muere-a-los-100-anios-%2f6898159.html&amp;text=OBITUARIO-+Jimmy+Carter%2c+expresidente+estadounidense+y+Premio+Nobel+de+la+Paz%2c+muere+a+los+100+a%c3%b1os\" target=\"_blank\" rel=\"noreferrer noopener\"><\/a><\/li>\n\n\n\n<li><\/li>\n\n\n\n<li><a href=\"mailto:?body=https%3a%2f%2fwww.vozdeamerica.com%2fa%2fjimmy-carter-el-gran-mediador-obituario-muere-a-los-100-anios-%2f6898159.html&amp;subject=OBITUARIO-%20Jimmy%20Carter,%20expresidente%20estadounidense%20y%20Premio%20Nobel%20de%20la%20Paz,%20muere%20a%20los%20100%20a%C3%B1os\"><\/a><\/li>\n<\/ul>\n\n\n\n<figure class=\"wp-block-image size-full\"><img loading=\"lazy\" decoding=\"async\" width=\"650\" height=\"366\" src=\"https:\/\/diariodominicano.com\/wp-content\/uploads\/2024\/12\/imagen_2024-12-29_211732738.png\" alt=\"\" class=\"wp-image-586155\" srcset=\"https:\/\/diariodominicano.com\/wp-content\/uploads\/2024\/12\/imagen_2024-12-29_211732738.png 650w, https:\/\/diariodominicano.com\/wp-content\/uploads\/2024\/12\/imagen_2024-12-29_211732738-300x169.png 300w\" sizes=\"auto, (max-width: 650px) 100vw, 650px\" \/><\/figure>\n\n\n\n<p>El expresidente dem\u00f3crata Jimmy Carter, que lider\u00f3 EEUU entre enero de 1977 y enero de 1981, pas\u00f3 sus \u00faltimos meses en cuidados paliativos por su deteriorada salud. Hab\u00eda sobrevivido al c\u00e1ncer pero en los \u00faltimos a\u00f1os recibi\u00f3 cirug\u00edas por ca\u00eddas.<\/p>\n\n\n\n<p>El expresidente de Estados Unidos James Earl \u00abJimmy\u00bb Carter, quien puso \u00e9nfasis en los derechos humanos, los valores democr\u00e1ticos, la proliferaci\u00f3n nuclear y la pobreza global, muri\u00f3 el domingo a los 100 a\u00f1os,&nbsp;<strong><a href=\"https:\/\/www.cartercenter.org\/news\/pr\/2024\/statement-on-president-jimmy-carter-122924.html\" target=\"_blank\" rel=\"noreferrer noopener\">inform\u00f3 el Centro Carter.<\/a><\/strong><\/p>\n\n\n\n<p>El comunicado precis\u00f3 que Carter, quien fue el presidente n\u00famero 39 de Estados Unidos y ganador del Premio Nobel de la Paz en 2002, \u00abmuri\u00f3 pac\u00edficamente el domingo 29 de diciembre en su casa de Plains, Georgia, rodeado de su familia\u00bb.<\/p>\n\n\n\n<p>Carter fue el expresidente m\u00e1s longevo de la historia de Estados Unidos. A los 98 a\u00f1os decidi\u00f3 entrar en cuidados paliativos domiciliarios, despu\u00e9s de varias hospitalizaciones. Con su decisi\u00f3n esperaba \u00abpasar el tiempo que le quedaba en casa con su familia en lugar de intervenci\u00f3n m\u00e9dica adicional\u00bb.<\/p>\n\n\n\n<p><strong>Lea tambi\u00e9n:<a href=\"https:\/\/www.vozdeamerica.com\/a\/biden-dice-que-jimmy-carter-le-ha-pedido-que-pronuncie-su-panegirico\/7006218.html\" target=\"_blank\" rel=\"noreferrer noopener\">&nbsp;Biden dice que Jimmy Carter le ha pedido que pronuncie su paneg\u00edrico<\/a><\/strong><\/p>\n\n\n\n<p>Al presidente Carter le sobreviven sus hijos: Jack, Chip, Jeff y Amy; 11 nietos; y 14 bisnietos. Le precedieron en la muerte su esposa, Rosalynn, y un nieto.<\/p>\n\n\n\n<p>\u201cMi padre fue un h\u00e9roe, no solo para m\u00ed sino para todos los que creen en la paz, los derechos humanos y el amor desinteresado\u201d, dijo Chip Carter, el hijo del expresidente. \u201cMis hermanos, mi hermana y yo lo compartimos con el resto del mundo a trav\u00e9s de estas creencias comunes. El mundo es nuestra familia por la forma en que uni\u00f3 a las personas, y les agradecemos por honrar su memoria al continuar viviendo estas creencias compartidas\u201d.<\/p>\n\n\n\n<figure class=\"wp-block-image\"><img decoding=\"async\" src=\"https:\/\/gdb.voanews.com\/e2e7d9e2-bdf4-4593-be86-1bf99127b2ec_w650_r0_s.jpg\" alt=\"\"\/><\/figure>\n\n\n\n<p>El Centro Carter inform\u00f3 que habr\u00e1 ceremonias p\u00fablicas en Atlanta y Washington, D.C., seguidas de un entierro privado en Plains, Georgia.<\/p>\n\n\n\n<p>\u00abLos preparativos finales para el funeral de estado del presidente Carter, incluidos todos los eventos p\u00fablicos y las rutas de la caravana, a\u00fan est\u00e1n pendientes\u00bb, indic\u00f3 el texto, que recomend\u00f3 visitar el sitio web oficial de homenaje a la vida del presidente Carter en www.jimmycartertribute.org. Este sitio incluye el libro de condolencias oficial en l\u00ednea, as\u00ed como materiales biogr\u00e1ficos impresos y visuales que conmemoran su vida.<\/p>\n\n\n\n<p><a href=\"https:\/\/www.vozdeamerica.com\/a\/simpatizantes-reflexionan-sobre-el-legado-de-jimmy-carter\/6971240.html\"><\/a><\/p>\n\n\n\n<p><a href=\"https:\/\/www.vozdeamerica.com\/a\/simpatizantes-reflexionan-sobre-el-legado-de-jimmy-carter\/6971240.html\">Tambi\u00e9n lea<\/a><\/p>\n\n\n\n<h4 class=\"wp-block-heading\"><a href=\"https:\/\/www.vozdeamerica.com\/a\/simpatizantes-reflexionan-sobre-el-legado-de-jimmy-carter\/6971240.html\">\u00abGan\u00f3 en la vida\u00bb: simpatizantes reflexionan sobre el legado de Jimmy Carter<\/a><\/h4>\n\n\n\n<p>La familia Carter ha pedido que, en lugar de flores, se hagan donaciones al Centro Carter, 453 John Lewis Freedom Parkway N.E., Atlanta, GA 30307.<\/p>\n\n\n\n<p>Durante su mandato (1977-1981) Carter estableci\u00f3 los Informes Nacionales sobre Pr\u00e1cticas de Derechos Humanos, publicados anualmente por la Casa Blanca desde 1977.<\/p>\n\n\n\n<p>El momento estelar de su administraci\u00f3n, que dur\u00f3 cuatro a\u00f1os, fue la firma en 1979 de los acuerdos de Camp David, que pusieron fin al conflicto entre Israel y Egipto, y le llevaron a ganar a\u00f1os despu\u00e9s el&nbsp;<em><strong><a href=\"https:\/\/www.vozdeamerica.com\/a\/a-2002-12-10-5-1\/46939.html\" target=\"_blank\" rel=\"noreferrer noopener\">Premio Nobel de la Paz<\/a><\/strong><\/em>.<\/p>\n\n\n\n<p>Varios l\u00edderes mundiales elogiaron a Carter por sus logros. Nelson Mandela, expresidente de Sud\u00e1frica y superviviente del apartheid, asegur\u00f3 que Carter siempre fue \u201cun hombre de visi\u00f3n y determinaci\u00f3n que dedic\u00f3 su vida a hacer del mundo un lugar mejor para todos\u201d.<\/p>\n\n\n\n<p>En la misma l\u00ednea, Ban Ki-moon, ex secretario general de las Naciones Unidas, se refiri\u00f3 al expresidente como un l\u00edder \u201cadmirado en todo el mundo por su dedicaci\u00f3n a la paz y la justicia\u201d.<\/p>\n\n\n\n<p><video poster=\"https:\/\/gdb.voanews.com\/45b8effc-6bb3-426c-b160-750ba60966da_tv_w650_r1.jpg\" src=\"blob:https:\/\/www.vozdeamerica.com\/97d3ca4d-fe63-407e-8861-6f85f2184116\" height=\"381\" width=\"676\"><\/video><\/p>\n\n\n\n<h5 class=\"wp-block-heading\"><a href=\"https:\/\/www.vozdeamerica.com\/a\/jimmy-carter-el-gran-mediador-obituario-muere-a-los-100-anios-\/7806432.html\" target=\"_blank\" rel=\"noreferrer noopener\">Cumple 100 a\u00f1os el expresidente Jimmy Carter<\/a><\/h5>\n\n\n\n<p>&nbsp;<\/p>\n\n\n\n<ul class=\"wp-block-list\">\n<li><a href=\"https:\/\/facebook.com\/sharer.php?u=https%3a%2f%2fwww.vozdeamerica.com%2fa%2f7806432.html\" target=\"_blank\" rel=\"noreferrer noopener\">Comparta en Facebook<\/a><\/li>\n\n\n\n<li><a href=\"https:\/\/twitter.com\/share?url=https%3a%2f%2fwww.vozdeamerica.com%2fa%2f7806432.html&amp;text=Cumple+100+a%c3%b1os+el+expresidente+Jimmy+Carter\" target=\"_blank\" rel=\"noreferrer noopener\">Comparta en Twitter<\/a><\/li>\n<\/ul>\n\n\n\n<hr class=\"wp-block-separator has-alpha-channel-opacity\"\/>\n\n\n\n<p><a href=\"https:\/\/www.vozdeamerica.com\/embed\/player\/Article\/7806432.html?type=video&amp;FullScreenMode=True\" target=\"_blank\" rel=\"noreferrer noopener\"><\/a><\/p>\n\n\n\n<p>&nbsp;Descargar&nbsp;<\/p>\n\n\n\n<p>Carter naci\u00f3 en 1924 en Plains, un pueblo del estado sure\u00f1o de Georgia que en la actualidad tiene unos 700 habitantes. De familia humilde, su padre era labrador y funcionario p\u00fablico local, mientras que su madre fue voluntaria en los famosos \u00abPeace Corps\u00bb estadounidenses, un cuerpo de voluntariado.<\/p>\n\n\n\n<p>Durante su infancia y adolescencia, el 39\u00ba presidente de Estados Unidos creci\u00f3 trabajando en el campo, ayudando a su padre, como productor de cacahuates. Fue a la escuela secundaria p\u00fablica y luego asisti\u00f3 al Instituto de Tecnolog\u00eda de Georgia, antes de ser aceptado en la Academia Naval de Estados Unidos en 1943.<\/p>\n\n\n\n<p>Carter se gradu\u00f3 de la Academia Naval en 1946 con distinci\u00f3n, despu\u00e9s de lo cual fue asignado al USS Wyoming (E-AG 17) como alf\u00e9rez. Despu\u00e9s de completar dos a\u00f1os de servicio en barcos de superficie, Carter solicit\u00f3 servicio submarino. Se desempe\u00f1\u00f3 como oficial ejecutivo, oficial de ingenier\u00eda y oficial de reparaci\u00f3n electr\u00f3nica en el submarino.<\/p>\n\n\n\n<p>En 1946, se cas\u00f3 con Eleanor Rosalynn Smith, la mejor amiga de su hermana. Los Carter tuvieron cuatro hijos: John William, James Earl III, Donnel Jeffrey y Amy Lynn.<\/p>\n\n\n\n<figure class=\"wp-block-image\"><img decoding=\"async\" src=\"https:\/\/gdb.voanews.com\/bd0ae58c-185a-4f90-96a6-82e7e75c478a_w650_r0_s.jpg\" alt=\"\"\/><\/figure>\n\n\n\n<h3 class=\"wp-block-heading\">Carrera pol\u00edtica en Georgia<\/h3>\n\n\n\n<p>Antes de llegar a la Casa Blanca, Carter ejerci\u00f3 como senador del estado de Georgia desde 1963 hasta 1967. En 1971, gan\u00f3 las elecciones estatales y se convirti\u00f3 en gobernador de ese estado. Pese a ese rol, su figura era poco conocida en el \u00e1mbito nacional cuando se present\u00f3 por la nominaci\u00f3n presidencial dem\u00f3crata.<\/p>\n\n\n\n<figure class=\"wp-block-image\"><img decoding=\"async\" src=\"https:\/\/gdb.voanews.com\/746ae4c0-81ec-42d6-ac93-901e558108dc_w650_r1_s.jpg\" alt=\"El presidente Jimmy Carter abraza al vicepresidente Walter Mondale en el jard\u00edn sur de la Casa Blanca en Washington el 7 de enero de 1978.\"\/><figcaption class=\"wp-element-caption\">El presidente Jimmy Carter abraza al vicepresidente Walter Mondale en el jard\u00edn sur de la Casa Blanca en Washington el 7 de enero de 1978.<\/figcaption><\/figure>\n\n\n\n<p>Su candidatura se bas\u00f3 en que Washington necesitaba un l\u00edder en el que la poblaci\u00f3n pudiera confiar tras el esc\u00e1ndalo del Watergate y la guerra de Vietnam.<\/p>\n\n\n\n<p>Por \u00faltimo, se present\u00f3 en las elecciones frente al republicano Gerald Ford y gan\u00f3 en una votaci\u00f3n muy ajustada, con Carter ganando el 50 % de los votos populares y 297 de 538 votos electorales.<\/p>\n\n\n\n<p>Ya como presidente, Carter intent\u00f3 retratarse como lo que era: un hombre de pueblo, visti\u00e9ndose de forma informal y adoptando un estilo de habla popular. Durante la \u00e9poca de Carter como mandatario aument\u00f3 la popularidad de los jers\u00e9is por ser su preferencia cuando se trataba de moda; prefer\u00eda la comodidad por encima de la etiqueta.<\/p>\n\n\n\n<figure class=\"wp-block-image\"><img decoding=\"async\" src=\"https:\/\/gdb.voanews.com\/2b2ddf2d-01b9-4d4e-97db-a7d5af8238d5_w650_r0_s.jpg\" alt=\"\"\/><\/figure>\n\n\n\n<p>M\u00e1s all\u00e1 de las medidas de paz que impuls\u00f3 desde la oficina oval, tambi\u00e9n introdujo una serie de programas ambiciosos para la reforma social y econ\u00f3mica, e incluy\u00f3 un n\u00famero relativamente grande de mujeres y minor\u00edas en su gabinete, un movimiento poco habitual a finales de la d\u00e9cada de 1970.<\/p>\n\n\n\n<p>A pesar de estas cualidades, Carter ha sido criticado por no abordar los problemas que enfrentaba Estados Unidos en la d\u00e9cada de 1970 y principios de la d\u00e9cada de 1980, en parte a causa de la su tendencia hacia la microgesti\u00f3n.<\/p>\n\n\n\n<p><a href=\"https:\/\/www.vozdeamerica.com\/a\/aniversario-40-crisis-embajada-estados-unidos-iran\/5152104.html\"><\/a><\/p>\n\n\n\n<p><a href=\"https:\/\/www.vozdeamerica.com\/a\/aniversario-40-crisis-embajada-estados-unidos-iran\/5152104.html\">Tambi\u00e9n lea<\/a><\/p>\n\n\n\n<h4 class=\"wp-block-heading\"><a href=\"https:\/\/www.vozdeamerica.com\/a\/aniversario-40-crisis-embajada-estados-unidos-iran\/5152104.html\">40 a\u00f1os de la crisis de rehenes en embajada de EE.UU. en Ir\u00e1n<\/a><\/h4>\n\n\n\n<p>Los expertos aseguran que la principal raz\u00f3n por la que Carter no logr\u00f3 ganar las elecciones de 1980 fue su d\u00e9bil gesti\u00f3n de la crisis de los rehenes de Ir\u00e1n. Esta crisis se prolong\u00f3 durante todo el a\u00f1o electoral y muchos consideraron que Carter no hab\u00eda sido capaz de gestionar esta problem\u00e1tica.<\/p>\n\n\n\n<figure class=\"wp-block-image\"><img decoding=\"async\" src=\"https:\/\/gdb.voanews.com\/79f56976-db34-43c5-b048-4898ca405212_w650_r0_s.jpg\" alt=\"\"\/><\/figure>\n\n\n\n<p>Tras su estancia en la Casa Blanca, el expresidente fund\u00f3 el Centro Carter, una organizaci\u00f3n para continuar con su legado y que naci\u00f3 con un compromiso fundamental con los derechos humanos y el alivio del sufrimiento humano.<\/p>\n\n\n\n<p><\/p>\n","protected":false},"excerpt":{"rendered":"<p>El expresidente Jimmy Carter en un evento en Londres, en febrero de 2016. diciembre 29, 2024 El expresidente dem\u00f3crata Jimmy Carter, que lider\u00f3 EEUU entre enero de 1977 y enero de 1981, pas\u00f3 sus \u00faltimos meses en cuidados paliativos por su deteriorada salud. Hab\u00eda sobrevivido al c\u00e1ncer pero en los \u00faltimos a\u00f1os recibi\u00f3 cirug\u00edas por [&hellip;]<\/p>\n","protected":false},"author":5,"featured_media":586133,"comment_status":"closed","ping_status":"closed","sticky":true,"template":"","format":"standard","meta":{"footnotes":""},"categories":[26,23,27],"tags":[],"class_list":["post-586132","post","type-post","status-publish","format-standard","has-post-thumbnail","hentry","category-efemerides","category-internacional","category-portada"],"_links":{"self":[{"href":"https:\/\/diariodominicano.com\/index.php?rest_route=\/wp\/v2\/posts\/586132","targetHints":{"allow":["GET"]}}],"collection":[{"href":"https:\/\/diariodominicano.com\/index.php?rest_route=\/wp\/v2\/posts"}],"about":[{"href":"https:\/\/diariodominicano.com\/index.php?rest_route=\/wp\/v2\/types\/post"}],"author":[{"embeddable":true,"href":"https:\/\/diariodominicano.com\/index.php?rest_route=\/wp\/v2\/users\/5"}],"replies":[{"embeddable":true,"href":"https:\/\/diariodominicano.com\/index.php?rest_route=%2Fwp%2Fv2%2Fcomments&post=586132"}],"version-history":[{"count":4,"href":"https:\/\/diariodominicano.com\/index.php?rest_route=\/wp\/v2\/posts\/586132\/revisions"}],"predecessor-version":[{"id":586156,"href":"https:\/\/diariodominicano.com\/index.php?rest_route=\/wp\/v2\/posts\/586132\/revisions\/586156"}],"wp:featuredmedia":[{"embeddable":true,"href":"https:\/\/diariodominicano.com\/index.php?rest_route=\/wp\/v2\/media\/586133"}],"wp:attachment":[{"href":"https:\/\/diariodominicano.com\/index.php?rest_route=%2Fwp%2Fv2%2Fmedia&parent=586132"}],"wp:term":[{"taxonomy":"category","embeddable":true,"href":"https:\/\/diariodominicano.com\/index.php?rest_route=%2Fwp%2Fv2%2Fcategories&post=586132"},{"taxonomy":"post_tag","embeddable":true,"href":"https:\/\/diariodominicano.com\/index.php?rest_route=%2Fwp%2Fv2%2Ftags&post=586132"}],"curies":[{"name":"wp","href":"https:\/\/api.w.org\/{rel}","templated":true}]}}