{"id":586089,"date":"2024-12-29T18:05:45","date_gmt":"2024-12-29T22:05:45","guid":{"rendered":"https:\/\/diariodominicano.com\/?p=586089"},"modified":"2024-12-30T00:21:24","modified_gmt":"2024-12-30T04:21:24","slug":"exdiputado-rafael-mendez-denuncia-ataques-por-respaldo-a-la-revolucion-bolivariana","status":"publish","type":"post","link":"https:\/\/diariodominicano.com\/?p=586089","title":{"rendered":"Exdiputado Rafael M\u00e9ndez denuncia ataques por respaldo a la Revoluci\u00f3n Bolivariana"},"content":{"rendered":"\n<p>\u201cEstos ataques no me Estos intimidan; al contrario, me reafirman en la convicci\u00f3n de que la defensa de la verdad y de los ideales de la Revoluci\u00f3n Bolivariana necesaria que nunca\u00bb<\/p>\n\n\n\n<p>SANTO DOMINGO: El exdiputado y periodista Rafael M\u00e9ndez denunci\u00f3 ataques personales y reacciones &nbsp;por su militante respaldo a la Revoluci\u00f3n Bolivariana y a la dirigencia chavista, por sus art\u00edculos y declaraciones declaraciones \u201cbuscan deslegitimar su postura y son una muestra clara de los niveles de confusi\u00f3n que la maquinaria medi\u00e1tica manipuladora ha logrado sembrar en amplios sectores de la sociedad\u201d.<\/p>\n\n\n\n<p>\u00abEs preocupante c\u00f3mo la manipulaci\u00f3n medi\u00e1tica global ha logrado desviar el enfoque del debate pol\u00edtico hacia ataques personales, utilizando t\u00e1cticas que buscan desacreditar, no los argumentos, sino a las personas que defendemos procesos soberanos y emancipadores como la Revoluci\u00f3n Bolivariana\u00bb, se\u00f1al\u00f3 M\u00e9ndez.<\/p>\n\n\n\n<p>El exdiputado resalt\u00f3 que la estrategia medi\u00e1tica hegem\u00f3nica ha logrado instalar una narrativa que sataniza cualquier defensa de la Revoluci\u00f3n Bolivariana, mientras omite o distorsiona los logros de este proceso pol\u00edtico y su impacto en la lucha por la justicia social, la independencia y la dignidad de los pueblos. \u00abDefender los principios de soberan\u00eda y justicia no deber\u00eda ser motivo de ataques personales, sino un llamado al di\u00e1logo respetuoso y a la reflexi\u00f3n sobre la verdadera naturaleza de los conflictos que enfrentan nuestros pueblos\u00bb, a\u00f1adi\u00f3.<\/p>\n\n\n\n<p>M\u00e9ndez destac\u00f3 que la maquinaria medi\u00e1tica no solo busca desacreditar al liderazgo bolivariano, sino tambi\u00e9n a quienes \u201chemos decidido alzar su voz para exponer las mentiras y tergiversaciones que se difunden de manera sistem\u00e1tica. Estos ataques no me intimidan; al contrario, me reafirman en la convicci\u00f3n de que la defensa de la verdad y de los ideales de la Revoluci\u00f3n Bolivariana&nbsp; &nbsp;es m\u00e1s&nbsp; &nbsp;necesaria que nunca\u00bb,afirm\u00f3.<\/p>\n\n\n\n<p>El periodista llam\u00f3 a la sociedad dominicana y a la comunidad internacional a no dejarse arrastrar por las campa\u00f1as de desinformaci\u00f3n, y a reflexionar sobre c\u00f3mo estas t\u00e1cticas de manipulaci\u00f3n buscan imponer una agenda de intereses for\u00e1neos, lejos de las verdaderas necesidades de los pueblos. \u00abLa verdad siempre ser\u00e1 nuestra mejor arma frente a la confusi\u00f3n sembrada por quienes temen la emancipaci\u00f3n de los pueblos y el surgimiento de un mundo m\u00e1s justo y equitativo\u00bb, sentenci\u00f3 Rafael M\u00e9ndez.<\/p>\n\n\n\n<p><strong>Ohelmis S\u00e1nchez<\/strong>\u00a0&lt;ecosdelsur01@gmail.com> <\/p>\n","protected":false},"excerpt":{"rendered":"<p>\u201cEstos ataques no me Estos intimidan; al contrario, me reafirman en la convicci\u00f3n de que la defensa de la verdad y de los ideales de la Revoluci\u00f3n Bolivariana necesaria que nunca\u00bb SANTO DOMINGO: El exdiputado y periodista Rafael M\u00e9ndez denunci\u00f3 ataques personales y reacciones &nbsp;por su militante respaldo a la Revoluci\u00f3n Bolivariana y a la [&hellip;]<\/p>\n","protected":false},"author":7,"featured_media":585841,"comment_status":"closed","ping_status":"closed","sticky":false,"template":"","format":"standard","meta":{"footnotes":""},"categories":[36],"tags":[178],"class_list":["post-586089","post","type-post","status-publish","format-standard","has-post-thumbnail","hentry","category-hombresmujeresycosas","tag-rafael-mendez"],"_links":{"self":[{"href":"https:\/\/diariodominicano.com\/index.php?rest_route=\/wp\/v2\/posts\/586089","targetHints":{"allow":["GET"]}}],"collection":[{"href":"https:\/\/diariodominicano.com\/index.php?rest_route=\/wp\/v2\/posts"}],"about":[{"href":"https:\/\/diariodominicano.com\/index.php?rest_route=\/wp\/v2\/types\/post"}],"author":[{"embeddable":true,"href":"https:\/\/diariodominicano.com\/index.php?rest_route=\/wp\/v2\/users\/7"}],"replies":[{"embeddable":true,"href":"https:\/\/diariodominicano.com\/index.php?rest_route=%2Fwp%2Fv2%2Fcomments&post=586089"}],"version-history":[{"count":1,"href":"https:\/\/diariodominicano.com\/index.php?rest_route=\/wp\/v2\/posts\/586089\/revisions"}],"predecessor-version":[{"id":586105,"href":"https:\/\/diariodominicano.com\/index.php?rest_route=\/wp\/v2\/posts\/586089\/revisions\/586105"}],"wp:featuredmedia":[{"embeddable":true,"href":"https:\/\/diariodominicano.com\/index.php?rest_route=\/wp\/v2\/media\/585841"}],"wp:attachment":[{"href":"https:\/\/diariodominicano.com\/index.php?rest_route=%2Fwp%2Fv2%2Fmedia&parent=586089"}],"wp:term":[{"taxonomy":"category","embeddable":true,"href":"https:\/\/diariodominicano.com\/index.php?rest_route=%2Fwp%2Fv2%2Fcategories&post=586089"},{"taxonomy":"post_tag","embeddable":true,"href":"https:\/\/diariodominicano.com\/index.php?rest_route=%2Fwp%2Fv2%2Ftags&post=586089"}],"curies":[{"name":"wp","href":"https:\/\/api.w.org\/{rel}","templated":true}]}}