{"id":586080,"date":"2024-12-29T01:55:53","date_gmt":"2024-12-29T05:55:53","guid":{"rendered":"https:\/\/diariodominicano.com\/?p=586080"},"modified":"2024-12-29T01:55:57","modified_gmt":"2024-12-29T05:55:57","slug":"presidente-destaca-labor-de-la-fanb-en-la-defensa-de-venezuela-foto","status":"publish","type":"post","link":"https:\/\/diariodominicano.com\/?p=586080","title":{"rendered":"Presidente destaca labor de la FANB en la defensa de Venezuela (+Foto)"},"content":{"rendered":"\n<p>Caracas, 28 dic (Prensa Latina) El presiente de Venezuela, Nicol\u00e1s Maduro, destac\u00f3 hoy acciones ejecutadas por la Fuerza Armada Nacional Bolivariana (FANB) en la defensa de la soberan\u00eda y la paz nacionales en el a\u00f1o que termina.<\/p>\n\n\n\n<ul class=\"wp-block-list\">\n<li><a href=\"https:\/\/www.prensa-latina.cu\/2024\/12\/28\/\"><time>diciembre 28, 2024 | 14:39<\/time><\/a><\/li>\n<\/ul>\n\n\n\n<ul class=\"wp-block-list\">\n<li><a href=\"https:\/\/www.prensa-latina.cu\/2024\/12\/28\/presidente-destaca-labor-de-la-fanb-en-la-defensa-de-venezuela\/#\"><\/a><\/li>\n\n\n\n<li><a href=\"https:\/\/www.prensa-latina.cu\/2024\/12\/28\/presidente-destaca-labor-de-la-fanb-en-la-defensa-de-venezuela\/#\"><\/a><\/li>\n\n\n\n<li><a href=\"https:\/\/www.prensa-latina.cu\/2024\/12\/28\/presidente-destaca-labor-de-la-fanb-en-la-defensa-de-venezuela\/#\"><\/a><\/li>\n\n\n\n<li><a href=\"https:\/\/www.prensa-latina.cu\/2024\/12\/28\/presidente-destaca-labor-de-la-fanb-en-la-defensa-de-venezuela\/#\"><\/a><\/li>\n<\/ul>\n\n\n\n<p>En el acto de salutaci\u00f3n del Comandante en Jefe a la estructura militar en la Plaza Bicentenario de Ayacucho, en Fuerte Tiuna, Caracas, el jefe de Estado ponder\u00f3 la realizaci\u00f3n de 33 operaciones estrat\u00e9gicas y m\u00e1s de un centenar despliegues t\u00e1cticos en todo el territorio nacional.<\/p>\n\n\n\n<p>Indic\u00f3 que en el periodo se ampliaron las Unidades de Reacci\u00f3n R\u00e1pida en fusi\u00f3n popular militar policial, as\u00ed como se neutralizaron cinco confabulaciones golpistas que pretend\u00edan desestabilizar el pa\u00eds.<\/p>\n\n\n\n<figure class=\"wp-block-image\"><img decoding=\"async\" src=\"https:\/\/www.prensa-latina.cu\/wp-content\/uploads\/2024\/12\/FANB1.jpg\" alt=\"\" class=\"wp-image-1452785\"\/><\/figure>\n\n\n\n<p>Asimismo fueron activados m\u00e1s de 380 mil uniformados y organismos de seguridad como parte del Plan Rep\u00fablica para garantizar la tranquilidad ciudadana durante las elecciones presidenciales del 28 de julio \u00faltimo.<\/p>\n\n\n\n<p>Maduro reafirm\u00f3 que los m\u00e1s de 4,5 millones de componentes de la Milicia Nacional Bolivariana ratificaron su lealtad absoluta a la defensa integral y protecci\u00f3n de los espacios territoriales nacionales.<\/p>\n\n\n\n<p>La FANB tambi\u00e9n contribuy\u00f3 con las Brigadas Comunitarias Militares de Educaci\u00f3n y Salud a la recuperaci\u00f3n integral de centros escolares y de salud, apunt\u00f3.<\/p>\n\n\n\n<p>El dignatario subray\u00f3 que la Fuerza Armada Nacional contribuy\u00f3 nuevamente a enfrentar y derrocar la perfidia, conspiraci\u00f3n y al imperialismo, que no cesan en su empe\u00f1o de derrotar la Revoluci\u00f3n.<\/p>\n\n\n\n<p>Aludi\u00f3 a la labor de los militares en el enfrentamiento diario de las bandas armadas, del narcotr\u00e1fico colombiano y grupos criminales como el Tren de Aragua y el Tren de los Llanos, los cuales, opin\u00f3, son instrumentos imperiales financiados por el imperio y la derecha fascista.<\/p>\n\n\n\n<p>El Presidente revel\u00f3 que ayer la Aviaci\u00f3n Militar detect\u00f3 y procedi\u00f3 de inmediato, en correspondencia con la ley, a neutralizar en el estado de Falc\u00f3n (noroccidente), la incursi\u00f3n de una aeronave del narcotr\u00e1fico.<\/p>\n\n\n\n<p>Asegur\u00f3 que hay patrullajes permanentes para cuidar objetivos estrat\u00e9gicos y vitales del pa\u00eds con el prop\u00f3sito de \u201ccuidar a nuestra Patria de todas las amenazas y los peligros\u00bb.<\/p>\n\n\n\n<p>\u201cQue escenario tan magn\u00edfico e imponente para decir que el 2024 fue de victoria, de la soberan\u00eda, de la paz, a\u00f1o de la fusi\u00f3n popular militar policial\u201d, recalc\u00f3, y asegur\u00f3 \u201clo que viene es m\u00e1s grande y mejor\u201d.<\/p>\n\n\n\n<p>\u00abEl 2025 es pa\u2019lante y lo que viene es m\u00e1s patria, m\u00e1s independencia y m\u00e1s Revoluci\u00f3n\u00bb, reafirm\u00f3.<\/p>\n\n\n\n<p>Maduro expres\u00f3 haber vivido a\u00f1os heroicos y \u201cpuedo decir como Comandante en Jefe de la FANB que me siento grandemente orgulloso del papel jugado por los militares en la defensa aguerrida del derecho a tener y construir patria, y no caiga en las garras del imperialismo y los apellidos\u201d, certific\u00f3.<\/p>\n\n\n\n<p>jcm\/jcd<\/p>\n\n\n\n<ul class=\"wp-block-list\">\n<li>#<a href=\"https:\/\/www.prensa-latina.cu\/etiqueta\/fanb\/\">FANB<\/a>\u00a0#<a href=\"https:\/\/www.prensa-latina.cu\/etiqueta\/venezuela\/\">Venezuela<\/a><\/li>\n<\/ul>\n","protected":false},"excerpt":{"rendered":"<p>Caracas, 28 dic (Prensa Latina) El presiente de Venezuela, Nicol\u00e1s Maduro, destac\u00f3 hoy acciones ejecutadas por la Fuerza Armada Nacional Bolivariana (FANB) en la defensa de la soberan\u00eda y la paz nacionales en el a\u00f1o que termina. En el acto de salutaci\u00f3n del Comandante en Jefe a la estructura militar en la Plaza Bicentenario de [&hellip;]<\/p>\n","protected":false},"author":28,"featured_media":586081,"comment_status":"closed","ping_status":"closed","sticky":true,"template":"","format":"standard","meta":{"footnotes":""},"categories":[23],"tags":[],"class_list":["post-586080","post","type-post","status-publish","format-standard","has-post-thumbnail","hentry","category-internacional"],"_links":{"self":[{"href":"https:\/\/diariodominicano.com\/index.php?rest_route=\/wp\/v2\/posts\/586080","targetHints":{"allow":["GET"]}}],"collection":[{"href":"https:\/\/diariodominicano.com\/index.php?rest_route=\/wp\/v2\/posts"}],"about":[{"href":"https:\/\/diariodominicano.com\/index.php?rest_route=\/wp\/v2\/types\/post"}],"author":[{"embeddable":true,"href":"https:\/\/diariodominicano.com\/index.php?rest_route=\/wp\/v2\/users\/28"}],"replies":[{"embeddable":true,"href":"https:\/\/diariodominicano.com\/index.php?rest_route=%2Fwp%2Fv2%2Fcomments&post=586080"}],"version-history":[{"count":1,"href":"https:\/\/diariodominicano.com\/index.php?rest_route=\/wp\/v2\/posts\/586080\/revisions"}],"predecessor-version":[{"id":586082,"href":"https:\/\/diariodominicano.com\/index.php?rest_route=\/wp\/v2\/posts\/586080\/revisions\/586082"}],"wp:featuredmedia":[{"embeddable":true,"href":"https:\/\/diariodominicano.com\/index.php?rest_route=\/wp\/v2\/media\/586081"}],"wp:attachment":[{"href":"https:\/\/diariodominicano.com\/index.php?rest_route=%2Fwp%2Fv2%2Fmedia&parent=586080"}],"wp:term":[{"taxonomy":"category","embeddable":true,"href":"https:\/\/diariodominicano.com\/index.php?rest_route=%2Fwp%2Fv2%2Fcategories&post=586080"},{"taxonomy":"post_tag","embeddable":true,"href":"https:\/\/diariodominicano.com\/index.php?rest_route=%2Fwp%2Fv2%2Ftags&post=586080"}],"curies":[{"name":"wp","href":"https:\/\/api.w.org\/{rel}","templated":true}]}}