{"id":586075,"date":"2024-12-29T01:48:55","date_gmt":"2024-12-29T05:48:55","guid":{"rendered":"https:\/\/diariodominicano.com\/?p=586075"},"modified":"2024-12-29T01:49:03","modified_gmt":"2024-12-29T05:49:03","slug":"especial-fin-de-ano-tras-un-dificil-2024-cuba-trata-de-encauzar-la-economia","status":"publish","type":"post","link":"https:\/\/diariodominicano.com\/?p=586075","title":{"rendered":"ESPECIAL FIN DE A\u00d1O: Tras un dif\u00edcil 2024, Cuba trata de encauzar la econom\u00eda"},"content":{"rendered":"\n<p><em>spanish.news.cn<\/em>|<em>&nbsp;2024-12-28 23:38:00<\/em>|<\/p>\n\n\n\n<p>LA HABANA, 28 dic (Xinhua) &#8212; Cuba vivi\u00f3 en 2024 un a\u00f1o muy dif\u00edcil para su econom\u00eda, que ahora el Gobierno trata de encauzar con la aplicaci\u00f3n de un plan de medidas \u00abpara corregir distorsiones\u00bb, aprobado por el Consejo de Ministros hace un a\u00f1o.<\/p>\n\n\n\n<p>El presidente cubano, Miguel D\u00edaz-Canel, afirm\u00f3 hace una semana ante la Asamblea Nacional del Poder Popular (Parlamento unicameral) que 2024 ha sido \u00abuno de los a\u00f1os m\u00e1s dif\u00edciles\u00bb para la isla caribe\u00f1a.<\/p>\n\n\n\n<p>En los \u00faltimos 12 meses, el pa\u00eds sigui\u00f3 sumido en una crisis con escasez de productos b\u00e1sicos, como combustibles, alimentos y medicinas; una inflaci\u00f3n alta y constantes y prolongados cortes de electricidad.<\/p>\n\n\n\n<p>La crisis tiene ra\u00edces en el recrudecimiento del bloqueo que desde hace m\u00e1s de medio siglo Estados Unidos aplica contra el pa\u00eds caribe\u00f1o, los efectos de la pandemia del nuevo coronavirus, el complicado entorno econ\u00f3mico internacional y viejos problemas estructurales de la econom\u00eda cubana.<\/p>\n\n\n\n<p>A esos factores negativos se unieron este a\u00f1o el impacto de dos huracanes, uno en el oriente y otro en el occidente de la isla, y la ocurrencia en el extremo este de dos terremotos, fen\u00f3menos naturales que obligaron a utilizar los magros recursos de la naci\u00f3n en la asistencia de los damnificados.<\/p>\n\n\n\n<p>A ciencia cierta no se sabe cu\u00e1l ha sido el impacto de esa \u00abtormenta perfecta\u00bb sobre la isla, pues las autoridades no han informado acerca de los resultados econ\u00f3micos del a\u00f1o que termina, ni siquiera en la reciente sesi\u00f3n parlamentaria.<\/p>\n\n\n\n<p>Lo cierto es que los planes gubernamentales fallaron en 2023, cuando se esperaba un crecimiento \u00abm\u00ednino\u00bb del Producto Interno Bruto (PIB) de 2 por ciento, pero se registr\u00f3 una contracci\u00f3n del 1,9.<\/p>\n\n\n\n<p>Para este a\u00f1o se esperaba tambi\u00e9n un aumento del 2 por ciento del PIB, pero las autoridades reconocieron a mediados de noviembre \u00faltimo que la econom\u00eda \u00abno debe crecer\u00bb.<\/p>\n\n\n\n<p>Hace unos d\u00edas, el ministro de Econom\u00eda y Planificaci\u00f3n, Joaqu\u00edn Alonso, inform\u00f3 al legislativo que el pa\u00eds no alcanz\u00f3 este a\u00f1o los planes de producci\u00f3n agropecuaria, e industrial y tampoco de exportaciones.<\/p>\n\n\n\n<p>\u00abTodo eso ha impactado en los ingresos de la econom\u00eda, con 900 millones (de d\u00f3lares) menos\u00bb, ahond\u00f3 el ministro al referirse al incumplimiento de la exportaci\u00f3n de bienes.<\/p>\n\n\n\n<p>Resalt\u00f3 que se produjo una reducci\u00f3n de la generaci\u00f3n el\u00e9ctrica, tanto por d\u00e9ficit en la capacidad de generaci\u00f3n como por d\u00e9ficit de combustibles, lo que impacta de manera directa en el desempe\u00f1o de la econom\u00eda.<\/p>\n\n\n\n<p>Los constantes apagones, que incluyeron tres ca\u00eddas de la red nacional que dejaron sin electricidad a todo el pa\u00eds durante varios d\u00edas, han estado originados por la falta de combustible para la generaci\u00f3n y roturas en las centrales, casi todas con m\u00e1s de 30 a\u00f1os de explotaci\u00f3n.<\/p>\n\n\n\n<p>Tambi\u00e9n el turismo, considerado por a\u00f1os como la \u00ablocomotora\u00bb de la econom\u00eda nacional, qued\u00f3 por debajo de los planes al recibir a 2,2 millones de visitantes internacionales, una cifra lejos de los 3,1 millones esperados.<\/p>\n\n\n\n<p>Esa fue la primera ca\u00edda de la industria tur\u00edstica cubana despu\u00e9s de la pandemia del nuevo coronavirus.<\/p>\n\n\n\n<p>Por otro lado, la inflaci\u00f3n interanual alcanz\u00f3 en noviembre \u00faltimo el 28,09 por ciento, la cifra m\u00e1s baja de los \u00faltimos a\u00f1os, de acuerdo con el informe de la Oficina Nacional de Estad\u00edstica e Informaci\u00f3n (ONEI).<\/p>\n\n\n\n<p>Parece que el ambicioso plan gubernamental comienza a dar discretas se\u00f1ales positivas, como afirmaron el presidente D\u00edaz-Canel, en el reciente Pleno del Partido Comunista, y el primer ministro Manuel Marrero, ante el Parlamento.<\/p>\n\n\n\n<p>\u00abSi bien se muestran resultados, tenemos la insatisfacci\u00f3n de que no se ha avanzado lo necesario, sobre todo en aquellas cuestiones que demanda nuestra poblaci\u00f3n\u00bb, dijo Marrero ante el plenario legislativo.<\/p>\n\n\n\n<p>No obstante, afirm\u00f3 que se cierra este a\u00f1o con una reducci\u00f3n del 39 por ciento del d\u00e9ficit presupuestario, lo que, se\u00f1al\u00f3, \u00abnos pone en una situaci\u00f3n muy favorable para implementar nuevas pol\u00edticas econ\u00f3micas y sociales\u00bb.<\/p>\n\n\n\n<p>Marrero enumer\u00f3 retos futuros del Gobierno como \u00abel reordenamiento y protecci\u00f3n de los flujos financieros externos, la dolarizaci\u00f3n parcial de la econom\u00eda, la intervenci\u00f3n del mercado cambiario y la eliminaci\u00f3n de los subsidios a productos\u00bb, entre otros.<\/p>\n\n\n\n<p>Anunci\u00f3, sin especificar fecha, ni valores, el pr\u00f3ximo establecimiento de un nuevo r\u00e9gimen cambiario que tendr\u00e1 mayor flexibilidad y variar\u00e1 d\u00eda a d\u00eda de acuerdo con las condiciones de oferta y demanda, medida que busca que el sistema bancario capte divisas que el erario p\u00fablico necesita y que ahora se desv\u00edan al mercado negro.<\/p>\n\n\n\n<p>\u00abLos errores cometidos y las experiencias adquiridas, con toda seguridad, nos ponen en condiciones de pasar a otra etapa, con mayores resultados e impactos favorables en la poblaci\u00f3n\u00bb, asever\u00f3 Marrero.<\/p>\n\n\n\n<p>El Ministerio de Econom\u00eda y Planificaci\u00f3n, por su parte, anunci\u00f3 que para el 2025 se espera un crecimiento del 1 por ciento del PIB nacional.<\/p>\n","protected":false},"excerpt":{"rendered":"<p>spanish.news.cn|&nbsp;2024-12-28 23:38:00| LA HABANA, 28 dic (Xinhua) &#8212; Cuba vivi\u00f3 en 2024 un a\u00f1o muy dif\u00edcil para su econom\u00eda, que ahora el Gobierno trata de encauzar con la aplicaci\u00f3n de un plan de medidas \u00abpara corregir distorsiones\u00bb, aprobado por el Consejo de Ministros hace un a\u00f1o. El presidente cubano, Miguel D\u00edaz-Canel, afirm\u00f3 hace una semana [&hellip;]<\/p>\n","protected":false},"author":28,"featured_media":0,"comment_status":"closed","ping_status":"closed","sticky":true,"template":"","format":"standard","meta":{"footnotes":""},"categories":[36,18,23],"tags":[],"class_list":["post-586075","post","type-post","status-publish","format-standard","hentry","category-hombresmujeresycosas","category-economia","category-internacional"],"_links":{"self":[{"href":"https:\/\/diariodominicano.com\/index.php?rest_route=\/wp\/v2\/posts\/586075","targetHints":{"allow":["GET"]}}],"collection":[{"href":"https:\/\/diariodominicano.com\/index.php?rest_route=\/wp\/v2\/posts"}],"about":[{"href":"https:\/\/diariodominicano.com\/index.php?rest_route=\/wp\/v2\/types\/post"}],"author":[{"embeddable":true,"href":"https:\/\/diariodominicano.com\/index.php?rest_route=\/wp\/v2\/users\/28"}],"replies":[{"embeddable":true,"href":"https:\/\/diariodominicano.com\/index.php?rest_route=%2Fwp%2Fv2%2Fcomments&post=586075"}],"version-history":[{"count":1,"href":"https:\/\/diariodominicano.com\/index.php?rest_route=\/wp\/v2\/posts\/586075\/revisions"}],"predecessor-version":[{"id":586076,"href":"https:\/\/diariodominicano.com\/index.php?rest_route=\/wp\/v2\/posts\/586075\/revisions\/586076"}],"wp:attachment":[{"href":"https:\/\/diariodominicano.com\/index.php?rest_route=%2Fwp%2Fv2%2Fmedia&parent=586075"}],"wp:term":[{"taxonomy":"category","embeddable":true,"href":"https:\/\/diariodominicano.com\/index.php?rest_route=%2Fwp%2Fv2%2Fcategories&post=586075"},{"taxonomy":"post_tag","embeddable":true,"href":"https:\/\/diariodominicano.com\/index.php?rest_route=%2Fwp%2Fv2%2Ftags&post=586075"}],"curies":[{"name":"wp","href":"https:\/\/api.w.org\/{rel}","templated":true}]}}