{"id":586059,"date":"2024-12-29T01:22:22","date_gmt":"2024-12-29T05:22:22","guid":{"rendered":"https:\/\/diariodominicano.com\/?p=586059"},"modified":"2024-12-29T01:28:29","modified_gmt":"2024-12-29T05:28:29","slug":"10-momentos-que-fueron-noticia-alrededor-del-mundo-en-2024","status":"publish","type":"post","link":"https:\/\/diariodominicano.com\/?p=586059","title":{"rendered":"10 momentos que fueron noticia alrededor del mundo en 2024"},"content":{"rendered":"\n<p>ARCHIVO &#8211; El candidato presidencial republicano, Donald Trump, celebra la victoria en la carrera por la Casa Blanca mientras toma de la mano a su esposa Melania en West Palm Beach, Florida, EEUU, el 6 de noviembre de 2024<\/p>\n\n\n\n<p>diciembre 27, 2024<\/p>\n\n\n\n<ul class=\"wp-block-list\">\n<li><a href=\"https:\/\/www.vozdeamerica.com\/author\/yeny-garcia\/mo_vm\">Yeny Garc\u00eda<\/a><\/li>\n<\/ul>\n\n\n\n<ul class=\"wp-block-list\">\n<li><a href=\"https:\/\/facebook.com\/sharer.php?u=https%3a%2f%2fwww.vozdeamerica.com%2fa%2fmomentos-que-fueron-noticia-alrededor-del-mundo-2024%2f7907068.html\" target=\"_blank\" rel=\"noreferrer noopener\"><\/a><\/li>\n\n\n\n<li><a href=\"https:\/\/twitter.com\/share?url=https%3a%2f%2fwww.vozdeamerica.com%2fa%2fmomentos-que-fueron-noticia-alrededor-del-mundo-2024%2f7907068.html&amp;text=10+momentos+que+fueron+noticia+alrededor+del+mundo+en+2024\" target=\"_blank\" rel=\"noreferrer noopener\"><\/a><\/li>\n\n\n\n<li><\/li>\n\n\n\n<li><a href=\"mailto:?body=https%3a%2f%2fwww.vozdeamerica.com%2fa%2fmomentos-que-fueron-noticia-alrededor-del-mundo-2024%2f7907068.html&amp;subject=10%20momentos%20que%20fueron%20noticia%20alrededor%20del%20mundo%20en%202024\"><\/a><\/li>\n<\/ul>\n\n\n\n<p><a href=\"https:\/\/www.vozdeamerica.com\/a\/momentos-que-fueron-noticia-alrededor-del-mundo-2024\/7907068.html#comments\">&nbsp;Vea comentarios<\/a><\/p>\n\n\n\n<p>La victoria presidencial de Donald Trump en EEUU, la ca\u00edda del gobierno de Bashar al-Assad en Siria, la extensi\u00f3n del conflicto en Medio Oriente y la escalada en la guerra en Ucrania est\u00e1n entre los momentos que marcaron el 2024.<\/p>\n\n\n\n<p>El 2024 ha sido un a\u00f1o de acontecimientos globales que han repercutido alrededor del mundo. Desde victorias presidenciales como la de Donald Trump en Estados Unidos y Claudia Sheinbaum en M\u00e9xico, el fin de d\u00e9cadas de gobierno de los Assad en Siria hasta la escalada en los conflictos en Ucrania y el Medio Oriente, estos doce meses han esta marcados por profundos cambios que afectar\u00e1n el destino de millones en un futuro cercano.<\/p>\n\n\n\n<p>La r\u00e1pida secuencia de noticias y la sucesi\u00f3n de varios hitos en espacio de meses han hecho de este uno de los a\u00f1os m\u00e1s trascendentales en las \u00faltimas d\u00e9cadas, resaltan expertos.<\/p>\n\n\n\n<p>La&nbsp;<em><strong>Voz de Am\u00e9rica<\/strong><\/em>&nbsp;ha hecho un resumen &#8211; en orden cronol\u00f3gico- de 10 de los principales momentos que sacudieron al mundo en este 2024.<\/p>\n\n\n\n<h3 class=\"wp-block-heading\">Millones van a las urnas<\/h3>\n\n\n\n<p>En una prueba crucial para las democracias alrededor del planeta, se estima que casi la mitad de la poblaci\u00f3n mundial, unas 4.000 millones de personas &#8211; votaron en elecciones de car\u00e1cter nacional en m\u00e1s de 50 pa\u00edses. Esto hizo al 2024 uno de los a\u00f1os de mayor actividad electoral en d\u00e9cadas, una coincidencia que no se repetir\u00e1 hasta dentro de varios ciclos.<\/p>\n\n\n\n<p><a href=\"https:\/\/www.vozdeamerica.com\/a\/mitad-mundo-votara-2024-con-implicaciones-globales\/7432923.html\"><\/a><\/p>\n\n\n\n<p><a href=\"https:\/\/www.vozdeamerica.com\/a\/mitad-mundo-votara-2024-con-implicaciones-globales\/7432923.html\">Tambi\u00e9n lea<\/a><\/p>\n\n\n\n<h4 class=\"wp-block-heading\"><a href=\"https:\/\/www.vozdeamerica.com\/a\/mitad-mundo-votara-2024-con-implicaciones-globales\/7432923.html\">Medio mundo votar\u00e1 en 2024, con implicaciones globales<\/a><\/h4>\n\n\n\n<p>Entre los comicios que acapararon titulares estuvo la carrera por la Casa Blanca en EEUU y las presidenciales de Rusia, Venezuela, M\u00e9xico, Taiw\u00e1n y elecciones en Reino Unido. Los mexicanos escogieron a la primera mujer presidenta en la historia del pa\u00eds,&nbsp;<em><strong><a href=\"https:\/\/www.vozdeamerica.com\/a\/putin-inicia-su-5to-mandato-como-presidente-con-mas-control-sobre-rusia-que-nunca\/7600958.html\" target=\"_blank\" rel=\"noreferrer noopener\">Vladimir Putin se asegur\u00f3 la continuaci\u00f3n de su gobierno<\/a><\/strong><\/em>&nbsp;desde el Kremlin, mientras que los venezolanos todav\u00eda sufren las consecuencias de una disputada contienda, en la que tanto el presidente Nicol\u00e1s Maduro, como la oposici\u00f3n y su candidato Edmundo Gonz\u00e1lez, se adjudican la victoria.<\/p>\n\n\n\n<h3 class=\"wp-block-heading\">Muerte de opositor ruso Alexei Navalny<\/h3>\n\n\n\n<p>Considerado el&nbsp;<strong><a href=\"https:\/\/www.vozdeamerica.com\/a\/biden-seniala-a-putin-responsable-muerte-de-opositor-alexei-navalny\/7490748.html\" target=\"_blank\" rel=\"noreferrer noopener\">rival m\u00e1s ac\u00e9rrimo y destacado del presidente ruso<\/a><\/strong>, Vladimir Putin, el opositor y activista Alexei Navalny&nbsp;<em><strong><a href=\"https:\/\/www.vozdeamerica.com\/a\/confirman-muerte-de-lider-opositor-ruso-navalny-arrestan-a-decenas-de-partidarios-\/7491702.html\" target=\"_blank\" rel=\"noreferrer noopener\">muri\u00f3 en febrero en una remota prisi\u00f3n en el \u00c1rtico<\/a><\/strong><\/em>, mientras cumpl\u00eda una pena de 19 a\u00f1os por varios cargos, que inclu\u00edan el de dirigir un grupo extremista. Allegados y gobiernos como el de EEUU denunciaron como responsable a Putin, algo que Mosc\u00fa ha negado categ\u00f3ricamente.<\/p>\n\n\n\n<h3 class=\"wp-block-heading\">Extensi\u00f3n del conflicto en Medio Oriente y muerte de presidente iran\u00ed<\/h3>\n\n\n\n<p>En abril, Israel e Ir\u00e1n entraron en conflicto directo tras bombardeos israel\u00edes contra la embajada iran\u00ed en la capital siria Damasco, dentro de su conflicto con el grupo extremista Ham\u00e1s. Teher\u00e1n respondi\u00f3 lanzando misiles y drones desde su territorio hacia Israel, que a su vez bombarde\u00f3 en represalia un complejo militar situado cerca de la ciudad iran\u00ed de Isfahan.<\/p>\n\n\n\n<p><video poster=\"https:\/\/gdb.voanews.com\/01000000-0aff-0242-d490-08dc791bdd34_w650_r1.jpg\" src=\"blob:https:\/\/www.vozdeamerica.com\/ff6db90a-1529-45bf-a172-20303cd72850\" height=\"381\" width=\"676\"><\/video><\/p>\n\n\n\n<h5 class=\"wp-block-heading\"><a href=\"https:\/\/www.vozdeamerica.com\/a\/momentos-que-fueron-noticia-alrededor-del-mundo-2024\/7620023.html\" target=\"_blank\" rel=\"noreferrer noopener\">Muerte de presidente iran\u00ed llega en un momento de alta tensi\u00f3n en Oriente Medio<\/a><\/h5>\n\n\n\n<p>\u00a0I<\/p>\n\n\n\n<ul class=\"wp-block-list\">\n<li><a href=\"https:\/\/facebook.com\/sharer.php?u=https%3a%2f%2fwww.vozdeamerica.com%2fa%2f7620023.html\" target=\"_blank\" rel=\"noreferrer noopener\">Comparta en Facebook<\/a><\/li>\n\n\n\n<li><a href=\"https:\/\/twitter.com\/share?url=https%3a%2f%2fwww.vozdeamerica.com%2fa%2f7620023.html&amp;text=Muerte+de+presidente+iran%c3%ad+llega+en+un+momento+de+alta+tensi%c3%b3n+en+Oriente+Medio\" target=\"_blank\" rel=\"noreferrer noopener\">Comparta en Twitter<\/a><\/li>\n<\/ul>\n\n\n\n<hr class=\"wp-block-separator has-alpha-channel-opacity\"\/>\n\n\n\n<p><a href=\"https:\/\/www.vozdeamerica.com\/embed\/player\/Article\/7620023.html?type=video&amp;FullScreenMode=True\" target=\"_blank\" rel=\"noreferrer noopener\"><\/a><\/p>\n\n\n\n<p>&nbsp;Descargar&nbsp;<\/p>\n\n\n\n<p>Esto&nbsp;<em><strong><a href=\"https:\/\/www.vozdeamerica.com\/a\/iran-ataca-a-israel-con-misiles-y-drones-g7-llama-a-videoconferencia-\/7569434.html\" target=\"_blank\" rel=\"noreferrer noopener\">hizo temer una r\u00e1pida escalada en una regi\u00f3n<\/a><\/strong><\/em>&nbsp;ya remecida por la guerra de Israel en Gaza. La repentina muerte en un accidente del presidente iran\u00ed, Ebrahim Raisi, vino a sumar incertidumbre a la situaci\u00f3n. Las aguas tomaron su cauce en medio del duelo y&nbsp;<em><strong><a href=\"https:\/\/www.vozdeamerica.com\/a\/iran-vota-para-sustituir-a-fallecido-presidente-ambiente-gran-apatia\/7677106.html\" target=\"_blank\" rel=\"noreferrer noopener\">las repentinas elecciones presidenciales<\/a><\/strong><\/em>&nbsp;en la naci\u00f3n persa.<\/p>\n\n\n\n<h3 class=\"wp-block-heading\">Hist\u00f3rico triunfo de Claudia Sheinbaum en M\u00e9xico<\/h3>\n\n\n\n<p>La exalcaldesa de Ciudad de M\u00e9xico y heredera pol\u00edtica del mandatario Luis Manuel L\u00f3pez Obrador, Claudia Sheinbaum,&nbsp;<em><strong><a href=\"https:\/\/www.vozdeamerica.com\/a\/claudia-sheinbaum-gana-la-presidencia-de-mexico-en-historicas-elecciones-\/7640219.html\" target=\"_blank\" rel=\"noreferrer noopener\">gan\u00f3 la presidencia de M\u00e9xico en junio<\/a><\/strong><\/em>&nbsp;con una amplia ventaja sobre su principal contendiente X\u00f3chitl G\u00e1lvez. A sus 61 a\u00f1os, Sheinbaum se convirti\u00f3 en octubre en&nbsp;<em><strong><a href=\"https:\/\/www.vozdeamerica.com\/a\/que-espera-claudia-sheinbaum-nueva-presidenta-mexico\/7641021.html\" target=\"_blank\" rel=\"noreferrer noopener\">la primera mujer al frente de la segunda mayor econom\u00eda de Latinoam\u00e9rica<\/a><\/strong><\/em>.<\/p>\n\n\n\n<h3 class=\"wp-block-heading\">Intento de asesinato contra Donald Trump<\/h3>\n\n\n\n<p>Un tirador apostado en uno de los edificios cercanos al lugar de un mitin de campa\u00f1a en Pensilvania del expresidente de EEUU, Donald Trump,&nbsp;<em><strong><a href=\"https:\/\/www.vozdeamerica.com\/a\/se-escuchan-varios-disparos-en-un-mitin-de-trump-en-pensilvania-segun-muestra-un-video\/7696904.html\" target=\"_blank\" rel=\"noreferrer noopener\">intent\u00f3 acabar con la vida del entonces candidato republicano<\/a><\/strong><\/em>&nbsp;en un incidente que conmocion\u00f3 al mundo y&nbsp;<em><strong><a href=\"https:\/\/www.vozdeamerica.com\/a\/lideres-globales-condenan-intento-de-asesinato-contra-expresidente-donald-trump\/7697510.html\" target=\"_blank\" rel=\"noreferrer noopener\">provoc\u00f3 reacciones hasta de sus oponentes pol\u00edticos<\/a>.<\/strong><\/em><\/p>\n\n\n\n<p><a href=\"https:\/\/www.vozdeamerica.com\/a\/foto-s-del-atentado-a-trump-moldearan-la-campania-presidencial\/7702126.html\"><\/a><\/p>\n\n\n\n<p><a href=\"https:\/\/www.vozdeamerica.com\/a\/foto-s-del-atentado-a-trump-moldearan-la-campania-presidencial\/7702126.html\">Tambi\u00e9n lea<\/a><\/p>\n\n\n\n<h4 class=\"wp-block-heading\"><a href=\"https:\/\/www.vozdeamerica.com\/a\/foto-s-del-atentado-a-trump-moldearan-la-campania-presidencial\/7702126.html\">\u00bfC\u00f3mo las fotos del atentado a Trump moldear\u00e1n la campa\u00f1a presidencial?<\/a><\/h4>\n\n\n\n<p>El intento de asesinato, que termin\u00f3 con un Trump herido levemente en la oreja derecha y el atacante ultimado por el Servicio Secreto, dej\u00f3 un asistente muerto, deriv\u00f3 en investigaciones contra esa agencia federal&nbsp;<em><strong><a href=\"https:\/\/www.vozdeamerica.com\/a\/jefa-del-servicio-secreto-de-eeuu-dimite-tras-el-intento-de-asesinato-de-trump-segun-medios\/7709545.html\" target=\"_blank\" rel=\"noreferrer noopener\">y la renuncia de su directora<\/a><\/strong><\/em>. Una foto ya ic\u00f3nica del expresidente, sangrando y con la mano en alto mientras era escoltado por agentes, se convirti\u00f3 en una de las im\u00e1genes de la&nbsp;<em><strong><a href=\"https:\/\/www.vozdeamerica.com\/a\/convencion-nacional-republicana-inicia-en-sede-con-fuerte-seguridad-tras-atentado-a-trump\/7698337.html\" target=\"_blank\" rel=\"noreferrer noopener\">Convenci\u00f3n Nacional Republicana<\/a><\/strong><\/em>&nbsp;s\u00f3lo d\u00edas despu\u00e9s, donde&nbsp;<em><strong><a href=\"https:\/\/www.vozdeamerica.com\/a\/donald-trump-discurso-convencion-nacional-republicana\/7704349.html\" target=\"_blank\" rel=\"noreferrer noopener\">el candidato ciment\u00f3 su puesto como l\u00edder del partido<\/a><\/strong><\/em>.<\/p>\n\n\n\n<h3 class=\"wp-block-heading\">Joe Biden se aparta de la contienda electoral y respalda candidatura de Kamala Harris<\/h3>\n\n\n\n<p>Tras&nbsp;<em><strong><a href=\"https:\/\/www.vozdeamerica.com\/a\/debate-presidencial-energia-biden-datos-falsos-trump\/7677543.html\" target=\"_blank\" rel=\"noreferrer noopener\">un debate presidencial<\/a><\/strong><\/em>&nbsp;que son\u00f3 las alarmas de los dem\u00f3cratas sobre la capacidad f\u00edsica del presidente Joe Biden de continuar por cuatro a\u00f1os m\u00e1s en el cargo, el veterano pol\u00edtico&nbsp;<em><strong><a href=\"https:\/\/www.vozdeamerica.com\/a\/biden-abandona-campana-para-la-reelecco%C3%B3n\/7706939.html\" target=\"_blank\" rel=\"noreferrer noopener\">decidi\u00f3 abandonar la carrera por la reelecci\u00f3n<\/a><\/strong><\/em>&nbsp;y respaldar a su vicepresidenta, la exsenadora Kamala Harris, como&nbsp;<em><strong><a href=\"https:\/\/www.vozdeamerica.com\/a\/kamala-harris-fiscal-candidata-democrata-presidencia-perfil\/7730806.html\" target=\"_blank\" rel=\"noreferrer noopener\">nueva candidata presidencial del partido azul<\/a><\/strong><\/em>.<\/p>\n\n\n\n<p><a href=\"https:\/\/www.vozdeamerica.com\/a\/joe-biden-cumple-82-anios-un-hito-para-un-presidente-estadounidense-en-ejercicio\/7871794.html\"><\/a><\/p>\n\n\n\n<p><a href=\"https:\/\/www.vozdeamerica.com\/a\/joe-biden-cumple-82-anios-un-hito-para-un-presidente-estadounidense-en-ejercicio\/7871794.html\">Tambi\u00e9n lea<\/a><\/p>\n\n\n\n<h4 class=\"wp-block-heading\"><a href=\"https:\/\/www.vozdeamerica.com\/a\/joe-biden-cumple-82-anios-un-hito-para-un-presidente-estadounidense-en-ejercicio\/7871794.html\">Joe Biden cumple 82 a\u00f1os, un hito para un presidente estadounidense en ejercicio<\/a><\/h4>\n\n\n\n<p>Con apenas tres meses antes del 5 de noviembre, el d\u00eda de las elecciones en EEUU, Harris se lanz\u00f3 en una vertiginosa campa\u00f1a enfocada en los llamados estados bisagra, claves para la victoria electoral que finalmente no lograr\u00eda. Biden, de 82 a\u00f1os, anunci\u00f3 que se retirar\u00eda de la pol\u00edtica cuando entregue la Presidencia a Trump el 20 de enero de 2025.<\/p>\n\n\n\n<h3 class=\"wp-block-heading\">Israel bombardea el L\u00edbano y contin\u00faa campa\u00f1a en Gaza<\/h3>\n\n\n\n<p>En un intento de acabar con el grupo extremista Hezbol\u00e1, las fuerzas israel\u00edes detonaron decenas de b\u00edperes usados por militantes islamistas y bombardearon varias ciudades del L\u00edbano, entre ellas Beirut, causando cientos de v\u00edctimas civiles y devastaci\u00f3n. La comunidad internacional intervino para intentar mediar en una complicada negociaci\u00f3n que finalmente termin\u00f3 con un cese al fuego,&nbsp;<em><strong><a href=\"https:\/\/www.vozdeamerica.com\/a\/tregua-entre-israel-hezbola-parece-mantenerse-libaneses-regresan-a-sus-hogares-sur\/7878525.html\" target=\"_blank\" rel=\"noreferrer noopener\">que de momento a\u00fan se sostiene<\/a><\/strong><\/em>.<\/p>\n\n\n\n<p>Mientras tanto, el conteo de muertes crece en Gaza, donde ya han muerto m\u00e1s de 45.000 personas desde el comienzo de la guerra el 7 de octubre de 2023. Varias organizaciones como Amnist\u00eda Internacional y Human Rights Watch han&nbsp;<em><strong><a href=\"https:\/\/www.vozdeamerica.com\/a\/amnistia-internacional-genocidio-gaza-israel-rechaza-acusacion\/7888124.html\" target=\"_blank\" rel=\"noreferrer noopener\">denunciado a la campa\u00f1a israel\u00ed en la Franja como un genocidio<\/a><\/strong><\/em>, algo que Israel rechaza. Las&nbsp;<em><strong><a href=\"https:\/\/www.vozdeamerica.com\/a\/los-mediadores-gaza-intentan-lograr-alto-fuego-los-ataques-israelies-causan-16-muertos\/7905420.html\" target=\"_blank\" rel=\"noreferrer noopener\">conversaciones para un acuerdo paz no han fructificado<\/a><\/strong><\/em>&nbsp;en un pacto duradero.<\/p>\n\n\n\n<h3 class=\"wp-block-heading\">Donald Trump asegura regreso a la Casa Blanca en victoria arrolladora<\/h3>\n\n\n\n<p>El exmandatario Donald Trump derrot\u00f3 a la vicepresidenta Kamala Harris con un triunfo indiscutible en las elecciones. Con 312 votos del colegio electoral -frente a s\u00f3lo 226 para Harris-,&nbsp;<em><strong><a href=\"https:\/\/www.vozdeamerica.com\/a\/donald-trump-es-elegido-47-presidente-de-estados-unidos\/7853480.html\" target=\"_blank\" rel=\"noreferrer noopener\">el republicano se convirti\u00f3 en el 47 presidente de EEUU<\/a><\/strong><\/em>, en la primera vez en m\u00e1s de un siglo que un mandatario es elegido para un segundo periodo no consecutivo en la historia del pa\u00eds.<\/p>\n\n\n\n<p><video poster=\"https:\/\/gdb.voanews.com\/f4d06519-e76c-4aeb-927f-eaf625fb67aa_w650_r1.jpg\" src=\"blob:https:\/\/www.vozdeamerica.com\/14e82ebc-abe9-44d4-bc99-b214aaf54e95\" height=\"381\" width=\"676\"><\/video><\/p>\n\n\n\n<h5 class=\"wp-block-heading\"><a href=\"https:\/\/www.vozdeamerica.com\/a\/momentos-que-fueron-noticia-alrededor-del-mundo-2024\/7855779.html\" target=\"_blank\" rel=\"noreferrer noopener\">EEUU: Las pol\u00edticas y afirmaciones pasadas ofrecen una ventana a los pr\u00f3ximos cuatro a\u00f1os<\/a><\/h5>\n\n\n\n<ul class=\"wp-block-list\">\n<li><a href=\"https:\/\/facebook.com\/sharer.php?u=https%3a%2f%2fwww.vozdeamerica.com%2fa%2f7855779.html\" target=\"_blank\" rel=\"noreferrer noopener\">Comparta en Facebook<\/a><\/li>\n\n\n\n<li><a href=\"https:\/\/twitter.com\/share?url=https%3a%2f%2fwww.vozdeamerica.com%2fa%2f7855779.html&amp;text=EEUU%3a+Las+pol%c3%adticas+y+afirmaciones+pasadas+ofrecen+una+ventana+a+los+pr%c3%b3ximos+cuatro+a%c3%b1os\" target=\"_blank\" rel=\"noreferrer noopener\">Comparta en Twitter<\/a><\/li>\n<\/ul>\n\n\n\n<hr class=\"wp-block-separator has-alpha-channel-opacity\"\/>\n\n\n\n<p><a href=\"https:\/\/www.vozdeamerica.com\/embed\/player\/Article\/7855779.html?type=video&amp;FullScreenMode=True\" target=\"_blank\" rel=\"noreferrer noopener\"><\/a><\/p>\n\n\n\n<p>&nbsp;Descargar&nbsp;<\/p>\n\n\n\n<p>Su victoria trajo reacciones encontradas entre aliados y antagonistas de EEUU. Las promesas de&nbsp;<em><strong><a href=\"https:\/\/www.vozdeamerica.com\/a\/trump-aspira-a-deportar-a-todos-los-inmigrantes-que-se-encuentran-indocumentados-en-eeuu\/7891701.html\" target=\"_blank\" rel=\"noreferrer noopener\">realizar deportaciones masivas<\/a><\/strong><\/em>&nbsp;y de&nbsp;<em><strong><a href=\"https:\/\/www.vozdeamerica.com\/a\/trump-promete-imponer-aranceles-a-mexico-canada-y-china-25-por-ciento-comercio-sheinbaum\/7877955.html\" target=\"_blank\" rel=\"noreferrer noopener\">aplicar nuevos aranceles a productos desde M\u00e9xico, Canad\u00e1 y China<\/a><\/strong><\/em>&nbsp;ya han comenzado a afectar los acontecimientos dentro y fuera del pa\u00eds, a semanas de su investidura. Con ambas c\u00e1maras del Congreso en manos de su partido y una Corte Suprema conservadora, el presidente tiene v\u00edas abiertas para la implementaci\u00f3n de su agenda.<\/p>\n\n\n\n<h3 class=\"wp-block-heading\">Escalada en la guerra de Rusia en Ucrania<\/h3>\n\n\n\n<p>El conflicto en Ucrania alcanz\u00f3 nuevos niveles de tensi\u00f3n en noviembre tras la autorizaci\u00f3n del gobierno de Joe Biden para que Kiev&nbsp;<em><strong><a href=\"https:\/\/www.vozdeamerica.com\/a\/interrogantes-ante-la-autorizacion-de-eeuu-a-ucrania-para-atacar-con-misiles\/7870614.html\" target=\"_blank\" rel=\"noreferrer noopener\">utilizara armas suministradas por Washington para atacar objetivos dentro del territorio ruso<\/a><\/strong><\/em>. La nueva escalada caus\u00f3 preocupaci\u00f3n entre la comunidad internacional, sobre todo a la luz de la confirmaci\u00f3n de que Mosc\u00fa&nbsp;<em><strong><a href=\"https:\/\/www.vozdeamerica.com\/a\/parlamento-de-ucrania-y-otan-se-reuniran-de-emergencia-tras-ataque-ruso-con-nuevo-misil-hipersonico\/7873728.html\" target=\"_blank\" rel=\"noreferrer noopener\">atac\u00f3 a su vecino con un nuevo misil hipers\u00f3nico<\/a><\/strong><\/em>.<\/p>\n\n\n\n<h3 class=\"wp-block-heading\">Ca\u00edda del gobierno de Bashar al-Assad en Siria<\/h3>\n\n\n\n<p>Sin el apoyo de sus aliados Ir\u00e1n y Rusia &#8211; ocupados en los conflictos con Israel y Ucrania respectivamente &#8211; el dominio de Bashar al-Assad en Siria comenz\u00f3 a tambalearse cuando las fuerzas rebeldes con las que batall\u00f3 por casi 15 a\u00f1os iniciaron una campa\u00f1a que terminar\u00eda con la toma de Damasco y&nbsp;<em><strong><a href=\"https:\/\/www.vozdeamerica.com\/a\/rebeldes-sirios-derrocan-al-presidente-assad-de-quien-se-desconoce-su-paradero\/7891467.html\" target=\"_blank\" rel=\"noreferrer noopener\">la huida del ahora expresidente a Mosc\u00fa<\/a><\/strong><\/em>.<\/p>\n\n\n\n<p><video poster=\"https:\/\/gdb.voanews.com\/23a54d49-4cd7-41ed-9699-2ea33a467c88_tv_w650_r1.jpg\" src=\"blob:https:\/\/www.vozdeamerica.com\/a37a87db-58e4-4ef9-a859-90ab60e921b1\" height=\"381\" width=\"676\"><\/video><\/p>\n\n\n\n<h5 class=\"wp-block-heading\"><a href=\"https:\/\/www.vozdeamerica.com\/a\/momentos-que-fueron-noticia-alrededor-del-mundo-2024\/7904764.html\" target=\"_blank\" rel=\"noreferrer noopener\">Residentes de Alepo desean dejar atr\u00e1s la era represiva del gobierno ca\u00eddo de Assad<\/a><\/h5>\n\n\n\n<p>\u00a0<\/p>\n\n\n\n<ul class=\"wp-block-list\">\n<li><a href=\"https:\/\/facebook.com\/sharer.php?u=https%3a%2f%2fwww.vozdeamerica.com%2fa%2f7904764.html\" target=\"_blank\" rel=\"noreferrer noopener\">Comparta en Facebook<\/a><\/li>\n\n\n\n<li><a href=\"https:\/\/twitter.com\/share?url=https%3a%2f%2fwww.vozdeamerica.com%2fa%2f7904764.html&amp;text=Residentes+de+Alepo+desean+dejar+atr%c3%a1s+la+era+represiva+del+gobierno+ca%c3%addo+de+Assad\" target=\"_blank\" rel=\"noreferrer noopener\">Comparta en Twitter<\/a><\/li>\n<\/ul>\n\n\n\n<hr class=\"wp-block-separator has-alpha-channel-opacity\"\/>\n\n\n\n<p><a href=\"https:\/\/www.vozdeamerica.com\/embed\/player\/Article\/7904764.html?type=video&amp;FullScreenMode=True\" target=\"_blank\" rel=\"noreferrer noopener\"><\/a><\/p>\n\n\n\n<p>&nbsp;Descargar&nbsp;<\/p>\n\n\n\n<p>Despu\u00e9s de d\u00e9cadas en manos de los Assad,&nbsp;<em><strong><a href=\"https:\/\/www.vozdeamerica.com\/a\/fosas-comunes-sirias-exponen-la-maquinaria-de-la-muerte-bajo-gobierno-de-asad-fiscal-de-guerra\/7904712.html\" target=\"_blank\" rel=\"noreferrer noopener\">el pa\u00eds ahora trata de resta\u00f1ar las heridas dejadas<\/a><\/strong><\/em>&nbsp;por a\u00f1os de represi\u00f3n y&nbsp;<em><strong><a href=\"https:\/\/www.vozdeamerica.com\/a\/enviado-de-la-onu-aboga-por-un-proceso-de-transicion-liderado-por-siria-en-conversaciones-con-lider-rebelde\/7902637.html\" target=\"_blank\" rel=\"noreferrer noopener\">busca el camino a una transici\u00f3n democr\u00e1tica<\/a><\/strong><\/em>, en medio de&nbsp;<em><strong><a href=\"https:\/\/www.vozdeamerica.com\/a\/ee-uu-y-turquia-comparten-un-amplio-consenso-sobre-siria\/7900192.html\" target=\"_blank\" rel=\"noreferrer noopener\">temores a un viraje hacia un gobierno ultraconservador<\/a><\/strong><\/em>&nbsp;que limite los derechos de minor\u00edas y mujeres.<\/p>\n","protected":false},"excerpt":{"rendered":"<p>ARCHIVO &#8211; El candidato presidencial republicano, Donald Trump, celebra la victoria en la carrera por la Casa Blanca mientras toma de la mano a su esposa Melania en West Palm Beach, Florida, EEUU, el 6 de noviembre de 2024 diciembre 27, 2024 &nbsp;Vea comentarios La victoria presidencial de Donald Trump en EEUU, la ca\u00edda del [&hellip;]<\/p>\n","protected":false},"author":28,"featured_media":586060,"comment_status":"closed","ping_status":"closed","sticky":true,"template":"","format":"standard","meta":{"footnotes":""},"categories":[36,23],"tags":[],"class_list":["post-586059","post","type-post","status-publish","format-standard","has-post-thumbnail","hentry","category-hombresmujeresycosas","category-internacional"],"_links":{"self":[{"href":"https:\/\/diariodominicano.com\/index.php?rest_route=\/wp\/v2\/posts\/586059","targetHints":{"allow":["GET"]}}],"collection":[{"href":"https:\/\/diariodominicano.com\/index.php?rest_route=\/wp\/v2\/posts"}],"about":[{"href":"https:\/\/diariodominicano.com\/index.php?rest_route=\/wp\/v2\/types\/post"}],"author":[{"embeddable":true,"href":"https:\/\/diariodominicano.com\/index.php?rest_route=\/wp\/v2\/users\/28"}],"replies":[{"embeddable":true,"href":"https:\/\/diariodominicano.com\/index.php?rest_route=%2Fwp%2Fv2%2Fcomments&post=586059"}],"version-history":[{"count":2,"href":"https:\/\/diariodominicano.com\/index.php?rest_route=\/wp\/v2\/posts\/586059\/revisions"}],"predecessor-version":[{"id":586063,"href":"https:\/\/diariodominicano.com\/index.php?rest_route=\/wp\/v2\/posts\/586059\/revisions\/586063"}],"wp:featuredmedia":[{"embeddable":true,"href":"https:\/\/diariodominicano.com\/index.php?rest_route=\/wp\/v2\/media\/586060"}],"wp:attachment":[{"href":"https:\/\/diariodominicano.com\/index.php?rest_route=%2Fwp%2Fv2%2Fmedia&parent=586059"}],"wp:term":[{"taxonomy":"category","embeddable":true,"href":"https:\/\/diariodominicano.com\/index.php?rest_route=%2Fwp%2Fv2%2Fcategories&post=586059"},{"taxonomy":"post_tag","embeddable":true,"href":"https:\/\/diariodominicano.com\/index.php?rest_route=%2Fwp%2Fv2%2Ftags&post=586059"}],"curies":[{"name":"wp","href":"https:\/\/api.w.org\/{rel}","templated":true}]}}