{"id":585977,"date":"2024-12-28T16:25:01","date_gmt":"2024-12-28T20:25:01","guid":{"rendered":"https:\/\/diariodominicano.com\/?p=585977"},"modified":"2024-12-28T16:26:44","modified_gmt":"2024-12-28T20:26:44","slug":"mexico-alista-un-boton-de-panico-en-telefono-para-que-sus-migrantes-alerten-al-ser-detenidos-en-eeuu","status":"publish","type":"post","link":"https:\/\/diariodominicano.com\/?p=585977","title":{"rendered":"M\u00e9xico alista un bot\u00f3n de p\u00e1nico en tel\u00e9fono para que sus migrantes alerten al ser detenidos en EEUU"},"content":{"rendered":"\n<p>ARCHIVO &#8211; Varios migrantes hacen fila para abordar un bus despu\u00e9s de ser deportados de Estados Unidos, de regreso a Matamoros, M\u00e9xico, el 11 de mayo de 2023.<\/p>\n\n\n\n<p>diciembre 28, 2024<\/p>\n\n\n\n<ul class=\"wp-block-list\">\n<li><a href=\"https:\/\/www.vozdeamerica.com\/author\/associated-press\/v_kyr\">Associated Press<\/a><\/li>\n<\/ul>\n\n\n\n<ul class=\"wp-block-list\">\n<li><a href=\"https:\/\/facebook.com\/sharer.php?u=https%3a%2f%2fwww.vozdeamerica.com%2fa%2fmexico-boton-de-panico-migrantes-alerten-en-detencion-eeuu%2f7916235.html\" target=\"_blank\" rel=\"noreferrer noopener\"><\/a><\/li>\n\n\n\n<li><a href=\"https:\/\/twitter.com\/share?url=https%3a%2f%2fwww.vozdeamerica.com%2fa%2fmexico-boton-de-panico-migrantes-alerten-en-detencion-eeuu%2f7916235.html&amp;text=M%c3%a9xico+alista+un+bot%c3%b3n+de+p%c3%a1nico+en+tel%c3%a9fono+para+que+sus+migrantes+alerten+al+ser+detenidos+en+EEUU\" target=\"_blank\" rel=\"noreferrer noopener\"><\/a><\/li>\n\n\n\n<li><\/li>\n\n\n\n<li><a href=\"mailto:?body=https%3a%2f%2fwww.vozdeamerica.com%2fa%2fmexico-boton-de-panico-migrantes-alerten-en-detencion-eeuu%2f7916235.html&amp;subject=M%C3%A9xico%20alista%20un%20bot%C3%B3n%20de%20p%C3%A1nico%20en%20tel%C3%A9fono%20para%20que%20sus%20migrantes%20alerten%20al%20ser%20detenidos%20en%20EEUU\"><\/a><\/li>\n<\/ul>\n\n\n\n<p><a href=\"https:\/\/www.vozdeamerica.com\/a\/mexico-boton-de-panico-migrantes-alerten-en-detencion-eeuu\/7916235.html#comments\">&nbsp;Vea comentarios<\/a><\/p>\n\n\n\n<p>El gobierno de Claudia Sheinbaum anunci\u00f3 que prepara un bot\u00f3n de p\u00e1nico para que los migrantes mexicanos lo activen desde su tel\u00e9fono m\u00f3vil ante una detenci\u00f3n inminente en EEUU y alerten inmediatamente a su consulado y familiares.<\/p>\n\n\n\n<p>CIUDAD DE M\u00c9XICO \u2014&nbsp;<\/p>\n\n\n\n<p>Ante los&nbsp;<strong><em><a href=\"https:\/\/www.vozdeamerica.com\/a\/trump-confirma-plan-deportaciones-masivas-fuerzas-armadas\/7868180.html\" target=\"_blank\" rel=\"noreferrer noopener\">planes de deportaciones masivas de migrantes&nbsp;<\/a><\/em><\/strong>del pr\u00f3ximo presidente de Estados Unidos, M\u00e9xico prepara para enero un bot\u00f3n de p\u00e1nico en el tel\u00e9fono que los mexicanos podr\u00e1n activar ante una detenci\u00f3n inminente en ese pa\u00eds y as\u00ed alertar de forma inmediata al consulado, la Canciller\u00eda y a los familiares que la persona haya designado.<\/p>\n\n\n\n<p>\u201cEsto garantiza que podamos tener una reacci\u00f3n r\u00e1pida\u201d, dijo el viernes el secretario de Relaciones Exteriores, Juan Ram\u00f3n de la Fuente, al presentar un conjunto de medidas de apoyo a los mexicanos en territorio estadounidense, entre los que hay 4,8 millones en situaci\u00f3n migratoria irregular.<\/p>\n\n\n\n<p>El bot\u00f3n, que previsiblemente se activar\u00e1 desde el celular, est\u00e1 todav\u00eda terminando de configurarse y, seg\u00fan el canciller, \u201cla idea es que sea una aplicaci\u00f3n muy sencilla porque la queremos fundamentalmente para casos realmente de emergencia\u00bb.<\/p>\n\n\n\n<p>De la Fuente indic\u00f3 que han activado un amplio programa de asesoramiento legal a migrantes para dar a conocer recomendaciones de qu\u00e9 hacer y qu\u00e9 no ante redadas, detenciones o acciones intimidatorias o para que tengan claro c\u00f3mo ejercer sus derechos. Ya est\u00e1 operativo, adem\u00e1s, un tel\u00e9fono las 24 horas los siete d\u00edas de la semana para resolver cualquier duda al respecto.<\/p>\n\n\n\n<p>La&nbsp;<strong><em><a href=\"https:\/\/www.vozdeamerica.com\/a\/mexico-tiene-un-plan-si-hay-deportaciones-mexicanos-tras-investidura-de-trump\/7872132.html\" target=\"_blank\" rel=\"noreferrer noopener\">puesta en marcha de estas medidas por parte de M\u00e9xico<\/a><\/em><\/strong>&nbsp;supone un cambio sustancial con lo ocurrido durante la primera administraci\u00f3n del republicano Donald Trump, cuando las principales acciones de apoyo a los migrantes en territorio estadounidense las digirieron las organizaciones de la sociedad civil.<\/p>\n\n\n\n<p><video poster=\"https:\/\/gdb.voanews.com\/70137898-1efe-4e02-9e39-00a76bb9a178_tv_w650_r1.jpg\" src=\"blob:https:\/\/www.vozdeamerica.com\/8eacd9f1-03f0-4e94-839d-ce6697de1cf5\" height=\"381\" width=\"676\"><\/video><\/p>\n\n\n\n<h5 class=\"wp-block-heading\"><a href=\"https:\/\/www.vozdeamerica.com\/a\/7916073.html\" target=\"_blank\" rel=\"noreferrer noopener\">Plan de deportaciones masivas de EEUU impacta salud mental de inmigrantes, seg\u00fan organizaciones<\/a><\/h5>\n\n\n\n<ul class=\"wp-block-list\">\n<li><a href=\"https:\/\/facebook.com\/sharer.php?u=https%3a%2f%2fwww.vozdeamerica.com%2fa%2f7916073.html\" target=\"_blank\" rel=\"noreferrer noopener\">Comparta en Facebook<\/a><\/li>\n\n\n\n<li><a href=\"https:\/\/twitter.com\/share?url=https%3a%2f%2fwww.vozdeamerica.com%2fa%2f7916073.html&amp;text=Plan+de+deportaciones+masivas+de+EEUU+impacta+salud+mental+de+inmigrantes%2c+seg%c3%ban+organizaciones+\" target=\"_blank\" rel=\"noreferrer noopener\">Comparta en Twitter<\/a><\/li>\n<\/ul>\n\n\n\n<hr class=\"wp-block-separator has-alpha-channel-opacity\"\/>\n\n\n\n<p><a href=\"https:\/\/www.vozdeamerica.com\/embed\/player\/Article\/7916073.html?type=video&amp;FullScreenMode=True\" target=\"_blank\" rel=\"noreferrer noopener\"><\/a><\/p>\n\n\n\n<p>&nbsp;Descargar&nbsp;<\/p>\n\n\n\n<p>Adem\u00e1s, cada consulado \u2014hay un total de 53 en Estados Unidos\u2014 tiene un plan de acci\u00f3n local y ha generado redes para estar en contacto con albergues, iglesias, servicios de salud, empresarios u organizaciones que acompa\u00f1an a los migrantes, explic\u00f3 el canciller, que acaba de hacer una gira por varias sedes diplom\u00e1ticas en ese pa\u00eds.<\/p>\n\n\n\n<p>El gobierno mexicano, que contrat\u00f3 329 asesor\u00edas externas para apoyar todo este plan, asegur\u00f3 que vigilar\u00e1 que se cumpla el debido proceso en las acciones que tome Estados Unidos, que habr\u00e1 un \u201cobservatorio\u201d pendiente de los cambios en la normativa de cada estado y que M\u00e9xico tendr\u00e1 mayor presencia en centros de procesamiento y detenci\u00f3n para tener contacto continuo con los agentes y las fuerzas de seguridad estadounidenses.<\/p>\n\n\n\n<p>De la Fuente recomend\u00f3 a las familias mexicanas que tengan hijos sin registrar en los consulados que lo hagan para que puedan \u00abactuar de manera legal en su defensa\u201d y dijo estar abierto a cualquier sugerencia o cr\u00edtica de cara al periodo que comenzar\u00e1 el 20 de enero, cuando Trump asumir\u00e1 el poder.<\/p>\n\n\n\n<p>El gobierno mexicano tambi\u00e9n record\u00f3 que se est\u00e1n agilizando los tr\u00e1mites administrativos en los consulados, por ejemplo, para ahorrar viajes a las oficinas e imprimir en casa copias v\u00e1lidas de actas de nacimiento o corregir errores en actas. Este punto puede parecer menor pero no lo es si se tiene en cuenta que, durante la primera administraci\u00f3n Trump, los migrantes indocumentados tem\u00edan ser detenidos precisamente durante los traslados.<\/p>\n\n\n\n<p><a href=\"https:\/\/www.vozdeamerica.com\/a\/restricciones-elecciones-eeuu-trump-biden-migracion-2024\/7907556.html\"><\/a><\/p>\n\n\n\n<p><a href=\"https:\/\/www.vozdeamerica.com\/a\/restricciones-elecciones-eeuu-trump-biden-migracion-2024\/7907556.html\">Tambi\u00e9n lea<\/a><\/p>\n\n\n\n<h4 class=\"wp-block-heading\"><a href=\"https:\/\/www.vozdeamerica.com\/a\/restricciones-elecciones-eeuu-trump-biden-migracion-2024\/7907556.html\">Un a\u00f1o de restricciones y cruciales elecciones: momentos m\u00e1s importantes de la migraci\u00f3n en 2024<\/a><\/h4>\n\n\n\n<p>En cuanto a los planes que se pondr\u00e1n en marcha para ayudar a los deportados, la presidenta mexicana, Claudia Sheinbaum, insisti\u00f3 el viernes que M\u00e9xico se centrar\u00e1 en acoger a sus connacionales porque&nbsp;<em><strong><a href=\"https:\/\/www.vozdeamerica.com\/a\/mexico-esperaria-acordar-con-trump-que-eeuu-envie-migrantes-deportados-a-sus-paises\/7888563.html\" target=\"_blank\" rel=\"noreferrer noopener\">Estados Unidos debe repatriar a cada persona a su pa\u00eds de origen.<\/a><\/strong><\/em><\/p>\n\n\n\n<p>No obstante, ante la posibilidad de que Washington tambi\u00e9n devuelva a M\u00e9xico a migrantes de otras nacionalidades, como ha hecho en el pasado, la mandataria dej\u00f3 abierta la puerta a que su gobierno colabore en enviarlos a sus lugares de origen pero con apoyo estadounidense.<\/p>\n\n\n\n<p>VOA<\/p>\n","protected":false},"excerpt":{"rendered":"<p>ARCHIVO &#8211; Varios migrantes hacen fila para abordar un bus despu\u00e9s de ser deportados de Estados Unidos, de regreso a Matamoros, M\u00e9xico, el 11 de mayo de 2023. diciembre 28, 2024 &nbsp;Vea comentarios El gobierno de Claudia Sheinbaum anunci\u00f3 que prepara un bot\u00f3n de p\u00e1nico para que los migrantes mexicanos lo activen desde su tel\u00e9fono [&hellip;]<\/p>\n","protected":false},"author":28,"featured_media":585978,"comment_status":"closed","ping_status":"closed","sticky":true,"template":"","format":"standard","meta":{"footnotes":""},"categories":[36,23,27],"tags":[],"class_list":["post-585977","post","type-post","status-publish","format-standard","has-post-thumbnail","hentry","category-hombresmujeresycosas","category-internacional","category-portada"],"_links":{"self":[{"href":"https:\/\/diariodominicano.com\/index.php?rest_route=\/wp\/v2\/posts\/585977","targetHints":{"allow":["GET"]}}],"collection":[{"href":"https:\/\/diariodominicano.com\/index.php?rest_route=\/wp\/v2\/posts"}],"about":[{"href":"https:\/\/diariodominicano.com\/index.php?rest_route=\/wp\/v2\/types\/post"}],"author":[{"embeddable":true,"href":"https:\/\/diariodominicano.com\/index.php?rest_route=\/wp\/v2\/users\/28"}],"replies":[{"embeddable":true,"href":"https:\/\/diariodominicano.com\/index.php?rest_route=%2Fwp%2Fv2%2Fcomments&post=585977"}],"version-history":[{"count":3,"href":"https:\/\/diariodominicano.com\/index.php?rest_route=\/wp\/v2\/posts\/585977\/revisions"}],"predecessor-version":[{"id":585982,"href":"https:\/\/diariodominicano.com\/index.php?rest_route=\/wp\/v2\/posts\/585977\/revisions\/585982"}],"wp:featuredmedia":[{"embeddable":true,"href":"https:\/\/diariodominicano.com\/index.php?rest_route=\/wp\/v2\/media\/585978"}],"wp:attachment":[{"href":"https:\/\/diariodominicano.com\/index.php?rest_route=%2Fwp%2Fv2%2Fmedia&parent=585977"}],"wp:term":[{"taxonomy":"category","embeddable":true,"href":"https:\/\/diariodominicano.com\/index.php?rest_route=%2Fwp%2Fv2%2Fcategories&post=585977"},{"taxonomy":"post_tag","embeddable":true,"href":"https:\/\/diariodominicano.com\/index.php?rest_route=%2Fwp%2Fv2%2Ftags&post=585977"}],"curies":[{"name":"wp","href":"https:\/\/api.w.org\/{rel}","templated":true}]}}