{"id":585943,"date":"2024-12-28T14:50:16","date_gmt":"2024-12-28T18:50:16","guid":{"rendered":"https:\/\/diariodominicano.com\/?p=585943"},"modified":"2024-12-28T14:50:58","modified_gmt":"2024-12-28T18:50:58","slug":"jefe-de-la-oms-dice-que-no-estuvo-seguro-de-sobrevivir-a-ataques-israelies-al-aeropuerto-de-yemen","status":"publish","type":"post","link":"https:\/\/diariodominicano.com\/?p=585943","title":{"rendered":"Jefe de la OMS dice que no estuvo seguro de \u201csobrevivir\u201d a ataques israel\u00edes al aeropuerto de Yemen"},"content":{"rendered":"\n<p>La imagen muestra una fracci\u00f3n del video difundido este s\u00e1bado 28 de diciembre por el director de la Organizaci\u00f3n Mundial de la Salud, Tedros Adhanom, al ser escoltado r\u00e1pidamente a un sitio seguro durante ataques israel\u00edes en el aeropuerto de Yemen.<\/p>\n\n\n\n<p>diciembre 28, 2024<\/p>\n\n\n\n<ul class=\"wp-block-list\">\n<li><a href=\"https:\/\/www.vozdeamerica.com\/author\/reuters\/riv_i\">Reuters<\/a><\/li>\n<\/ul>\n\n\n\n<ul class=\"wp-block-list\">\n<li><a href=\"https:\/\/facebook.com\/sharer.php?u=https%3a%2f%2fwww.vozdeamerica.com%2fa%2fjefe-de-la-oms-dice-que-no-estuvo-seguro-de-sobrevivir-a-ataque-israeli-al-aeropuerto-de-yemen%2f7917031.html\" target=\"_blank\" rel=\"noreferrer noopener\"><\/a><\/li>\n\n\n\n<li><a href=\"https:\/\/twitter.com\/share?url=https%3a%2f%2fwww.vozdeamerica.com%2fa%2fjefe-de-la-oms-dice-que-no-estuvo-seguro-de-sobrevivir-a-ataque-israeli-al-aeropuerto-de-yemen%2f7917031.html&amp;text=Jefe+de+la+OMS+dice+que+no+estuvo+seguro+de+%e2%80%9csobrevivir%e2%80%9d+a+ataques+israel%c3%ades+al+aeropuerto+de+Yemen\" target=\"_blank\" rel=\"noreferrer noopener\"><\/a><\/li>\n\n\n\n<li><\/li>\n\n\n\n<li><a href=\"mailto:?body=https%3a%2f%2fwww.vozdeamerica.com%2fa%2fjefe-de-la-oms-dice-que-no-estuvo-seguro-de-sobrevivir-a-ataque-israeli-al-aeropuerto-de-yemen%2f7917031.html&amp;subject=Jefe%20de%20la%20OMS%20dice%20que%20no%20estuvo%20seguro%20de%20%E2%80%9Csobrevivir%E2%80%9D%20a%20ataques%20israel%C3%ADes%20al%20aeropuerto%20de%20Yemen\"><\/a><\/li>\n<\/ul>\n\n\n\n<p><a href=\"https:\/\/www.vozdeamerica.com\/a\/jefe-de-la-oms-dice-que-no-estuvo-seguro-de-sobrevivir-a-ataque-israeli-al-aeropuerto-de-yemen\/7917031.html#comments\">&nbsp;Vea comentarios<\/a><\/p>\n\n\n\n<p>El director de la Organizaci\u00f3n Mundial de la Salud precis\u00f3 que las cuatro explosiones en el aeropuerto de Yemen ocurrieron \u201ca pocos metros\u201d de donde se encontraba. Dijo que a\u00fan le zumban los o\u00eddos.<\/p>\n\n\n\n<p>Z\u00daRICH \u2014&nbsp;<\/p>\n\n\n\n<p>El jefe de la Organizaci\u00f3n Mundial de la Salud (OMS) declar\u00f3 el viernes que no estaba seguro de que iba a sobrevivir a&nbsp;<em><strong><a href=\"https:\/\/www.vozdeamerica.com\/a\/israel-ataca-rebeldes-huties-capital-yemen-jefe-oms-estaba-metros-distancia-\/7915158.html\" target=\"_blank\" rel=\"noreferrer noopener\">un ataque a\u00e9reo contra el principal aeropuerto de Yemen<\/a><\/strong><\/em>&nbsp;llevado a cabo por Israel un d\u00eda antes durante una serie de ataques contra los hut\u00edes, alineados con Ir\u00e1n.<\/p>\n\n\n\n<p>Tedros Adhanom Ghebreyesus, director general de la OMS, declar\u00f3 que las explosiones que sacudieron el edificio fueron tan ensordecedoras que, m\u00e1s de un d\u00eda despu\u00e9s, a\u00fan le zumbaban los o\u00eddos.<\/p>\n\n\n\n<p>Tedros dijo que r\u00e1pidamente se hizo evidente que el aeropuerto estaba siendo atacado, y describi\u00f3 a la gente \u00abcorriendo en desorden\u00bb por el lugar despu\u00e9s de aproximadamente cuatro explosiones, una de ellas \u00abalarmantemente\u00bb cerca de donde \u00e9l estaba sentado, cerca de la sala de embarque.<\/p>\n\n\n\n<p><\/p>\n\n\n\n<p>\u00abNo estaba seguro de poder sobrevivir porque estaba muy cerca, a pocos metros de donde est\u00e1bamos\u00bb, declar\u00f3 a Reuters. \u00abUna ligera desviaci\u00f3n podr\u00eda haber provocado un impacto directo\u00bb.<\/p>\n\n\n\n<p>Tedros dijo que \u00e9l y sus colegas estuvieron atrapados en el aeropuerto durante la hora siguiente aproximadamente mientras lo que \u00e9l pensaba que eran drones sobrevolaban, alimentando la preocupaci\u00f3n de que pudieran abrir fuego nuevamente. Entre los escombros, \u00e9l y sus colegas vieron fragmentos de misiles, dijo.<\/p>\n\n\n\n<p>\u00abNo hab\u00eda ning\u00fan refugio. Nada. As\u00ed que est\u00e1s expuesto, esperando a que pase algo\u00bb, dijo.<\/p>\n\n\n\n<p>Los ataques israel\u00edes en Yemen se produjeron despu\u00e9s de que los hut\u00edes dispararan repetidamente drones y misiles hacia Israel en lo que describen como actos de solidaridad con los palestinos de Gaza.<\/p>\n\n\n\n<h3 class=\"wp-block-heading\">Israel apunta a los hut\u00edes<\/h3>\n\n\n\n<p>El primer ministro israel\u00ed, Benjamin Netanyahu, declar\u00f3 posteriormente que Israel \u00abacababa de empezar\u00bb con los hut\u00edes.<\/p>\n\n\n\n<p>La agencia de noticias Saba, controlada por los hut\u00edes, dijo que tres personas murieron en los ataques contra el aeropuerto y otras tres en Hodeidah, y que otras 40 resultaron heridas en los ataques.<\/p>\n\n\n\n<p>Tedros viaj\u00f3 a Yemen durante la navidad para intentar negociar la liberaci\u00f3n del personal de la ONU y otras personas retenidas all\u00ed. Reconoci\u00f3 que tanto \u00e9l como sus colegas sab\u00edan que el viaje era arriesgado, dada la fuerte tensi\u00f3n entre Israel y los hut\u00edes.<\/p>\n","protected":false},"excerpt":{"rendered":"<p>La imagen muestra una fracci\u00f3n del video difundido este s\u00e1bado 28 de diciembre por el director de la Organizaci\u00f3n Mundial de la Salud, Tedros Adhanom, al ser escoltado r\u00e1pidamente a un sitio seguro durante ataques israel\u00edes en el aeropuerto de Yemen. diciembre 28, 2024 &nbsp;Vea comentarios El director de la Organizaci\u00f3n Mundial de la Salud [&hellip;]<\/p>\n","protected":false},"author":28,"featured_media":585944,"comment_status":"closed","ping_status":"closed","sticky":true,"template":"","format":"standard","meta":{"footnotes":""},"categories":[23],"tags":[],"class_list":["post-585943","post","type-post","status-publish","format-standard","has-post-thumbnail","hentry","category-internacional"],"_links":{"self":[{"href":"https:\/\/diariodominicano.com\/index.php?rest_route=\/wp\/v2\/posts\/585943","targetHints":{"allow":["GET"]}}],"collection":[{"href":"https:\/\/diariodominicano.com\/index.php?rest_route=\/wp\/v2\/posts"}],"about":[{"href":"https:\/\/diariodominicano.com\/index.php?rest_route=\/wp\/v2\/types\/post"}],"author":[{"embeddable":true,"href":"https:\/\/diariodominicano.com\/index.php?rest_route=\/wp\/v2\/users\/28"}],"replies":[{"embeddable":true,"href":"https:\/\/diariodominicano.com\/index.php?rest_route=%2Fwp%2Fv2%2Fcomments&post=585943"}],"version-history":[{"count":2,"href":"https:\/\/diariodominicano.com\/index.php?rest_route=\/wp\/v2\/posts\/585943\/revisions"}],"predecessor-version":[{"id":585946,"href":"https:\/\/diariodominicano.com\/index.php?rest_route=\/wp\/v2\/posts\/585943\/revisions\/585946"}],"wp:featuredmedia":[{"embeddable":true,"href":"https:\/\/diariodominicano.com\/index.php?rest_route=\/wp\/v2\/media\/585944"}],"wp:attachment":[{"href":"https:\/\/diariodominicano.com\/index.php?rest_route=%2Fwp%2Fv2%2Fmedia&parent=585943"}],"wp:term":[{"taxonomy":"category","embeddable":true,"href":"https:\/\/diariodominicano.com\/index.php?rest_route=%2Fwp%2Fv2%2Fcategories&post=585943"},{"taxonomy":"post_tag","embeddable":true,"href":"https:\/\/diariodominicano.com\/index.php?rest_route=%2Fwp%2Fv2%2Ftags&post=585943"}],"curies":[{"name":"wp","href":"https:\/\/api.w.org\/{rel}","templated":true}]}}