{"id":585940,"date":"2024-12-28T14:47:43","date_gmt":"2024-12-28T18:47:43","guid":{"rendered":"https:\/\/diariodominicano.com\/?p=585940"},"modified":"2024-12-28T14:47:47","modified_gmt":"2024-12-28T18:47:47","slug":"putin-se-disculpa-con-lider-azerbaiyano-por-incidente-tragico-del-avion-comercial-estrellado","status":"publish","type":"post","link":"https:\/\/diariodominicano.com\/?p=585940","title":{"rendered":"Putin se disculpa con l\u00edder azerbaiyano por \u00abincidente tr\u00e1gico\u00bb del avi\u00f3n comercial estrellado"},"content":{"rendered":"\n<p>ARCHIVO &#8211; El presidente ruso Vladimir Putin habla con la prensa en la regi\u00f3n de Leningrado, el 26 de diciembre de 2024.<\/p>\n\n\n\n<p>diciembre 28, 2024<\/p>\n\n\n\n<ul class=\"wp-block-list\">\n<li><a href=\"https:\/\/www.vozdeamerica.com\/author\/associated-press\/v_kyr\">Associated Press<\/a><\/li>\n<\/ul>\n\n\n\n<figure class=\"wp-block-image\"><img decoding=\"async\" src=\"https:\/\/gdb.voanews.com\/b1bc9031-a121-43eb-b64e-571699f986ea_w650_r1_s.jpg\" alt=\"ARCHIVO - El presidente ruso Vladimir Putin habla con la prensa en la regi\u00f3n de Leningrado, el 26 de diciembre de 2024.\"\/><figcaption class=\"wp-element-caption\">ARCHIVO &#8211; El presidente ruso Vladimir Putin habla con la prensa en la regi\u00f3n de Leningrado, el 26 de diciembre de 2024.<\/figcaption><\/figure>\n\n\n\n<ul class=\"wp-block-list\">\n<li><a href=\"https:\/\/facebook.com\/sharer.php?u=https%3a%2f%2fwww.vozdeamerica.com%2fa%2fputin-se-disculpa-con-lider-azerbaiyano-por-incidente-tragico-del-avion-estrellado%2f7916937.html\" target=\"_blank\" rel=\"noreferrer noopener\"><\/a><\/li>\n\n\n\n<li><a href=\"https:\/\/twitter.com\/share?url=https%3a%2f%2fwww.vozdeamerica.com%2fa%2fputin-se-disculpa-con-lider-azerbaiyano-por-incidente-tragico-del-avion-estrellado%2f7916937.html&amp;text=Putin+se+disculpa+con+l%c3%adder+azerbaiyano+por+%22incidente+tr%c3%a1gico%22+del+avi%c3%b3n+comercial+estrellado\" target=\"_blank\" rel=\"noreferrer noopener\"><\/a><\/li>\n\n\n\n<li><\/li>\n\n\n\n<li><a href=\"mailto:?body=https%3a%2f%2fwww.vozdeamerica.com%2fa%2fputin-se-disculpa-con-lider-azerbaiyano-por-incidente-tragico-del-avion-estrellado%2f7916937.html&amp;subject=Putin%20se%20disculpa%20con%20l%C3%ADder%20azerbaiyano%20por%20%22incidente%20tr%C3%A1gico%22%20del%20avi%C3%B3n%20comercial%20estrellado\"><\/a><\/li>\n<\/ul>\n\n\n\n<p><a href=\"https:\/\/www.vozdeamerica.com\/a\/putin-se-disculpa-con-lider-azerbaiyano-por-incidente-tragico-del-avion-estrellado\/7916937.html#comments\">&nbsp;Vea comentarios<\/a><\/p>\n\n\n\n<p>El Kremlin dijo que sus sistemas de defensa a\u00e9rea estaban disparando cerca del espacio donde volaba el avi\u00f3n azerbaiyano ca\u00eddo luego a tierra, pero no precis\u00f3 si algunos de esos disparos lo impactaron.<\/p>\n\n\n\n<p>MOSC\u00da, RUSIA \u2014&nbsp;<\/p>\n\n\n\n<p>El presidente ruso Vlad\u00edmir Putin se disculp\u00f3 el s\u00e1bado con su hom\u00f3logo azerbaiyano por el \u00abincidente tr\u00e1gico\u00bb, en referencia al accidente de un avi\u00f3n azerbaiyano en Kazajist\u00e1n donde murieron 38 personas.<\/p>\n\n\n\n<p>El avi\u00f3n volaba el mi\u00e9rcoles desde la capital de Azerbaiy\u00e1n, Bak\u00fa, hacia Grozni, la capital regional de la rep\u00fablica rusa de Chechenia, cuando se desvi\u00f3 hacia Kazajist\u00e1n y se estrell\u00f3 mientras intentaba aterrizar. Hubo 29 sobrevivientes.<\/p>\n\n\n\n<p>En un comunicado oficial del s\u00e1bado, el Kremlin dijo que los sistemas de defensa a\u00e9rea estaban disparando cerca de Grozni debido a un ataque con drones ucranianos mientras el avi\u00f3n intentaba aterrizar, pero no precis\u00f3 que uno de estos impactara al avi\u00f3n.<\/p>\n\n\n\n<p><a href=\"https:\/\/www.vozdeamerica.com\/a\/azerbaiyan-guarda-luto-por-victimas-accidente-aereo-mientras-crecen-especulaciones-sobre-su-causa\/7914701.html\"><\/a><\/p>\n\n\n\n<p><a href=\"https:\/\/www.vozdeamerica.com\/a\/azerbaiyan-guarda-luto-por-victimas-accidente-aereo-mientras-crecen-especulaciones-sobre-su-causa\/7914701.html\">Tambi\u00e9n lea<\/a><\/p>\n\n\n\n<h4 class=\"wp-block-heading\"><a href=\"https:\/\/www.vozdeamerica.com\/a\/azerbaiyan-guarda-luto-por-victimas-accidente-aereo-mientras-crecen-especulaciones-sobre-su-causa\/7914701.html\">Azerbaiy\u00e1n guarda luto por v\u00edctimas de accidente a\u00e9reo mientras crecen especulaciones sobre su causa<\/a><\/h4>\n\n\n\n<p>Seg\u00fan un resumen del Kremlin de la llamada, Putin se disculp\u00f3 con el presidente azerbaiyano Ilham Aliyev \u00abpor el hecho de que el incidente tr\u00e1gico ocurri\u00f3 en el espacio a\u00e9reo ruso\u00bb.<\/p>\n\n\n\n<h3 class=\"wp-block-heading\">El impacto de un arma externa<\/h3>\n\n\n\n<p>El viernes, un funcionario estadounidense y un ministro azerbaiyano hicieron declaraciones por separado culpando del accidente a un arma externa.<\/p>\n\n\n\n<p>Las evaluaciones del viernes expresadas por el ministro de Transporte de Azerbaiy\u00e1n, Rashan Nabiyev, y el portavoz de seguridad nacional de la Casa Blanca, John Kirby, coincidieron con las realizadas por expertos en aviaci\u00f3n externos que culparon del accidente a los sistemas de defensa a\u00e9rea rusos en respuesta a un ataque ucraniano.<\/p>\n\n\n\n<p>Ninguno de los dos funcionarios abord\u00f3 directamente las declaraciones que culpaban a las defensas a\u00e9reas.<\/p>\n\n\n\n<p>Kirby inform\u00f3 a los periodistas el viernes que Estados Unidos \u00abha visto algunas indicaciones tempranas que ciertamente apuntan a la posibilidad de que este avi\u00f3n fue derribado por sistemas de defensa a\u00e9rea rusos\u00bb, pero se neg\u00f3 a dar m\u00e1s detalles, citando una investigaci\u00f3n en curso.<\/p>\n\n\n\n<p>Nabiyev dijo a la prensa azerbaiyana que \u00ablas conclusiones preliminares de los expertos apuntan a un impacto externo\u00bb, al igual que los testimonios de testigos.<\/p>\n\n\n\n<figure class=\"wp-block-image\"><img decoding=\"async\" src=\"https:\/\/gdb.voanews.com\/67dfdc50-14d3-4064-a1e9-c31ed03df44d_tv_w650_r1.jpg\" alt=\"Casa Blanca ve \u201cindicios\u201d de que el avi\u00f3n azerbaiyano fue derribado por Rusia\" title=\"Casa Blanca ve \u201cindicios\u201d de que el avi\u00f3n azerbaiyano fue derribado por Rusia\"\/><\/figure>\n\n\n\n<p><video poster=\"https:\/\/gdb.voanews.com\/67dfdc50-14d3-4064-a1e9-c31ed03df44d_tv_w650_r1.jpg\" src=\"blob:https:\/\/www.vozdeamerica.com\/40f2d478-75f0-40d3-918d-0174d6c60e09\" height=\"381\" width=\"676\"><\/video><\/p>\n\n\n\n<p>&nbsp;Insertar&nbsp;share<\/p>\n\n\n\n<h5 class=\"wp-block-heading\"><a href=\"https:\/\/www.vozdeamerica.com\/a\/putin-se-disculpa-con-lider-azerbaiyano-por-incidente-tragico-del-avion-estrellado\/7916544.html\" target=\"_blank\" rel=\"noreferrer noopener\">Casa Blanca ve \u201cindicios\u201d de que el avi\u00f3n azerbaiyano fue derribado por Rusia<\/a><\/h5>\n\n\n\n<p>&nbsp;Insertar&nbsp;share<\/p>\n\n\n\n<p>El c\u00f3digo se ha copiado en su portapapeles.<\/p>\n\n\n\n<hr class=\"wp-block-separator has-alpha-channel-opacity\"\/>\n\n\n\n<p>Ancho&nbsp;&nbsp;pxAltura&nbsp;&nbsp;px<\/p>\n\n\n\n<ul class=\"wp-block-list\">\n<li><a href=\"https:\/\/facebook.com\/sharer.php?u=https%3a%2f%2fwww.vozdeamerica.com%2fa%2f7916544.html\" target=\"_blank\" rel=\"noreferrer noopener\">Comparta en Facebook<\/a><\/li>\n\n\n\n<li><a href=\"https:\/\/twitter.com\/share?url=https%3a%2f%2fwww.vozdeamerica.com%2fa%2f7916544.html&amp;text=Casa+Blanca+ve+%e2%80%9cindicios%e2%80%9d+de+que+el+avi%c3%b3n+azerbaiyano+fue+derribado+por+Rusia\" target=\"_blank\" rel=\"noreferrer noopener\">Comparta en Twitter<\/a><\/li>\n<\/ul>\n\n\n\n<hr class=\"wp-block-separator has-alpha-channel-opacity\"\/>\n\n\n\n<p>The URL has been copied to your clipboard<\/p>\n\n\n\n<ul class=\"wp-block-list\">\n<li>Auto<\/li>\n\n\n\n<li>240p<\/li>\n\n\n\n<li>360p<\/li>\n\n\n\n<li>480p<\/li>\n\n\n\n<li>720p<\/li>\n\n\n\n<li>1080p<\/li>\n<\/ul>\n\n\n\n<p>No media source currently available<\/p>\n\n\n\n<p>0:002:180:00<\/p>\n\n\n\n<ul class=\"wp-block-list\">\n<li><\/li>\n\n\n\n<li><\/li>\n\n\n\n<li><\/li>\n\n\n\n<li><\/li>\n\n\n\n<li><\/li>\n\n\n\n<li><\/li>\n<\/ul>\n\n\n\n<p><a href=\"https:\/\/www.vozdeamerica.com\/embed\/player\/Article\/7916544.html?type=video&amp;FullScreenMode=True\" target=\"_blank\" rel=\"noreferrer noopener\"><\/a><\/p>\n\n\n\n<p>&nbsp;Descargar&nbsp;<\/p>\n\n\n\n<p>Pasajeros y tripulaci\u00f3n que sobrevivieron al accidente contaron a medios azerbaiyanos que escucharon ruidos fuertes en el avi\u00f3n mientras estaba dando vueltas sobre Grozni.<\/p>\n\n\n\n<p>Dmitry Yadrov, jefe de la autoridad de aviaci\u00f3n civil de Rusia, Rosaviatsia, dijo el viernes que mientras el avi\u00f3n se preparaba para aterrizar en Grozni en una densa niebla, drones ucranianos estaban atacando la ciudad, lo que llev\u00f3 a las autoridades a cerrar el \u00e1rea al tr\u00e1fico a\u00e9reo.<\/p>\n\n\n\n<p>Yadrov indic\u00f3 que despu\u00e9s de que el capit\u00e1n realiz\u00f3 dos intentos fallidos de aterrizar, se le ofrecieron otros aeropuertos, pero decidi\u00f3 volar a Aktau, en Kazajist\u00e1n, al otro lado del mar Caspio.<\/p>\n\n\n\n<p><a href=\"https:\/\/www.vozdeamerica.com\/a\/este-video-no-muestra-un-bombardeo-sobre-moscu-en-nov-de-2024\/7905749.html\"><\/a><\/p>\n\n\n\n<p><a href=\"https:\/\/www.vozdeamerica.com\/a\/este-video-no-muestra-un-bombardeo-sobre-moscu-en-nov-de-2024\/7905749.html\">Tambi\u00e9n lea<\/a><\/p>\n\n\n\n<h4 class=\"wp-block-heading\"><a href=\"https:\/\/www.vozdeamerica.com\/a\/este-video-no-muestra-un-bombardeo-sobre-moscu-en-nov-de-2024\/7905749.html\">Este video no muestra un bombardeo sobre Mosc\u00fa en noviembre de 2024, ocurri\u00f3 en Beirut<\/a><\/h4>\n\n\n\n<p>No coment\u00f3 sobre las declaraciones de algunos expertos en aviaci\u00f3n, quienes se\u00f1alaron que los agujeros vistos en la secci\u00f3n de cola del avi\u00f3n suger\u00edan que posiblemente fue alcanzado por los sistemas de defensa a\u00e9rea rusos.<\/p>\n\n\n\n<p>A principios de esta semana, Rosaviatsia cit\u00f3 pruebas tempranas no especificadas que mostraban que los pilotos se desviaron a Aktau despu\u00e9s de que el impacto de una ave provoc\u00f3 una emergencia a bordo.<\/p>\n\n\n\n<p>Azerbaijan Airlines atribuy\u00f3 el accidente a una \u00abinterferencia f\u00edsica y t\u00e9cnica\u00bb y anunci\u00f3 la suspensi\u00f3n de vuelos a varios aeropuertos rusos. No especific\u00f3 de d\u00f3nde proven\u00eda la interferencia ni proporcion\u00f3 m\u00e1s detalles.<\/p>\n","protected":false},"excerpt":{"rendered":"<p>ARCHIVO &#8211; El presidente ruso Vladimir Putin habla con la prensa en la regi\u00f3n de Leningrado, el 26 de diciembre de 2024. diciembre 28, 2024 &nbsp;Vea comentarios El Kremlin dijo que sus sistemas de defensa a\u00e9rea estaban disparando cerca del espacio donde volaba el avi\u00f3n azerbaiyano ca\u00eddo luego a tierra, pero no precis\u00f3 si algunos [&hellip;]<\/p>\n","protected":false},"author":28,"featured_media":585941,"comment_status":"closed","ping_status":"closed","sticky":true,"template":"","format":"standard","meta":{"footnotes":""},"categories":[23],"tags":[],"class_list":["post-585940","post","type-post","status-publish","format-standard","has-post-thumbnail","hentry","category-internacional"],"_links":{"self":[{"href":"https:\/\/diariodominicano.com\/index.php?rest_route=\/wp\/v2\/posts\/585940","targetHints":{"allow":["GET"]}}],"collection":[{"href":"https:\/\/diariodominicano.com\/index.php?rest_route=\/wp\/v2\/posts"}],"about":[{"href":"https:\/\/diariodominicano.com\/index.php?rest_route=\/wp\/v2\/types\/post"}],"author":[{"embeddable":true,"href":"https:\/\/diariodominicano.com\/index.php?rest_route=\/wp\/v2\/users\/28"}],"replies":[{"embeddable":true,"href":"https:\/\/diariodominicano.com\/index.php?rest_route=%2Fwp%2Fv2%2Fcomments&post=585940"}],"version-history":[{"count":1,"href":"https:\/\/diariodominicano.com\/index.php?rest_route=\/wp\/v2\/posts\/585940\/revisions"}],"predecessor-version":[{"id":585942,"href":"https:\/\/diariodominicano.com\/index.php?rest_route=\/wp\/v2\/posts\/585940\/revisions\/585942"}],"wp:featuredmedia":[{"embeddable":true,"href":"https:\/\/diariodominicano.com\/index.php?rest_route=\/wp\/v2\/media\/585941"}],"wp:attachment":[{"href":"https:\/\/diariodominicano.com\/index.php?rest_route=%2Fwp%2Fv2%2Fmedia&parent=585940"}],"wp:term":[{"taxonomy":"category","embeddable":true,"href":"https:\/\/diariodominicano.com\/index.php?rest_route=%2Fwp%2Fv2%2Fcategories&post=585940"},{"taxonomy":"post_tag","embeddable":true,"href":"https:\/\/diariodominicano.com\/index.php?rest_route=%2Fwp%2Fv2%2Ftags&post=585940"}],"curies":[{"name":"wp","href":"https:\/\/api.w.org\/{rel}","templated":true}]}}