{"id":585934,"date":"2024-12-28T14:44:13","date_gmt":"2024-12-28T18:44:13","guid":{"rendered":"https:\/\/diariodominicano.com\/?p=585934"},"modified":"2024-12-28T14:45:05","modified_gmt":"2024-12-28T18:45:05","slug":"machado-llama-a-policias-y-militares-en-venezuela-a-derribar-el-ultimo-obstaculo-hacia-la-libertad","status":"publish","type":"post","link":"https:\/\/diariodominicano.com\/?p=585934","title":{"rendered":"Machado llama a polic\u00edas y militares en Venezuela a \u201cderribar el \u00faltimo obst\u00e1culo\u00bb hacia la \u00ablibertad\u00bb"},"content":{"rendered":"\n<p>ARCHIVO &#8211; Mar\u00eda Corina Machado, dirigente opositora venezolana, habla durante una manifestaci\u00f3n pol\u00edtica en Caracas, el 28 de agosto de 2024.<\/p>\n\n\n\n<p>diciembre 28, 2024<\/p>\n\n\n\n<ul class=\"wp-block-list\">\n<li><a href=\"https:\/\/www.vozdeamerica.com\/author\/voz-de-america-redaccion\/p_kym\">Voz de Am\u00e9rica &#8211; Redacci\u00f3n<\/a><\/li>\n<\/ul>\n\n\n\n<ul class=\"wp-block-list\">\n<li><a href=\"https:\/\/facebook.com\/sharer.php?u=https%3a%2f%2fwww.vozdeamerica.com%2fa%2fmachado-llama-a-policias-y-militares-en-venezuela-a-derribar-el-ultimo-obstaculo-hacia-la-libertad-%2f7917009.html\" target=\"_blank\" rel=\"noreferrer noopener\"><\/a><\/li>\n\n\n\n<li><a href=\"https:\/\/twitter.com\/share?url=https%3a%2f%2fwww.vozdeamerica.com%2fa%2fmachado-llama-a-policias-y-militares-en-venezuela-a-derribar-el-ultimo-obstaculo-hacia-la-libertad-%2f7917009.html&amp;text=Machado+llama+a+polic%c3%adas+y+militares+en+Venezuela+a+%e2%80%9cderribar+el+%c3%baltimo+obst%c3%a1culo%22+hacia+la+%22libertad%22\" target=\"_blank\" rel=\"noreferrer noopener\"><\/a><\/li>\n\n\n\n<li><\/li>\n\n\n\n<li><a href=\"mailto:?body=https%3a%2f%2fwww.vozdeamerica.com%2fa%2fmachado-llama-a-policias-y-militares-en-venezuela-a-derribar-el-ultimo-obstaculo-hacia-la-libertad-%2f7917009.html&amp;subject=Machado%20llama%20a%20polic%C3%ADas%20y%20militares%20en%20Venezuela%20a%20%E2%80%9Cderribar%20el%20%C3%BAltimo%20obst%C3%A1culo%22%20hacia%20la%20%22libertad%22\"><\/a><\/li>\n<\/ul>\n\n\n\n<p><a href=\"https:\/\/www.vozdeamerica.com\/a\/machado-llama-a-policias-y-militares-en-venezuela-a-derribar-el-ultimo-obstaculo-hacia-la-libertad-\/7917009.html#comments\">&nbsp;Vea comentarios<\/a><\/p>\n\n\n\n<p>La dirigente opositora venezolana Mar\u00eda Corina Machado dice confiar en que los polic\u00edas y militares de su naci\u00f3n est\u00e1n \u201ca un solo paso de hacer lo correcto\u201d. Dijo a los venezolanos que se reencontrar\u00e1n \u00abpronto\u00bb en las calles.<\/p>\n\n\n\n<p>La dirigente de la oposici\u00f3n venezolana Mar\u00eda Corina Machado llam\u00f3 el s\u00e1bado a los polic\u00edas y militares de su pa\u00eds a \u201cderribar el \u00faltimo obst\u00e1culo\u201d para concretar una transici\u00f3n pol\u00edtica a la luz de los resultados de las elecciones presidenciales de julio, que la coalici\u00f3n del antichavismo dice haber ganado holgadamente.<\/p>\n\n\n\n<p>\u201cCiudadano militar, ciudadano polic\u00eda, este mensaje es para ti. Ha llegado la hora de la definici\u00f3n y de derribar el \u00faltimo obst\u00e1culo que nos separa de la libertad\u201d, escribi\u00f3 en X, acompa\u00f1ando un mensaje de audio donde les asegura que el pa\u00eds conf\u00eda en ellos.<\/p>\n\n\n\n<p>\u201cYo conf\u00edo en la reserva moral de nuestros hombres de honor y de armas. Nos vemos pronto en las calles de Venezuela\u201d, a\u00f1adi\u00f3 Machado, dos semanas antes de la fecha de toma de posesi\u00f3n de un nuevo gobierno en el pa\u00eds sudamericano.<\/p>\n\n\n\n<p><\/p>\n\n\n\n<p>El presidente Nicol\u00e1s Maduro, a quien el Consejo Nacional Electoral adjudic\u00f3 la victoria sin divulgar un reporte detallado de las actas de votaci\u00f3n de todo el pa\u00eds, promete juramentarse el 10 de enero de 2025 para un tercer mandato de seis a\u00f1os.<\/p>\n\n\n\n<p>Edmundo Gonz\u00e1lez Urrutia, un diplom\u00e1tico retirado que fue el candidato de la oposici\u00f3n venezolana en las elecciones de julio pasado, dice haber ganado la votaci\u00f3n con m\u00e1s de 30 puntos de ventaja. Si bien se exili\u00f3 a Espa\u00f1a, promete regresar a Venezuela a juramentarse como presidente, sin aportar detalles de c\u00f3mo lo har\u00e1. Machado lo respalda.<\/p>\n\n\n\n<h3 class=\"wp-block-heading\">Un llamado a la reflexi\u00f3n<\/h3>\n\n\n\n<p>La dirigente del movimiento Vente Venezuela dijo este s\u00e1bado a los polic\u00edas y militares que tienen \u201cel deber, honor y privilegio\u201d de portar las armas para defender la seguridad de la ciudadan\u00eda, resguardar la soberan\u00eda territorial y mantener \u201cel orden constitucional\u201d.<\/p>\n\n\n\n<p>Los llam\u00f3 a reflexionar si usan esas armas para esos \u201cdeberes sagrados\u201d o si sus comandantes los \u201cobligan a ignorar a todos esos agentes irregulares extranjeros que mancillan y explotan nuestra tierra\u201d. Les pidi\u00f3 evaluar el estado actual de sus instituciones y pensar en si quieren ser parte de un \u201cfuturo luminoso y decente\u201d.<\/p>\n\n\n\n<p>\u201cPreg\u00fantate tambi\u00e9n si esas armas que te ha conferido la Constituci\u00f3n, en vez de ser usadas para defender al pueblo venezolano, no est\u00e1n siendo usadas m\u00e1s bien para someterlo y masacrarlo\u201d, expres\u00f3 en su mensaje en redes sociales.<\/p>\n\n\n\n<p><a href=\"https:\/\/www.vozdeamerica.com\/a\/fantasia-o-plan-real-el-opositor-edmundo-gonzalez-desea-volver-a-venezuela-para-ser-presidente\/7884686.html\"><\/a><\/p>\n\n\n\n<p><a href=\"https:\/\/www.vozdeamerica.com\/a\/fantasia-o-plan-real-el-opositor-edmundo-gonzalez-desea-volver-a-venezuela-para-ser-presidente\/7884686.html\">Tambi\u00e9n lea<\/a><\/p>\n\n\n\n<h4 class=\"wp-block-heading\"><a href=\"https:\/\/www.vozdeamerica.com\/a\/fantasia-o-plan-real-el-opositor-edmundo-gonzalez-desea-volver-a-venezuela-para-ser-presidente\/7884686.html\">\u00bfFantas\u00eda o plan real? El opositor Edmundo Gonz\u00e1lez desea volver a Venezuela para ser presidente<\/a><\/h4>\n\n\n\n<p>\u201cT\u00fa mejor que nadie sabes que esa voluntad popular y soberana de los venezolanos qued\u00f3 claramente expresada el 28 de julio. El pueblo expres\u00f3 con rotundidad su voluntad de cambio\u201d, les dijo, invit\u00e1ndolos a preguntarse si ignorar ese resultado no los hace \u201cc\u00f3mplices de la tiran\u00eda actual\u201d y si su \u201cinacci\u00f3n\u201d los convierte en victimarios de los venezolanos.<\/p>\n\n\n\n<h3 class=\"wp-block-heading\">Machado expresa confianza y hace una promesa<\/h3>\n\n\n\n<p>Machado dijo confiar en \u201cla reserva moral\u201d de los polic\u00edas y militares venezolanos y en que est\u00e1n \u201ca un solo paso de hacer lo correcto\u201d.<\/p>\n\n\n\n<p>Maduro ha denunciado una presunta conspiraci\u00f3n violenta de actores naciones y extranjeros para derrocarlo. Su gobierno dijo haber arrestado a m\u00e1s de 2.000 personas vinculadas a las protestas postelectorales.<\/p>\n\n\n\n<p>El Ministerio P\u00fablico dijo haber liberado a m\u00e1s de 900 de ellos, la mayor\u00eda este mes, justo antes de la toma de posesi\u00f3n presidencial.<\/p>\n\n\n\n<p>Machado, que dice vivir en la clandestinidad por temor a perder su libertad o vida, culmin\u00f3 su mensaje de este s\u00e1bado con una promesa: \u00abNos vemos pronto en las calles de Venezuela\u00bb.<\/p>\n","protected":false},"excerpt":{"rendered":"<p>ARCHIVO &#8211; Mar\u00eda Corina Machado, dirigente opositora venezolana, habla durante una manifestaci\u00f3n pol\u00edtica en Caracas, el 28 de agosto de 2024. diciembre 28, 2024 &nbsp;Vea comentarios La dirigente opositora venezolana Mar\u00eda Corina Machado dice confiar en que los polic\u00edas y militares de su naci\u00f3n est\u00e1n \u201ca un solo paso de hacer lo correcto\u201d. Dijo a [&hellip;]<\/p>\n","protected":false},"author":28,"featured_media":585936,"comment_status":"closed","ping_status":"closed","sticky":true,"template":"","format":"standard","meta":{"footnotes":""},"categories":[23,27],"tags":[],"class_list":["post-585934","post","type-post","status-publish","format-standard","has-post-thumbnail","hentry","category-internacional","category-portada"],"_links":{"self":[{"href":"https:\/\/diariodominicano.com\/index.php?rest_route=\/wp\/v2\/posts\/585934","targetHints":{"allow":["GET"]}}],"collection":[{"href":"https:\/\/diariodominicano.com\/index.php?rest_route=\/wp\/v2\/posts"}],"about":[{"href":"https:\/\/diariodominicano.com\/index.php?rest_route=\/wp\/v2\/types\/post"}],"author":[{"embeddable":true,"href":"https:\/\/diariodominicano.com\/index.php?rest_route=\/wp\/v2\/users\/28"}],"replies":[{"embeddable":true,"href":"https:\/\/diariodominicano.com\/index.php?rest_route=%2Fwp%2Fv2%2Fcomments&post=585934"}],"version-history":[{"count":2,"href":"https:\/\/diariodominicano.com\/index.php?rest_route=\/wp\/v2\/posts\/585934\/revisions"}],"predecessor-version":[{"id":585939,"href":"https:\/\/diariodominicano.com\/index.php?rest_route=\/wp\/v2\/posts\/585934\/revisions\/585939"}],"wp:featuredmedia":[{"embeddable":true,"href":"https:\/\/diariodominicano.com\/index.php?rest_route=\/wp\/v2\/media\/585936"}],"wp:attachment":[{"href":"https:\/\/diariodominicano.com\/index.php?rest_route=%2Fwp%2Fv2%2Fmedia&parent=585934"}],"wp:term":[{"taxonomy":"category","embeddable":true,"href":"https:\/\/diariodominicano.com\/index.php?rest_route=%2Fwp%2Fv2%2Fcategories&post=585934"},{"taxonomy":"post_tag","embeddable":true,"href":"https:\/\/diariodominicano.com\/index.php?rest_route=%2Fwp%2Fv2%2Ftags&post=585934"}],"curies":[{"name":"wp","href":"https:\/\/api.w.org\/{rel}","templated":true}]}}