{"id":585925,"date":"2024-12-28T12:09:58","date_gmt":"2024-12-28T16:09:58","guid":{"rendered":"https:\/\/diariodominicano.com\/?p=585925"},"modified":"2024-12-28T12:10:07","modified_gmt":"2024-12-28T16:10:07","slug":"maduro-convoca-a-movilizaciones-en-defensa-del-voto-mientras-coalicion-opositora-asegura-gonzalez-urrutia-jurara-el-10-de-enero","status":"publish","type":"post","link":"https:\/\/diariodominicano.com\/?p=585925","title":{"rendered":"Maduro convoca a movilizaciones \u00aben defensa del voto\u00bb, mientras coalici\u00f3n opositora asegura Gonz\u00e1lez Urrutia jurar\u00e1 el 10 de enero"},"content":{"rendered":"\n<p>diariodominicano.com<\/p>\n\n\n\n<p>CARACAS, 28 dic (Xinhua) &#8212; El mandatario venezolano, Nicol\u00e1s Maduro, reiter\u00f3 este s\u00e1bado su convocatoria a las fuerzas populares leales al Gobierno para salir a las calles \u00aben defensa del voto\u00bb, de cara al 10 de enero, fecha en que jurar\u00e1 el cargo como presidente de la Rep\u00fablica para el periodo 2025-2031. \u00abEn cada frente estamos defendiendo nuestro derecho a la paz, la estabilidad y la tranquilidad. \u00a1Que nadie se equivoque!\u00bb, public\u00f3 Maduro en sus redes sociales. La reiterada convocatoria de Maduro ocurre en medio de tensiones pol\u00edticas en el pa\u00eds sudamericano, dado que la coalici\u00f3n opositora Plataforma Unitaria Democr\u00e1tica (PUD) asegura que el excandidato Edmundo Gonz\u00e1lez Urrutia es el \u00abverdadero\u00bb ganador de los comicios y que, supuestamente, jurar\u00e1 el cargo el 10 de enero. La PUD cuenta con el respaldo de varias potencias occidentales, encabezadas por Estados Unidos. En tal sentido, Maduro asegur\u00f3 que los movimientos sociales y pol\u00edticos que le acompa\u00f1an \u00abvamos a mantener la movilizaci\u00f3n permanente, con alegr\u00eda y en distintas modalidades\u00bb, al tiempo que enfatiz\u00f3 que \u00abel 10 de enero estar\u00e1n las fuerzas populares presentes\u00bb. \u00abEste 10 de enero las venezolanas y los venezolanos nos juramentamos con la alegr\u00eda que nos caracterizan por lo nuestro y por la Patria. \u00a1Lo que viene este 2025 es grande!\u00bb, agreg\u00f3 Maduro. El mandatario record\u00f3 que \u00abquienes intentan opacarnos no han podido frenar la fuerza tel\u00farica del pueblo\u00bb e insisti\u00f3 en su llamado al pueblo a movilizarse en defensa del voto.<\/p>\n","protected":false},"excerpt":{"rendered":"<p>diariodominicano.com CARACAS, 28 dic (Xinhua) &#8212; El mandatario venezolano, Nicol\u00e1s Maduro, reiter\u00f3 este s\u00e1bado su convocatoria a las fuerzas populares leales al Gobierno para salir a las calles \u00aben defensa del voto\u00bb, de cara al 10 de enero, fecha en que jurar\u00e1 el cargo como presidente de la Rep\u00fablica para el periodo 2025-2031. \u00abEn cada [&hellip;]<\/p>\n","protected":false},"author":5,"featured_media":276543,"comment_status":"closed","ping_status":"closed","sticky":true,"template":"","format":"standard","meta":{"footnotes":""},"categories":[23,27],"tags":[],"class_list":["post-585925","post","type-post","status-publish","format-standard","has-post-thumbnail","hentry","category-internacional","category-portada"],"_links":{"self":[{"href":"https:\/\/diariodominicano.com\/index.php?rest_route=\/wp\/v2\/posts\/585925","targetHints":{"allow":["GET"]}}],"collection":[{"href":"https:\/\/diariodominicano.com\/index.php?rest_route=\/wp\/v2\/posts"}],"about":[{"href":"https:\/\/diariodominicano.com\/index.php?rest_route=\/wp\/v2\/types\/post"}],"author":[{"embeddable":true,"href":"https:\/\/diariodominicano.com\/index.php?rest_route=\/wp\/v2\/users\/5"}],"replies":[{"embeddable":true,"href":"https:\/\/diariodominicano.com\/index.php?rest_route=%2Fwp%2Fv2%2Fcomments&post=585925"}],"version-history":[{"count":1,"href":"https:\/\/diariodominicano.com\/index.php?rest_route=\/wp\/v2\/posts\/585925\/revisions"}],"predecessor-version":[{"id":585926,"href":"https:\/\/diariodominicano.com\/index.php?rest_route=\/wp\/v2\/posts\/585925\/revisions\/585926"}],"wp:featuredmedia":[{"embeddable":true,"href":"https:\/\/diariodominicano.com\/index.php?rest_route=\/wp\/v2\/media\/276543"}],"wp:attachment":[{"href":"https:\/\/diariodominicano.com\/index.php?rest_route=%2Fwp%2Fv2%2Fmedia&parent=585925"}],"wp:term":[{"taxonomy":"category","embeddable":true,"href":"https:\/\/diariodominicano.com\/index.php?rest_route=%2Fwp%2Fv2%2Fcategories&post=585925"},{"taxonomy":"post_tag","embeddable":true,"href":"https:\/\/diariodominicano.com\/index.php?rest_route=%2Fwp%2Fv2%2Ftags&post=585925"}],"curies":[{"name":"wp","href":"https:\/\/api.w.org\/{rel}","templated":true}]}}