{"id":585919,"date":"2024-12-28T11:33:36","date_gmt":"2024-12-28T15:33:36","guid":{"rendered":"https:\/\/diariodominicano.com\/?p=585919"},"modified":"2024-12-28T11:33:44","modified_gmt":"2024-12-28T15:33:44","slug":"enfrentamientos-entre-fuerzas-fronterizas-de-afganistan-y-pakistan-dejan-19-soldados-paquistanies-y-tres-civiles-afganos-muertos","status":"publish","type":"post","link":"https:\/\/diariodominicano.com\/?p=585919","title":{"rendered":"Enfrentamientos entre fuerzas fronterizas de Afganist\u00e1n y Pakist\u00e1n dejan 19 soldados paquistan\u00edes y tres civiles afganos muertos"},"content":{"rendered":"\n<p>diariodominicano.com<\/p>\n\n\n\n<p>KABUL, 28 dic (Xinhua) &#8212; Fuertes enfrentamientos estallaron entre las fuerzas fronterizas de Afganist\u00e1n y Pakist\u00e1n, con un saldo de 19 soldados paquistan\u00edes y tres civiles afganos muertos, inform\u00f3 hoy s\u00e1bado medios locales. Los feroces enfrentamientos se est\u00e1n produciendo en las provincias orientales afganas de Khost y Paktia, fronterizas con Pakist\u00e1n, inform\u00f3 TOLOnews citando a una fuente del Ministerio de Defensa Nacional. Las fuerzas fronterizas afganas incendiaron varios puestos militares paquistan\u00edes en el distrito de Ali Shir, en la provincia de Khost, y tomaron el control de dos puestos paquistan\u00edes en el distrito de Dand-e-Patan, en la provincia de Paktia. Tres civiles afganos perdieron la vida a causa de proyectiles de mortero disparados por soldados paquistan\u00edes en el distrito de Dand-e-Patan, a\u00f1adi\u00f3 la fuente. Los enfrentamientos se producen tras los ataques a\u00e9reos llevados a cabo por las tropas paquistan\u00edes en la provincia de Paktika el martes por la noche, en los que murieron 51 personas, entre ellas mujeres y ni\u00f1os.<\/p>\n","protected":false},"excerpt":{"rendered":"<p>diariodominicano.com KABUL, 28 dic (Xinhua) &#8212; Fuertes enfrentamientos estallaron entre las fuerzas fronterizas de Afganist\u00e1n y Pakist\u00e1n, con un saldo de 19 soldados paquistan\u00edes y tres civiles afganos muertos, inform\u00f3 hoy s\u00e1bado medios locales. Los feroces enfrentamientos se est\u00e1n produciendo en las provincias orientales afganas de Khost y Paktia, fronterizas con Pakist\u00e1n, inform\u00f3 TOLOnews citando [&hellip;]<\/p>\n","protected":false},"author":5,"featured_media":585920,"comment_status":"closed","ping_status":"closed","sticky":true,"template":"","format":"standard","meta":{"footnotes":""},"categories":[23,27],"tags":[],"class_list":["post-585919","post","type-post","status-publish","format-standard","has-post-thumbnail","hentry","category-internacional","category-portada"],"_links":{"self":[{"href":"https:\/\/diariodominicano.com\/index.php?rest_route=\/wp\/v2\/posts\/585919","targetHints":{"allow":["GET"]}}],"collection":[{"href":"https:\/\/diariodominicano.com\/index.php?rest_route=\/wp\/v2\/posts"}],"about":[{"href":"https:\/\/diariodominicano.com\/index.php?rest_route=\/wp\/v2\/types\/post"}],"author":[{"embeddable":true,"href":"https:\/\/diariodominicano.com\/index.php?rest_route=\/wp\/v2\/users\/5"}],"replies":[{"embeddable":true,"href":"https:\/\/diariodominicano.com\/index.php?rest_route=%2Fwp%2Fv2%2Fcomments&post=585919"}],"version-history":[{"count":1,"href":"https:\/\/diariodominicano.com\/index.php?rest_route=\/wp\/v2\/posts\/585919\/revisions"}],"predecessor-version":[{"id":585921,"href":"https:\/\/diariodominicano.com\/index.php?rest_route=\/wp\/v2\/posts\/585919\/revisions\/585921"}],"wp:featuredmedia":[{"embeddable":true,"href":"https:\/\/diariodominicano.com\/index.php?rest_route=\/wp\/v2\/media\/585920"}],"wp:attachment":[{"href":"https:\/\/diariodominicano.com\/index.php?rest_route=%2Fwp%2Fv2%2Fmedia&parent=585919"}],"wp:term":[{"taxonomy":"category","embeddable":true,"href":"https:\/\/diariodominicano.com\/index.php?rest_route=%2Fwp%2Fv2%2Fcategories&post=585919"},{"taxonomy":"post_tag","embeddable":true,"href":"https:\/\/diariodominicano.com\/index.php?rest_route=%2Fwp%2Fv2%2Ftags&post=585919"}],"curies":[{"name":"wp","href":"https:\/\/api.w.org\/{rel}","templated":true}]}}