{"id":585879,"date":"2024-12-28T00:19:35","date_gmt":"2024-12-28T04:19:35","guid":{"rendered":"https:\/\/diariodominicano.com\/?p=585879"},"modified":"2024-12-28T00:19:43","modified_gmt":"2024-12-28T04:19:43","slug":"presidente-de-alemania-disuelve-parlamento-y-convoca-elecciones-anticipadas-el-23-de-febrero","status":"publish","type":"post","link":"https:\/\/diariodominicano.com\/?p=585879","title":{"rendered":"Presidente de Alemania disuelve parlamento y convoca elecciones anticipadas el 23 de febrero"},"content":{"rendered":"\n<p>El presidente alem\u00e1n, Frank-Walter Steinmeier, anuncia la decisi\u00f3n de disolver el Bundestag alem\u00e1n y programar nuevas elecciones para el 23 de febrero del pr\u00f3ximo a\u00f1o, en Berl\u00edn, el 27 de diciembre de 2024.<\/p>\n\n\n\n<p>diciembre 27, 2024<\/p>\n\n\n\n<ul class=\"wp-block-list\">\n<li><a href=\"https:\/\/www.vozdeamerica.com\/author\/associated-press\/v_kyr\">Associated Press<\/a><\/li>\n<\/ul>\n\n\n\n<ul class=\"wp-block-list\">\n<li><a href=\"https:\/\/facebook.com\/sharer.php?u=https%3a%2f%2fwww.vozdeamerica.com%2fa%2fpresidente-de-alemania-disuelve-parlamento-y-convoca-elecciones-anticipadas-el-23-de-febrero%2f7915715.html\" target=\"_blank\" rel=\"noreferrer noopener\"><\/a><\/li>\n\n\n\n<li><a href=\"https:\/\/twitter.com\/share?url=https%3a%2f%2fwww.vozdeamerica.com%2fa%2fpresidente-de-alemania-disuelve-parlamento-y-convoca-elecciones-anticipadas-el-23-de-febrero%2f7915715.html&amp;text=Presidente+de+Alemania+disuelve+parlamento+y+convoca+elecciones+anticipadas+el+23+de+febrero\" target=\"_blank\" rel=\"noreferrer noopener\"><\/a><\/li>\n\n\n\n<li><\/li>\n\n\n\n<li><a href=\"mailto:?body=https%3a%2f%2fwww.vozdeamerica.com%2fa%2fpresidente-de-alemania-disuelve-parlamento-y-convoca-elecciones-anticipadas-el-23-de-febrero%2f7915715.html&amp;subject=Presidente%20de%20Alemania%20disuelve%20parlamento%20y%20convoca%20elecciones%20anticipadas%20el%2023%20de%20febrero\"><\/a><\/li>\n<\/ul>\n\n\n\n<p><a href=\"https:\/\/www.vozdeamerica.com\/a\/presidente-de-alemania-disuelve-parlamento-y-convoca-elecciones-anticipadas-el-23-de-febrero\/7915715.html#comments\">&nbsp;Vea comentarios<\/a><\/p>\n\n\n\n<p>Despu\u00e9s de perder un voto de confianza, el presidente alem\u00e1n Frank-Walter Steinmeier disolvi\u00f3 el Parlamento y convoc\u00f3 a elecciones adelantadas para el pr\u00f3ximo febrero, siete meses antes de lo previsto.<\/p>\n\n\n\n<p>FR\u00c1NCFORT, Alemania \u2014&nbsp;<\/p>\n\n\n\n<p>El presidente de Alemania, Frank-Walter Steinmeier, orden\u00f3 el viernes la disoluci\u00f3n del parlamento y convoc\u00f3 elecciones anticipadas para el 23 de febrero tras el colapso de la coalici\u00f3n gobernante del canciller, Olaf Scholz.<\/p>\n\n\n\n<p>Scholz perdi\u00f3 un voto de confianza el 16 de diciembre y lidera un gobierno en minor\u00eda despu\u00e9s de que su impopular y notoriamente conflictiva coalici\u00f3n tripartita colaps\u00f3 el 6 de noviembre tras el cese de su ministro de Finanzas en una disputa sobre c\u00f3mo revitalizar la estancada econom\u00eda nacional.<\/p>\n\n\n\n<p>L\u00edderes de varios de los principales partidos acordaron entonces la celebraci\u00f3n de elecciones parlamentarias el 23 de febrero, siete meses antes de lo que estaba previsto.<\/p>\n\n\n\n<p><a href=\"https:\/\/www.vozdeamerica.com\/a\/aumentan-a-cuatro-los-muertos-en-atropello-masivo-en-mercado-navideno-aleman\/7909609.html\"><\/a><\/p>\n\n\n\n<p><a href=\"https:\/\/www.vozdeamerica.com\/a\/aumentan-a-cuatro-los-muertos-en-atropello-masivo-en-mercado-navideno-aleman\/7909609.html\">Tambi\u00e9n lea<\/a><\/p>\n\n\n\n<h4 class=\"wp-block-heading\"><a href=\"https:\/\/www.vozdeamerica.com\/a\/aumentan-a-cuatro-los-muertos-en-atropello-masivo-en-mercado-navideno-aleman\/7909609.html\">Alemanes lamentan los muertos y heridos en aparente ataque a mercado navide\u00f1o<\/a><\/h4>\n\n\n\n<p>Dado que la Constituci\u00f3n, aprobada despu\u00e9s de la Segunda Guerra Mundial, no permite que el Bundestag se autodisuelva, la decisi\u00f3n \u2014 y la convocatoria de los comicios \u2014 estaba en manos de Steinmeier, que ten\u00eda 21 d\u00edas para tomarla.<\/p>\n\n\n\n<p>Una vez disuelto el parlamento, las elecciones deben celebrarse en un plazo de 60 d\u00edas.<\/p>\n\n\n\n<p>En la pr\u00e1ctica, la campa\u00f1a electoral ya est\u00e1 en marcha. Las encuestas muestran que el partido de Scholz va por detr\u00e1s del bloque conservador de la oposici\u00f3n liderado por Friedrich Merz. El vicecanciller Robert Habeck, de los Verdes ambientalistas, el socio restante en el gobierno, tambi\u00e9n aspira al cargo, aunque su partido est\u00e1 m\u00e1s rezagado. Si los sondeos m\u00e1s recientes se mantienen, el probable pr\u00f3ximo gobierno estar\u00eda liderado por<\/p>\n\n\n\n<p>Merz como canciller en coalici\u00f3n con al menos otro partido.<\/p>\n\n\n\n<p>Los temas clave incluyen la inmigraci\u00f3n, c\u00f3mo reactivar una econom\u00eda lenta y c\u00f3mo mejorar la ayuda a Ucrania en su guerra contra Rusia.<\/p>\n\n\n\n<p><a href=\"https:\/\/www.vozdeamerica.com\/a\/airados-trabajadores-de-vw-dan-ultimatum-amenaza-de-escalada-huelgas-en-2025\/7892408.html\"><\/a><\/p>\n\n\n\n<p><a href=\"https:\/\/www.vozdeamerica.com\/a\/airados-trabajadores-de-vw-dan-ultimatum-amenaza-de-escalada-huelgas-en-2025\/7892408.html\">Tambi\u00e9n lea<\/a><\/p>\n\n\n\n<h4 class=\"wp-block-heading\"><a href=\"https:\/\/www.vozdeamerica.com\/a\/airados-trabajadores-de-vw-dan-ultimatum-amenaza-de-escalada-huelgas-en-2025\/7892408.html\">Airados trabajadores de VW dan ultim\u00e1tum con amenaza de escalada de huelgas en 2025<\/a><\/h4>\n\n\n\n<p>El populista y antiinmigraci\u00f3n Alternativa para Alemania, o AfD, que tiene un fuerte apoyo en las encuestas, ha nominado a Alice Weidel como su candidata a canciller, pero no tiene posibilidades de llegar al poder porque otros partidos se niegan a trabajar con ella.<\/p>\n\n\n\n<p>El sistema electoral alem\u00e1n suelen generar coaliciones, y los sondeos muestran que ning\u00fan partido est\u00e1 cerca de una mayor\u00eda absoluta en solitario. Se espera que a los comicios le sigan semanas de negociaciones para la formaci\u00f3n del nuevo ejecutivo.<\/p>\n\n\n\n<p>Es la cuarta vez que el Bundestag se disuelve anticipadamente bajo la Constituci\u00f3n de la posguerra. Ocurri\u00f3 tambi\u00e9n con el canciller Willy Brandt en 1972, con Helmut Kohl en 1982 y con Gerhard Schroeder en 2005. Schroeder utiliz\u00f3 el voto de confianza para propiciar unas elecciones anticipadas en las que Angela Merkel, candidata del centro-derecha, se impuso por un estrecho margen.<\/p>\n","protected":false},"excerpt":{"rendered":"<p>El presidente alem\u00e1n, Frank-Walter Steinmeier, anuncia la decisi\u00f3n de disolver el Bundestag alem\u00e1n y programar nuevas elecciones para el 23 de febrero del pr\u00f3ximo a\u00f1o, en Berl\u00edn, el 27 de diciembre de 2024. diciembre 27, 2024 &nbsp;Vea comentarios Despu\u00e9s de perder un voto de confianza, el presidente alem\u00e1n Frank-Walter Steinmeier disolvi\u00f3 el Parlamento y convoc\u00f3 [&hellip;]<\/p>\n","protected":false},"author":28,"featured_media":585880,"comment_status":"closed","ping_status":"closed","sticky":true,"template":"","format":"standard","meta":{"footnotes":""},"categories":[23,27],"tags":[],"class_list":["post-585879","post","type-post","status-publish","format-standard","has-post-thumbnail","hentry","category-internacional","category-portada"],"_links":{"self":[{"href":"https:\/\/diariodominicano.com\/index.php?rest_route=\/wp\/v2\/posts\/585879","targetHints":{"allow":["GET"]}}],"collection":[{"href":"https:\/\/diariodominicano.com\/index.php?rest_route=\/wp\/v2\/posts"}],"about":[{"href":"https:\/\/diariodominicano.com\/index.php?rest_route=\/wp\/v2\/types\/post"}],"author":[{"embeddable":true,"href":"https:\/\/diariodominicano.com\/index.php?rest_route=\/wp\/v2\/users\/28"}],"replies":[{"embeddable":true,"href":"https:\/\/diariodominicano.com\/index.php?rest_route=%2Fwp%2Fv2%2Fcomments&post=585879"}],"version-history":[{"count":1,"href":"https:\/\/diariodominicano.com\/index.php?rest_route=\/wp\/v2\/posts\/585879\/revisions"}],"predecessor-version":[{"id":585881,"href":"https:\/\/diariodominicano.com\/index.php?rest_route=\/wp\/v2\/posts\/585879\/revisions\/585881"}],"wp:featuredmedia":[{"embeddable":true,"href":"https:\/\/diariodominicano.com\/index.php?rest_route=\/wp\/v2\/media\/585880"}],"wp:attachment":[{"href":"https:\/\/diariodominicano.com\/index.php?rest_route=%2Fwp%2Fv2%2Fmedia&parent=585879"}],"wp:term":[{"taxonomy":"category","embeddable":true,"href":"https:\/\/diariodominicano.com\/index.php?rest_route=%2Fwp%2Fv2%2Fcategories&post=585879"},{"taxonomy":"post_tag","embeddable":true,"href":"https:\/\/diariodominicano.com\/index.php?rest_route=%2Fwp%2Fv2%2Ftags&post=585879"}],"curies":[{"name":"wp","href":"https:\/\/api.w.org\/{rel}","templated":true}]}}