{"id":585869,"date":"2024-12-28T00:06:26","date_gmt":"2024-12-28T04:06:26","guid":{"rendered":"https:\/\/diariodominicano.com\/?p=585869"},"modified":"2024-12-28T00:09:18","modified_gmt":"2024-12-28T04:09:18","slug":"el-numero-de-personas-sin-hogar-en-eeuu-aumenta-un-18","status":"publish","type":"post","link":"https:\/\/diariodominicano.com\/?p=585869","title":{"rendered":"El n\u00famero de personas sin hogar en EEUU aumenta un 18 %"},"content":{"rendered":"\n<p>ARCHIVO &#8211; Un hombre camina frente a un campamento de desamparados en Los \u00c1ngeles, California, el 25 de octubre de 2023.<\/p>\n\n\n\n<p>diciembre 27, 2024<\/p>\n\n\n\n<ul class=\"wp-block-list\">\n<li><a href=\"https:\/\/www.vozdeamerica.com\/author\/reuters\/riv_i\">Reuters<\/a><\/li>\n<\/ul>\n\n\n\n<ul class=\"wp-block-list\">\n<li><a href=\"https:\/\/facebook.com\/sharer.php?u=https%3a%2f%2fwww.vozdeamerica.com%2fa%2fel-numero-de-personas-sin-hogar-en-eeuu-aumenta-un-18-por-ciento%2f7916364.html\" target=\"_blank\" rel=\"noreferrer noopener\"><\/a><\/li>\n\n\n\n<li><a href=\"https:\/\/twitter.com\/share?url=https%3a%2f%2fwww.vozdeamerica.com%2fa%2fel-numero-de-personas-sin-hogar-en-eeuu-aumenta-un-18-por-ciento%2f7916364.html&amp;text=El+n%c3%bamero+de+personas+sin+hogar+en+EEUU+aumenta+un+18+%25\" target=\"_blank\" rel=\"noreferrer noopener\"><\/a><\/li>\n\n\n\n<li><\/li>\n\n\n\n<li><a href=\"mailto:?body=https%3a%2f%2fwww.vozdeamerica.com%2fa%2fel-numero-de-personas-sin-hogar-en-eeuu-aumenta-un-18-por-ciento%2f7916364.html&amp;subject=El%20n%C3%BAmero%20de%20personas%20sin%20hogar%20en%20EEUU%20aumenta%20un%2018%20%\"><\/a><\/li>\n<\/ul>\n\n\n\n<p><a href=\"https:\/\/www.vozdeamerica.com\/a\/el-numero-de-personas-sin-hogar-en-eeuu-aumenta-un-18-por-ciento\/7916364.html#comments\">&nbsp;Vea comentarios<\/a><\/p>\n\n\n\n<p>El problema de las personas sin hogar se ha agravado en EEUU, seg\u00fan un informe del gobierno que atribuye las causas a viviendas inasequibles, la elevada inflaci\u00f3n, el racismo sist\u00e9mico, las cat\u00e1strofes naturales y al aumento de la inmigraci\u00f3n.<\/p>\n\n\n\n<p>WASHINGTON \u2014&nbsp;<\/p>\n\n\n\n<p>El n\u00famero de personas sin hogar en Estados Unidos aument\u00f3 un 18 % en el \u00faltimo a\u00f1o, debido a factores como la vivienda inasequible, la elevada inflaci\u00f3n, el racismo sist\u00e9mico, las cat\u00e1strofes naturales y el aumento de la inmigraci\u00f3n, inform\u00f3 el viernes el Departamento de Vivienda y Desarrollo Urbano.<\/p>\n\n\n\n<p>El problema de las personas sin hogar se ha agravado en EEUU, donde es habitual ver en muchas ciudades a indigentes viviendo a la intemperie, con tiendas de campa\u00f1a instaladas en las aceras. Los gobiernos federal y estatales han impulsado estrategias divergentes para hacer frente a la crisis.<\/p>\n\n\n\n<p>Un total de 771.480 personas , aproximadamente 23 de cada 10.000 habitantes de Estados Unidos, experimentaron la falta de hogar en un refugio de emergencia, un lugar seguro, un programa de alojamiento transitorio o en lugares no protegidos, seg\u00fan los datos publicados el viernes.<\/p>\n\n\n\n<p>En general, el n\u00famero de personas sin hogar aument\u00f3 un 18 % entre 2023 y 2024, mostraron los datos. Los datos anuales anteriores, publicados el a\u00f1o pasado, mostraban un aumento del 12 %.<\/p>\n\n\n\n<figure class=\"wp-block-image\"><img decoding=\"async\" src=\"https:\/\/gdb.voanews.com\/01000000-0aff-0242-6567-08dc58b9138c_tv_w650_r1.jpg\" alt=\"Chicago designa a latina para reducir n\u00famero de desamparados\" title=\"Chicago designa a latina para reducir n\u00famero de desamparados\"\/><\/figure>\n\n\n\n<p><video poster=\"https:\/\/gdb.voanews.com\/01000000-0aff-0242-6567-08dc58b9138c_tv_w650_r1.jpg\" src=\"blob:https:\/\/www.vozdeamerica.com\/0d53675c-5e09-4513-a3a0-c170ebfe1074\" height=\"381\" width=\"676\"><\/video><\/p>\n\n\n\n<p>&nbsp;Insertar&nbsp;share<\/p>\n\n\n\n<h5 class=\"wp-block-heading\"><a href=\"https:\/\/www.vozdeamerica.com\/a\/el-numero-de-personas-sin-hogar-en-eeuu-aumenta-un-18-por-ciento\/7563021.html\" target=\"_blank\" rel=\"noreferrer noopener\">Chicago designa a latina para reducir n\u00famero de desamparados<\/a><\/h5>\n\n\n\n<p>&nbsp;Insertar&nbsp;share<\/p>\n\n\n\n<p>El c\u00f3digo se ha copiado en su portapapeles.<\/p>\n\n\n\n<hr class=\"wp-block-separator has-alpha-channel-opacity\"\/>\n\n\n\n<p>Ancho&nbsp;&nbsp;pxAltura&nbsp;&nbsp;px<\/p>\n\n\n\n<ul class=\"wp-block-list\">\n<li><a href=\"https:\/\/facebook.com\/sharer.php?u=https%3a%2f%2fwww.vozdeamerica.com%2fa%2f7563021.html\" target=\"_blank\" rel=\"noreferrer noopener\">Comparta en Facebook<\/a><\/li>\n\n\n\n<li><a href=\"https:\/\/twitter.com\/share?url=https%3a%2f%2fwww.vozdeamerica.com%2fa%2f7563021.html&amp;text=Chicago+designa+a+latina+para+reducir+n%c3%bamero+de+desamparados\" target=\"_blank\" rel=\"noreferrer noopener\">Comparta en Twitter<\/a><\/li>\n<\/ul>\n\n\n\n<hr class=\"wp-block-separator has-alpha-channel-opacity\"\/>\n\n\n\n<p>The URL has been copied to your clipboard<\/p>\n\n\n\n<ul class=\"wp-block-list\">\n<li>Auto<\/li>\n\n\n\n<li>240p<\/li>\n\n\n\n<li>360p<\/li>\n\n\n\n<li>480p<\/li>\n\n\n\n<li>720p<\/li>\n\n\n\n<li>810p<\/li>\n<\/ul>\n\n\n\n<p>No media source currently available<\/p>\n\n\n\n<p>0:001:330:00<\/p>\n\n\n\n<ul class=\"wp-block-list\">\n<li><\/li>\n\n\n\n<li><\/li>\n\n\n\n<li><\/li>\n\n\n\n<li><\/li>\n\n\n\n<li><\/li>\n\n\n\n<li><\/li>\n<\/ul>\n\n\n\n<p><a href=\"https:\/\/www.vozdeamerica.com\/embed\/player\/Article\/7563021.html?type=video&amp;FullScreenMode=True\" target=\"_blank\" rel=\"noreferrer noopener\"><\/a><\/p>\n\n\n\n<p>&nbsp;Descargar&nbsp;<\/p>\n\n\n\n<p>Entre 2023 y 2024, los menores de 18 a\u00f1os fueron el grupo de edad que experiment\u00f3 el mayor aumento de personas sin hogar, marcando un incremento del 33 % con 150.000 ni\u00f1os experimentando la crisis, seg\u00fan los datos.<\/p>\n\n\n\n<p>Las personas de raza negra, que representaban el 12 % de la poblaci\u00f3n total de Estados Unidos y el 21 % de la poblaci\u00f3n estadounidense que viv\u00eda en la pobreza, representaban el 32 % de todas las personas sin hogar, mostraron los datos.<\/p>\n\n\n\n<p>\u00abEl empeoramiento de nuestra crisis nacional de vivienda asequible, el aumento de la inflaci\u00f3n, el estancamiento de los salarios entre los hogares de ingresos medios y bajos, y los efectos persistentes del racismo sist\u00e9mico han llevado al l\u00edmite los sistemas de servicios para personas sin hogar\u00bb, declar\u00f3 el Departamento de Vivienda y Desarrollo Urbano.<\/p>\n\n\n\n<p>Tambi\u00e9n se\u00f1al\u00f3 \u00abotras crisis de salud p\u00fablica, cat\u00e1strofes naturales que desplazaron a personas de sus hogares, el aumento del n\u00famero de personas que inmigran a Estados Unidos y el fin de los programas de prevenci\u00f3n de la falta de vivienda puestos en marcha durante la pandemia del COVID-19\u00bb.<\/p>\n","protected":false},"excerpt":{"rendered":"<p>ARCHIVO &#8211; Un hombre camina frente a un campamento de desamparados en Los \u00c1ngeles, California, el 25 de octubre de 2023. diciembre 27, 2024 &nbsp;Vea comentarios El problema de las personas sin hogar se ha agravado en EEUU, seg\u00fan un informe del gobierno que atribuye las causas a viviendas inasequibles, la elevada inflaci\u00f3n, el racismo [&hellip;]<\/p>\n","protected":false},"author":28,"featured_media":585872,"comment_status":"closed","ping_status":"closed","sticky":true,"template":"","format":"standard","meta":{"footnotes":""},"categories":[36,23],"tags":[],"class_list":["post-585869","post","type-post","status-publish","format-standard","has-post-thumbnail","hentry","category-hombresmujeresycosas","category-internacional"],"_links":{"self":[{"href":"https:\/\/diariodominicano.com\/index.php?rest_route=\/wp\/v2\/posts\/585869","targetHints":{"allow":["GET"]}}],"collection":[{"href":"https:\/\/diariodominicano.com\/index.php?rest_route=\/wp\/v2\/posts"}],"about":[{"href":"https:\/\/diariodominicano.com\/index.php?rest_route=\/wp\/v2\/types\/post"}],"author":[{"embeddable":true,"href":"https:\/\/diariodominicano.com\/index.php?rest_route=\/wp\/v2\/users\/28"}],"replies":[{"embeddable":true,"href":"https:\/\/diariodominicano.com\/index.php?rest_route=%2Fwp%2Fv2%2Fcomments&post=585869"}],"version-history":[{"count":2,"href":"https:\/\/diariodominicano.com\/index.php?rest_route=\/wp\/v2\/posts\/585869\/revisions"}],"predecessor-version":[{"id":585871,"href":"https:\/\/diariodominicano.com\/index.php?rest_route=\/wp\/v2\/posts\/585869\/revisions\/585871"}],"wp:featuredmedia":[{"embeddable":true,"href":"https:\/\/diariodominicano.com\/index.php?rest_route=\/wp\/v2\/media\/585872"}],"wp:attachment":[{"href":"https:\/\/diariodominicano.com\/index.php?rest_route=%2Fwp%2Fv2%2Fmedia&parent=585869"}],"wp:term":[{"taxonomy":"category","embeddable":true,"href":"https:\/\/diariodominicano.com\/index.php?rest_route=%2Fwp%2Fv2%2Fcategories&post=585869"},{"taxonomy":"post_tag","embeddable":true,"href":"https:\/\/diariodominicano.com\/index.php?rest_route=%2Fwp%2Fv2%2Ftags&post=585869"}],"curies":[{"name":"wp","href":"https:\/\/api.w.org\/{rel}","templated":true}]}}