{"id":585866,"date":"2024-12-28T00:03:05","date_gmt":"2024-12-28T04:03:05","guid":{"rendered":"https:\/\/diariodominicano.com\/?p=585866"},"modified":"2024-12-28T00:03:10","modified_gmt":"2024-12-28T04:03:10","slug":"abuelas-plaza-de-mayo-da-con-nieto-138-y-lo-celebra-como-una-victoria-sobre-plan-de-ajuste-de-milei","status":"publish","type":"post","link":"https:\/\/diariodominicano.com\/?p=585866","title":{"rendered":"Abuelas Plaza de Mayo da con nieto 138 y lo celebra como una victoria sobre plan de ajuste de Milei"},"content":{"rendered":"\n<p>Taty Almeida, segunda a la derecha, integrante de Madres de Plaza de Mayo, se suma a una protesta frente a la Secretar\u00eda de Derechos Humanos contra los despidos del gobierno de Javier Milei, en Buenos Aires, Argentina, el viernes 27 de diciembre de 2024.<\/p>\n\n\n\n<p>diciembre 27, 2024<\/p>\n\n\n\n<ul class=\"wp-block-list\">\n<li><a href=\"https:\/\/www.vozdeamerica.com\/author\/associated-press\/v_kyr\">Associated Press<\/a><\/li>\n<\/ul>\n\n\n\n<ul class=\"wp-block-list\">\n<li><a href=\"https:\/\/facebook.com\/sharer.php?u=https%3a%2f%2fwww.vozdeamerica.com%2fa%2fabuelas-plaza-de-mayo-da-con-nieto-138-y-lo-celebra-como-una-victoria-sobre-milei%2f7916720.html\" target=\"_blank\" rel=\"noreferrer noopener\"><\/a><\/li>\n\n\n\n<li><a href=\"https:\/\/twitter.com\/share?url=https%3a%2f%2fwww.vozdeamerica.com%2fa%2fabuelas-plaza-de-mayo-da-con-nieto-138-y-lo-celebra-como-una-victoria-sobre-milei%2f7916720.html&amp;text=Abuelas+Plaza+de+Mayo+da+con+nieto+138+y+lo+celebra+como+una+victoria+sobre+plan+de+ajuste+de+Milei\" target=\"_blank\" rel=\"noreferrer noopener\"><\/a><\/li>\n\n\n\n<li><\/li>\n\n\n\n<li><a href=\"mailto:?body=https%3a%2f%2fwww.vozdeamerica.com%2fa%2fabuelas-plaza-de-mayo-da-con-nieto-138-y-lo-celebra-como-una-victoria-sobre-milei%2f7916720.html&amp;subject=Abuelas%20Plaza%20de%20Mayo%20da%20con%20nieto%20138%20y%20lo%20celebra%20como%20una%20victoria%20sobre%20plan%20de%20ajuste%20de%20Milei\"><\/a><\/li>\n<\/ul>\n\n\n\n<p><a href=\"https:\/\/www.vozdeamerica.com\/a\/abuelas-plaza-de-mayo-da-con-nieto-138-y-lo-celebra-como-una-victoria-sobre-milei\/7916720.html#comments\">&nbsp;Vea comentarios<\/a><\/p>\n\n\n\n<p>Abuelas de Plaza de Mayo logr\u00f3 restituir la identidad del nieto 138, hijo de dos desaparecidos durante la dictadura militar en Argentina. El anuncio coincidi\u00f3 con recortes de presupuesto en la secretar\u00eda de Derechos Humanos implementados por el gobierno de Javier Milei.<\/p>\n\n\n\n<p>BUENOS AIRES \u2014&nbsp;<\/p>\n\n\n\n<p>Abuelas de Plaza de Mayo anunci\u00f3 el viernes la restituci\u00f3n de la identidad del nieto 138 apropiado durante la \u00faltima dictadura militar en Argentina (1976-1983) y lo celebr\u00f3 como una victoria contra las pol\u00edticas de ajuste del presidente ultraderechista Javier Milei en el \u00e1rea de derechos humanos.<\/p>\n\n\n\n<p>\u201cEsta restituci\u00f3n es, una vez m\u00e1s, la muestra de las consecuencias del terrorismo de Estado en el presente y, tambi\u00e9n, de la necesidad de dar centralidad a las pol\u00edticas de derechos humanos para que los delitos de lesa humanidad cesen\u201d, expres\u00f3 la entidad en un comunicado.<\/p>\n\n\n\n<p>Su titular, Estela de Carlotto, detall\u00f3 en rueda de prensa que el nieto encontrado es hijo de Marta Enriqueta Pourtal\u00e9 y Juan Carlos Villamayor, dos militantes de Montoneros, el brazo armado del peronismo de izquierda, que figuran en la n\u00f3mina de desaparecidos durante el r\u00e9gimen.<\/p>\n\n\n\n<p>Pourtal\u00e9 transitaba un embarazo de ocho meses y medio cuando junto a su pareja fueron secuestrados por agentes de civil el 10 de diciembre de 1976 y trasladados a la Escuela de Mec\u00e1nica de la Armada (ESMA), considerado el principal centro clandestino de detenci\u00f3n y tortura durante el r\u00e9gimen.<\/p>\n\n\n\n<p>Se sospecha que Pourtal\u00e9 dio a luz en la ESMA a \u201cManuel\u201d, como pensaban llamar a su bebe, y luego fue ejecutada. Nada m\u00e1s se supo del ni\u00f1o.<\/p>\n\n\n\n<p>Los familiares de Pourtal\u00e9 y Villamayor denunciaron el caso ante la Comisi\u00f3n Interamericana de Derechos Humanos (CIDH) y tras el retorno de la democracia la investigaci\u00f3n estuvo a cargo de la Comisi\u00f3n Nacional por el Derecho a la Identidad (CoNaDI).<\/p>\n\n\n\n<p><a href=\"https:\/\/www.vozdeamerica.com\/a\/milei-baja-21-18-a%C3%B1os-edad-minima-para-libre-portacion-armas-argentina\/7896684.html\"><\/a><\/p>\n\n\n\n<p><a href=\"https:\/\/www.vozdeamerica.com\/a\/milei-baja-21-18-a%C3%B1os-edad-minima-para-libre-portacion-armas-argentina\/7896684.html\">Tambi\u00e9n lea<\/a><\/p>\n\n\n\n<h4 class=\"wp-block-heading\"><a href=\"https:\/\/www.vozdeamerica.com\/a\/milei-baja-21-18-a%C3%B1os-edad-minima-para-libre-portacion-armas-argentina\/7896684.html\">Milei baja de 21 a 18 a\u00f1os la edad m\u00ednima para la libre portaci\u00f3n de armas en Argentina<\/a><\/h4>\n\n\n\n<p>Recientemente, la justicia convoc\u00f3 a un hombre a realizarse el estudio de ADN y los datos fueron cotejados con las muestras de la familia biol\u00f3gicas almacenados en el Banco Nacional de Datos Gen\u00e9ticos para corroborar su identidad.<\/p>\n\n\n\n<p>El nieto no estuvo presente en la conferencia y Abuelas no dio a conocer el nombre con el cual vivi\u00f3 hasta este momento ni revel\u00f3 datos sobre su crianza.<\/p>\n\n\n\n<p>La justicia argentina concluy\u00f3 que la dictadura militar ejecut\u00f3 un plan sistem\u00e1tico de robo y adopci\u00f3n ilegal de ni\u00f1os nacidos durante el cautiverio de sus madres detenidas. Los reci\u00e9n nacidos por lo general fueron entregados a miembros de las Fuerzas Armadas, que los inscribieron en el registro civil como propios.<\/p>\n\n\n\n<p>Seg\u00fan Abuelas, 500 fueron los apropiados.<\/p>\n\n\n\n<p>\u201cFaltan muchos por encontrar, pero sumar uno ayuda a seguir sumando en el futuro. Hay que tener fe\u201d, expres\u00f3 Carlotto.<\/p>\n\n\n\n<p>El anuncio de la aparici\u00f3n del nieto 138 coincidi\u00f3 con una nueva ola de despidos y recorte de presupuesto en la secretar\u00eda de derechos humanos, como parte del&nbsp;<em><strong><a href=\"https:\/\/www.vozdeamerica.com\/a\/ajustar-lo-que-se-pueda-pese-a-desaceleracion-argentinos-aun-sufren-embates-de-alta-inflacion\/7817382.html\" target=\"_blank\" rel=\"noreferrer noopener\">plan de ajuste del Estado que ha implementado Milei&nbsp;<\/a><\/strong><\/em>en su primer a\u00f1o de gobierno.<\/p>\n\n\n\n<p>Los organismos de derechos humanos denuncian que estos recortes ponen en riesgo las pol\u00edticas de memoria, verdad y justicia de lo sucedido durante una de las dictaduras m\u00e1s sangrientas de Latinoam\u00e9rica y advierten sobre las posiciones negacionistas del gobierno de Milei.<\/p>\n\n\n\n<p>Desde el ministerio de Justicia, que tiene bajo su \u00f3rbita a la secretar\u00eda de derechos humanos, argumentaron que hab\u00eda un exceso de personal y que la mayor\u00eda de los despedidos eran militantes del \u00faltimo gobierno de centro-izquierda de Alberto Fern\u00e1ndez (2019-2023).<\/p>\n\n\n\n<p>\u201cDesde Abuelas pedimos que se sostenga el trabajo de la Secretar\u00eda de Derechos Humanos de la Naci\u00f3n, una herramienta imprescindible para la defensa de estos derechos fundamentales\u201d, sostuvo la organizaci\u00f3n. \u201cY a todos y todas les decimos que seguiremos trabajando para encontrar a los 300 nietos y nietas que a\u00fan nos faltan\u201d.<\/p>\n","protected":false},"excerpt":{"rendered":"<p>Taty Almeida, segunda a la derecha, integrante de Madres de Plaza de Mayo, se suma a una protesta frente a la Secretar\u00eda de Derechos Humanos contra los despidos del gobierno de Javier Milei, en Buenos Aires, Argentina, el viernes 27 de diciembre de 2024. diciembre 27, 2024 &nbsp;Vea comentarios Abuelas de Plaza de Mayo logr\u00f3 [&hellip;]<\/p>\n","protected":false},"author":28,"featured_media":585867,"comment_status":"closed","ping_status":"closed","sticky":true,"template":"","format":"standard","meta":{"footnotes":""},"categories":[36,23],"tags":[],"class_list":["post-585866","post","type-post","status-publish","format-standard","has-post-thumbnail","hentry","category-hombresmujeresycosas","category-internacional"],"_links":{"self":[{"href":"https:\/\/diariodominicano.com\/index.php?rest_route=\/wp\/v2\/posts\/585866","targetHints":{"allow":["GET"]}}],"collection":[{"href":"https:\/\/diariodominicano.com\/index.php?rest_route=\/wp\/v2\/posts"}],"about":[{"href":"https:\/\/diariodominicano.com\/index.php?rest_route=\/wp\/v2\/types\/post"}],"author":[{"embeddable":true,"href":"https:\/\/diariodominicano.com\/index.php?rest_route=\/wp\/v2\/users\/28"}],"replies":[{"embeddable":true,"href":"https:\/\/diariodominicano.com\/index.php?rest_route=%2Fwp%2Fv2%2Fcomments&post=585866"}],"version-history":[{"count":1,"href":"https:\/\/diariodominicano.com\/index.php?rest_route=\/wp\/v2\/posts\/585866\/revisions"}],"predecessor-version":[{"id":585868,"href":"https:\/\/diariodominicano.com\/index.php?rest_route=\/wp\/v2\/posts\/585866\/revisions\/585868"}],"wp:featuredmedia":[{"embeddable":true,"href":"https:\/\/diariodominicano.com\/index.php?rest_route=\/wp\/v2\/media\/585867"}],"wp:attachment":[{"href":"https:\/\/diariodominicano.com\/index.php?rest_route=%2Fwp%2Fv2%2Fmedia&parent=585866"}],"wp:term":[{"taxonomy":"category","embeddable":true,"href":"https:\/\/diariodominicano.com\/index.php?rest_route=%2Fwp%2Fv2%2Fcategories&post=585866"},{"taxonomy":"post_tag","embeddable":true,"href":"https:\/\/diariodominicano.com\/index.php?rest_route=%2Fwp%2Fv2%2Ftags&post=585866"}],"curies":[{"name":"wp","href":"https:\/\/api.w.org\/{rel}","templated":true}]}}