{"id":585809,"date":"2024-12-27T16:21:28","date_gmt":"2024-12-27T20:21:28","guid":{"rendered":"https:\/\/diariodominicano.com\/?p=585809"},"modified":"2024-12-27T16:21:37","modified_gmt":"2024-12-27T20:21:37","slug":"presentan-acusaciones-formales-contra-hombre-tras-prender-fuego-a-mujer-dentro-del-metro-de-nueva-york","status":"publish","type":"post","link":"https:\/\/diariodominicano.com\/?p=585809","title":{"rendered":"Presentan acusaciones formales contra hombre tras prender fuego a mujer dentro del metro de Nueva York"},"content":{"rendered":"\n<p>diariodominicano.com<\/p>\n\n\n\n<p>NUEVA YORK, 27 dic (Xinhua) &#8212; El hombre acusado de prender fuego a una mujer que iba dormida y causarle la muerte en un tren del metro de la ciudad de Nueva York fue acusado de manera formal de homicidio e incendio intencionado, dijo hoy un fiscal, mientras las autoridades siguen trabajando para confirmar la identidad de la v\u00edctima. \u00abLa acusaci\u00f3n formal se produce d\u00edas despu\u00e9s de la detenci\u00f3n de Sebasti\u00e1n Zapeta y del posterior interrogatorio de la polic\u00eda, en el que las autoridades dijeron que \u00e9l (Zapeta) hab\u00eda afirmado que no sab\u00eda lo que ocurri\u00f3, pero se identific\u00f3 en las fotograf\u00edas y en el video de vigilancia que mostr\u00f3 cuando se prendi\u00f3 el fuego\u00bb, indic\u00f3 The Associated Press. El fiscal de distrito de Brooklyn, Eric Gonz\u00e1lez, dijo a los reporteros que la acusaci\u00f3n formal ser\u00e1 dada a conocer el 7 de enero y que Zapeta fue acusado de m\u00faltiples cargos de homicidio, as\u00ed como de incendio intencionado. La acusaci\u00f3n m\u00e1s seria implica una condena m\u00e1xima de cadena perpetua sin libertad condicional. \u00abEste fue un acto malicioso. Una mujer vulnerable, que estaba durmiendo, en nuestro sistema de metro\u00bb, dijo Gonz\u00e1lez.<\/p>\n","protected":false},"excerpt":{"rendered":"<p>diariodominicano.com NUEVA YORK, 27 dic (Xinhua) &#8212; El hombre acusado de prender fuego a una mujer que iba dormida y causarle la muerte en un tren del metro de la ciudad de Nueva York fue acusado de manera formal de homicidio e incendio intencionado, dijo hoy un fiscal, mientras las autoridades siguen trabajando para confirmar [&hellip;]<\/p>\n","protected":false},"author":5,"featured_media":585810,"comment_status":"closed","ping_status":"closed","sticky":true,"template":"","format":"standard","meta":{"footnotes":""},"categories":[23,27],"tags":[],"class_list":["post-585809","post","type-post","status-publish","format-standard","has-post-thumbnail","hentry","category-internacional","category-portada"],"_links":{"self":[{"href":"https:\/\/diariodominicano.com\/index.php?rest_route=\/wp\/v2\/posts\/585809","targetHints":{"allow":["GET"]}}],"collection":[{"href":"https:\/\/diariodominicano.com\/index.php?rest_route=\/wp\/v2\/posts"}],"about":[{"href":"https:\/\/diariodominicano.com\/index.php?rest_route=\/wp\/v2\/types\/post"}],"author":[{"embeddable":true,"href":"https:\/\/diariodominicano.com\/index.php?rest_route=\/wp\/v2\/users\/5"}],"replies":[{"embeddable":true,"href":"https:\/\/diariodominicano.com\/index.php?rest_route=%2Fwp%2Fv2%2Fcomments&post=585809"}],"version-history":[{"count":1,"href":"https:\/\/diariodominicano.com\/index.php?rest_route=\/wp\/v2\/posts\/585809\/revisions"}],"predecessor-version":[{"id":585811,"href":"https:\/\/diariodominicano.com\/index.php?rest_route=\/wp\/v2\/posts\/585809\/revisions\/585811"}],"wp:featuredmedia":[{"embeddable":true,"href":"https:\/\/diariodominicano.com\/index.php?rest_route=\/wp\/v2\/media\/585810"}],"wp:attachment":[{"href":"https:\/\/diariodominicano.com\/index.php?rest_route=%2Fwp%2Fv2%2Fmedia&parent=585809"}],"wp:term":[{"taxonomy":"category","embeddable":true,"href":"https:\/\/diariodominicano.com\/index.php?rest_route=%2Fwp%2Fv2%2Fcategories&post=585809"},{"taxonomy":"post_tag","embeddable":true,"href":"https:\/\/diariodominicano.com\/index.php?rest_route=%2Fwp%2Fv2%2Ftags&post=585809"}],"curies":[{"name":"wp","href":"https:\/\/api.w.org\/{rel}","templated":true}]}}